{"id":94492,"date":"2026-01-04T20:06:06","date_gmt":"2026-01-04T20:06:06","guid":{"rendered":"https:\/\/www.europesays.com\/lv\/94492\/"},"modified":"2026-01-04T20:06:06","modified_gmt":"2026-01-04T20:06:06","slug":"latvijas-skrejeji-gadu-nosledz-ar-personigiem-rekordiem-francija-un-spanija-lente-lv","status":"publish","type":"post","link":"https:\/\/www.europesays.com\/lv\/94492\/","title":{"rendered":"Latvijas skr\u0113j\u0113ji gadu nosl\u0113dz ar person\u012bgiem rekordiem Francij\u0101 un Sp\u0101nij\u0101\u00a0\u2014\u00a0Lente.lv"},"content":{"rendered":"<p>Pan\u0101kumi Vecgada skr\u0113jienos<\/p>\n<p>Latvijas garo distan\u010du skr\u0113j\u0113ji 2025. gada izska\u0146\u0101 guvu\u0161i iev\u0113rojamus pan\u0101kumus tradicion\u0101lajos Vecgada skr\u0113jienos, kas norisin\u0101j\u0101s Francij\u0101 un Sp\u0101nij\u0101. Vair\u0101kiem sportistiem izdevies sasniegt jaunus person\u012bgos rekordus, apliecinot augsto sagatavot\u012bbas l\u012bmeni un veiksm\u012bgi nosl\u0113dzot sacens\u012bbu sezonu.<\/p>\n<p>Izcilie rezult\u0101ti Francij\u0101<\/p>\n<p>Sacens\u012bb\u0101s &#8220;Corride de Huilles&#8221; Francij\u0101, kas notika 21. decembr\u012b, U\u0123is Jocis 10 kilometru distanci veica ar jaunu person\u012bgo rekordu \u2013 29 min\u016bt\u0113m un 48 sekund\u0113m, izc\u012bnot 25. vietu.<\/p>\n<p>Pan\u0101kumi Sp\u0101nijas tras\u0113s<\/p>\n<p>Sp\u0101nij\u0101 Latvijas skr\u0113j\u0113ji start\u0113ja divos atsevi\u0161\u0137os skr\u0113jienos. Jau 26. decembr\u012b Masnou pils\u0113t\u0101 notiku\u0161aj\u0101 5 km skr\u0113jien\u0101 Dmitrijs Serjogins fini\u0161\u0113ja pirmais ar rezult\u0101tu 14:37. Roberts Aleksis Glazers \u0161aj\u0101 distanc\u0113 sasniedza jaunu person\u012bgo rekordu \u2013 15:08, ie\u0146emot astoto vietu. Marks Kornets distanci veica 18:41, ierindojoties 158. viet\u0101. Kitija Valtere 5 km skr\u0113jien\u0101 uzst\u0101d\u012bja jaunu person\u012bgo rekordu \u2013 17:37, kas \u013c\u0101va izc\u012bn\u012bt piekto vietu d\u0101mu konkurenc\u0113.<\/p>\n<p>Barselonas &#8220;Cursa del Nassos&#8221;<\/p>\n<p>31. decembr\u012b tradicion\u0101laj\u0101 Barselonas skr\u0113jien\u0101 &#8220;Cursa del Nassos&#8221; Dmitrijs Serjogins 10 km distanc\u0113 uzr\u0101d\u012bja dev\u012bto rezult\u0101tu \u2013 29:28, kas ir vi\u0146a lab\u0101kais rezult\u0101ts 2025. gad\u0101. Kristaps V\u0113j\u0161-\u0100boli\u0146\u0161 ar\u012b sasniedza jaunu person\u012bgo rekordu, distanci veicot 31:18 un ierindojoties 54. viet\u0101. Kitija Valtere 10 km skr\u0113jien\u0101 atkal laboja savu person\u012bgo rekordu, fini\u0161\u0113jot p\u0113c 36:16 un ie\u0146emot 14. vietu d\u0101mu konkurenc\u0113. Savuk\u0101rt 5 km distanc\u0113 Roberts Aleksis Glazers v\u0113lreiz apliecin\u0101ja savu izcil\u012bbu, labojot person\u012bgo rekordu l\u012bdz 14:38 un ieg\u016bstot 30. vietu.<\/p>\n<p>Sezonas nosl\u0113gums<\/p>\n<p>\u0160ie starti iez\u012bm\u0113 veiksm\u012bgu 2025. gada sacens\u012bbu sezonas nosl\u0113gumu Latvijas vieglatl\u0113tiem. Sportisti demonstr\u0113ju\u0161i gan sp\u0113ku, gan iztur\u012bbu, gan ar\u012b sp\u0113ju uzlabot savus rezult\u0101tus presti\u017eos starptautiskos skr\u0113jienos.<\/p>\n","protected":false},"excerpt":{"rendered":"Pan\u0101kumi Vecgada skr\u0113jienos Latvijas garo distan\u010du skr\u0113j\u0113ji 2025. gada izska\u0146\u0101 guvu\u0161i iev\u0113rojamus pan\u0101kumus tradicion\u0101lajos Vecgada skr\u0113jienos, kas norisin\u0101j\u0101s&hellip;\n","protected":false},"author":2,"featured_media":94493,"comment_status":"","ping_status":"","sticky":false,"template":"","format":"standard","meta":{"footnotes":""},"categories":[17],"tags":[1309,35,39,38,36,37,34,40,13578,23593,1670,67],"class_list":{"0":"post-94492","1":"post","2":"type-post","3":"status-publish","4":"format-standard","5":"has-post-thumbnail","7":"category-sports","8":"tag-francija","9":"tag-latvia","10":"tag-latvian","11":"tag-latviesu","12":"tag-latviesu-valoda","13":"tag-latviesuvaloda","14":"tag-latvija","15":"tag-lv","16":"tag-rekordi","17":"tag-skrejeji","18":"tag-spanija","19":"tag-sports"},"share_on_mastodon":{"url":"https:\/\/pubeurope.com\/@lv\/115838634123050786","error":""},"_links":{"self":[{"href":"https:\/\/www.europesays.com\/lv\/wp-json\/wp\/v2\/posts\/94492","targetHints":{"allow":["GET"]}}],"collection":[{"href":"https:\/\/www.europesays.com\/lv\/wp-json\/wp\/v2\/posts"}],"about":[{"href":"https:\/\/www.europesays.com\/lv\/wp-json\/wp\/v2\/types\/post"}],"author":[{"embeddable":true,"href":"https:\/\/www.europesays.com\/lv\/wp-json\/wp\/v2\/users\/2"}],"replies":[{"embeddable":true,"href":"https:\/\/www.europesays.com\/lv\/wp-json\/wp\/v2\/comments?post=94492"}],"version-history":[{"count":0,"href":"https:\/\/www.europesays.com\/lv\/wp-json\/wp\/v2\/posts\/94492\/revisions"}],"wp:featuredmedia":[{"embeddable":true,"href":"https:\/\/www.europesays.com\/lv\/wp-json\/wp\/v2\/media\/94493"}],"wp:attachment":[{"href":"https:\/\/www.europesays.com\/lv\/wp-json\/wp\/v2\/media?parent=94492"}],"wp:term":[{"taxonomy":"category","embeddable":true,"href":"https:\/\/www.europesays.com\/lv\/wp-json\/wp\/v2\/categories?post=94492"},{"taxonomy":"post_tag","embeddable":true,"href":"https:\/\/www.europesays.com\/lv\/wp-json\/wp\/v2\/tags?post=94492"}],"curies":[{"name":"wp","href":"https:\/\/api.w.org\/{rel}","templated":true}]}}