{"id":94519,"date":"2026-01-04T20:53:07","date_gmt":"2026-01-04T20:53:07","guid":{"rendered":"https:\/\/www.europesays.com\/lv\/94519\/"},"modified":"2026-01-04T20:53:07","modified_gmt":"2026-01-04T20:53:07","slug":"maduro-aizturesana-armija-nostajas-rodrigesas-puse-tramps-draud-ar-sekam-nesadarbojoties","status":"publish","type":"post","link":"https:\/\/www.europesays.com\/lv\/94519\/","title":{"rendered":"Maduro aiztur\u0113\u0161ana: armija nost\u0101jas Rodrigesas pus\u0113, Tramps draud ar sek\u0101m nesadarbojoties"},"content":{"rendered":"<p>Vienlaikus aizsardz\u012bbas ministrs asi nosod\u012bja ASV milit\u0101ro oper\u0101ciju, kuras laik\u0101 tika aiztur\u0113ts Maduro un vi\u0146a sieva Silija Floresa. Padrino to nod\u0113v\u0113ja par \u201cg\u013c\u0113vu nolaup\u012b\u0161anu\u201d un apgalvoja, ka oper\u0101cijas laik\u0101 nogalin\u0101ta \u201cliela da\u013ca prezidenta dro\u0161\u012bbas komandas, karav\u012bri un nevain\u012bgi civiliedz\u012bvot\u0101ji\u201d.<\/p>\n<p>\u201cVenecu\u0113las bru\u0146otie sp\u0113ki stingri noraida \u0161o g\u013c\u0113vo nolaup\u012b\u0161anu p\u0113c aukstasin\u012bgas slepkav\u012bbas, kur\u0101 g\u0101ja boj\u0101 prezidenta apsardze, karav\u012bri un civiliedz\u012bvot\u0101ji,\u201d sac\u012bja Padrino.<\/p>\n<p>Iepriek\u0161 laikraksts \u201cThe New York Times\u201d zi\u0146oja, ka trieciena laik\u0101 tika skarts daudzdz\u012bvok\u013cu nams un boj\u0101 g\u0101ju\u0161i vismaz 40 cilv\u0113ki, tom\u0113r BBC nor\u0101da, ka \u0161os datus nav izdevies neatkar\u012bgi apstiprin\u0101t.<\/p>\n<p>Aicin\u0101jums saglab\u0101t mieru<\/p>\n<p>Venecu\u0113las aizsardz\u012bbas ministrs uzrun\u0101 aicin\u0101ja iedz\u012bvot\u0101jus saglab\u0101t mieru un atgriezties ikdienas dz\u012bv\u0113.<\/p>\n<p>\u201cTam, kas \u0161odien notiek Venecu\u0113l\u0101, var sekot jebkura valsts vai vald\u012bba,\u201d sac\u012bja Padrino, vienlaikus mudinot iedz\u012bvot\u0101jus \u201cats\u0101kt norm\u0101las darba, tirdzniec\u012bbas un izgl\u012bt\u012bbas aktivit\u0101tes\u201d.<\/p>\n<p>ASV: sarunas ar Rodrigesu un draudi<\/p>\n<p>ASV iek\u0161zemes dro\u0161\u012bbas ministre Kristi Noema intervij\u0101 \u201cFox News\u201d apstiprin\u0101ja, ka ASV prezidents Donalds Tramps jau uztur tie\u0161as sarunas ar Venecu\u0113las pagaidu prezidenti Delsiju Rodrigesu.<\/p>\n<p class=\"ad-desc ad-desc-main\">Saturs turpin\u0101s p\u0113c rekl\u0101mas<\/p>\n<p class=\"ad-desc ad-desc-sec\">Rekl\u0101ma<\/p>\n<p>\u201c\u0160\u012bs sarunas ir \u013coti lieti\u0161\u0137as un \u013coti skaidras,\u201d sac\u012bja Noema. \u201cTu vari vad\u012bt valsti vai ar\u012b vari paiet mal\u0101. M\u0113s ne\u013causim turpin\u0101t graut Amerikas ietekmi.\u201d<\/p>\n<p>Uz jaut\u0101jumu par iesp\u0113jamo Maduro izdo\u0161anu p\u0113c tiesas procesa Noema atbild\u0113ja: \u201cMums j\u0101\u013cauj procesam rit\u0113t savu gaitu.\u201d<\/p>\n<p>Savuk\u0101rt intervij\u0101 \u017eurn\u0101lam \u201cThe Atlantic\u201d Tramps izteic\u0101s v\u0113l as\u0101k, br\u012bdinot Rodrigesu par sek\u0101m, ja vi\u0146a nesadarbosies ar Va\u0161ingtonu.<\/p>\n<p>\u201cJa vi\u0146a nedar\u012bs to, kas ir pareizi, vi\u0146a samaks\u0101s \u013coti augstu cenu \u2013 iesp\u0113jams, pat augst\u0101ku nek\u0101 Maduro,\u201d sac\u012bja Tramps.<\/p>\n<p>Run\u0101jot par Venecu\u0113las n\u0101kotni, vi\u0146\u0161 piebilda: \u201cRe\u017e\u012bma mai\u0146a \u2013 sauciet to, k\u0101 gribat \u2013 ir lab\u0101ka par to, kas tur ir tagad. Slikt\u0101k jau vairs nevar b\u016bt.\u201d<\/p>\n","protected":false},"excerpt":{"rendered":"Vienlaikus aizsardz\u012bbas ministrs asi nosod\u012bja ASV milit\u0101ro oper\u0101ciju, kuras laik\u0101 tika aiztur\u0113ts Maduro un vi\u0146a sieva Silija Floresa.&hellip;\n","protected":false},"author":2,"featured_media":94520,"comment_status":"","ping_status":"","sticky":false,"template":"","format":"standard","meta":{"footnotes":""},"categories":[19],"tags":[23440,89,90,35,39,38,36,37,34,40],"class_list":{"0":"post-94519","1":"post","2":"type-post","3":"status-publish","4":"format-standard","5":"has-post-thumbnail","7":"category-izklaide","8":"tag-asvdonalds-trampsnikolass-madurovenecuela","9":"tag-entertainment","10":"tag-izklaide","11":"tag-latvia","12":"tag-latvian","13":"tag-latviesu","14":"tag-latviesu-valoda","15":"tag-latviesuvaloda","16":"tag-latvija","17":"tag-lv"},"share_on_mastodon":{"url":"https:\/\/pubeurope.com\/@lv\/115838818906324466","error":""},"_links":{"self":[{"href":"https:\/\/www.europesays.com\/lv\/wp-json\/wp\/v2\/posts\/94519","targetHints":{"allow":["GET"]}}],"collection":[{"href":"https:\/\/www.europesays.com\/lv\/wp-json\/wp\/v2\/posts"}],"about":[{"href":"https:\/\/www.europesays.com\/lv\/wp-json\/wp\/v2\/types\/post"}],"author":[{"embeddable":true,"href":"https:\/\/www.europesays.com\/lv\/wp-json\/wp\/v2\/users\/2"}],"replies":[{"embeddable":true,"href":"https:\/\/www.europesays.com\/lv\/wp-json\/wp\/v2\/comments?post=94519"}],"version-history":[{"count":0,"href":"https:\/\/www.europesays.com\/lv\/wp-json\/wp\/v2\/posts\/94519\/revisions"}],"wp:featuredmedia":[{"embeddable":true,"href":"https:\/\/www.europesays.com\/lv\/wp-json\/wp\/v2\/media\/94520"}],"wp:attachment":[{"href":"https:\/\/www.europesays.com\/lv\/wp-json\/wp\/v2\/media?parent=94519"}],"wp:term":[{"taxonomy":"category","embeddable":true,"href":"https:\/\/www.europesays.com\/lv\/wp-json\/wp\/v2\/categories?post=94519"},{"taxonomy":"post_tag","embeddable":true,"href":"https:\/\/www.europesays.com\/lv\/wp-json\/wp\/v2\/tags?post=94519"}],"curies":[{"name":"wp","href":"https:\/\/api.w.org\/{rel}","templated":true}]}}