{"id":94521,"date":"2026-01-04T20:58:34","date_gmt":"2026-01-04T20:58:34","guid":{"rendered":"https:\/\/www.europesays.com\/lv\/94521\/"},"modified":"2026-01-04T20:58:34","modified_gmt":"2026-01-04T20:58:34","slug":"spried-ar-delfi-cik-darbigas-garas-svetku-brivdienas-bijusas-operativajiem-dienestiem","status":"publish","type":"post","link":"https:\/\/www.europesays.com\/lv\/94521\/","title":{"rendered":"&#8220;Spried ar Delfi&#8221;, cik darb\u012bgas gar\u0101s sv\u0113tku br\u012bvdienas biju\u0161as operat\u012bvajiem dienestiem"},"content":{"rendered":"<p>V\u0113l pirms garaj\u0101m decembra nogales sv\u0113tku br\u012bvdien\u0101m operat\u012bvie dienesti nor\u0101d\u012bja, ka sv\u0113tku laiks ik gadu saist\u0101s ar\u012b ar paaugstin\u0101tu nelaimes gad\u012bjumu skaitu, un aicin\u0101ja iedz\u012bvot\u0101jus atcer\u0113ties, ka &#8220;dro\u0161i sv\u0113tki s\u0101kas ar katra pa\u0161a r\u012bc\u012bbu&#8221;. Tom\u0113r dati liecina, ka ar\u012b \u0161oreiz da\u013ca iedz\u012bvot\u0101ju dienestu aicin\u0101jumus nav \u0146\u0113musi v\u0113r\u0101. Cik daudz darba operat\u012bvajiem dienestiem bijis \u0161aj\u0101s sv\u0113tku br\u012bvdien\u0101s? K\u0101di biju\u0161i bie\u017e\u0101kie izsaukumi? Kas l\u012bdz \u0161im zin\u0101ms par g\u0101zes spr\u0101dzienu Tor\u0146akaln\u0101? Un vai iedz\u012bvot\u0101ji decembra nogales br\u012bvdienas kopum\u0101 pavad\u012bju\u0161i atbild\u012bg\u0101k nek\u0101 iepriek\u0161\u0113jos gados? Par \u0161iem un citiem jaut\u0101jumiem raid\u012bjum\u0101 &#8220;<a rel=\"noopener nofollow\" target=\"_blank\" href=\"https:\/\/www.delfi.lv\/temas\/52957207\/spried-ar-delfi\" tag-id=\"52957207\">Spried ar Delfi<\/a>&#8221; 5. janv\u0101r\u012b, pulksten 12 \u017eurn\u0101lists Andris Auz\u0101ns run\u0101s ar <a rel=\"noopener nofollow\" target=\"_blank\" href=\"https:\/\/www.delfi.lv\/temas\/37822391\/valsts-policija\" tag-id=\"37822391\">Valsts policijas<\/a> Rea\u0123\u0113\u0161anas p\u0101rvaldes priek\u0161nieku Juri Jan\u010devski, Neatliekam\u0101s medic\u012bnisk\u0101s pal\u012bdz\u012bbas dienesta Operat\u012bv\u0101s vad\u012bbas centra vad\u012bt\u0101ju Raitu Kri\u0161j\u0101ni un Valsts ugunsdz\u0113s\u012bbas un gl\u0101b\u0161anas dienesta priek\u0161nieka vietnieku pulkvedi J\u0101ni Gr\u012bnbergu.<\/p>\n<p>Valsts policija jau pirms Ziemassv\u0113tkiem inform\u0113ja, ka sv\u0113tku laik\u0101 l\u012bdz pat 5. janv\u0101rim r\u012bkos pastiprin\u0101tas p\u0101rbaudes uz ce\u013ciem, lai nepie\u013cautu s\u0113\u0161anos pie st\u016bres reibum\u0101.<\/p>\n<p>Ziemassv\u0113tku tr\u012bs dien\u0101s vien Latvij\u0101 tika re\u0123istr\u0113ts 231 ce\u013cu satiksmes negad\u012bjums, kuros cieta kopum\u0101 24 personas. Savuk\u0101rt par transportl\u012bdzek\u013ca vad\u012b\u0161anu alkohola reibum\u0101 \u0161aj\u0101 period\u0101 s\u0101kti septi\u0146i administrat\u012bvo p\u0101rk\u0101pumu procesi un 20 krimin\u0101lprocesi, k\u0101 ar\u012b viens krimin\u0101lprocess par transportl\u012bdzek\u013ca vad\u012b\u0161anu iesp\u0113jam\u0101 narkotisko vielu iespaid\u0101.<\/p>\n<p>Bet R\u012bgas Austrumu kl\u012bniskaj\u0101 universit\u0101tes slimn\u012bcas Neatliekam\u0101s medic\u012bnisk\u0101s pal\u012bdz\u012bbas un uz\u0146em\u0161anas kl\u012bnikas (NMPUK) vad\u012bt\u0101js Aleksejs Vi\u0161\u0146akovs iepriek\u0161 inform\u0113ja a\u0123ent\u016bru LETA, ka \u0161o Ziemassv\u0113tku br\u012bvdienu laik\u0101 RAKUS bijis \u013coti liels pacientu piepl\u016bdums.<\/p>\n<p>Kopum\u0101 piecu dienu laik\u0101 &#8220;Gai\u013cezer\u0101&#8221; uz\u0146emti 1092 pacienti, kas ir par aptuveni 30% vair\u0101k nek\u0101 parasti tiek uz\u0146emts br\u012bvdien\u0101s, skaidroja Vi\u0161\u0146akovs. Tom\u0113r, p\u0113c vi\u0146a teikt\u0101, traumatisma zi\u0146\u0101 Ziemassv\u0113tku br\u012bvdienas aizvad\u012btas mier\u012bgi un smagas politraumas nav konstat\u0113tas.<\/p>\n<p>Savuk\u0101rt Valsts ugunsdz\u0113s\u012bbas un gl\u0101b\u0161anas dienesta (<a rel=\"noopener nofollow\" target=\"_blank\" href=\"https:\/\/www.delfi.lv\/temas\/37195259\/vugd\" tag-id=\"37195259\">VUGD<\/a>) v\u0113rt\u0113jum\u0101 piecas Ziemassv\u0113tku br\u012bvdienas biju\u0161as tra\u0123iskas, jo \u0161aj\u0101s dien\u0101s ugunsgr\u0113k\u0101 R\u0113zeknes novad\u0101 g\u0101ja boj\u0101 divi cilv\u0113ki, bet ugunsgr\u0113kos L\u012bv\u0101nos, R\u0113zeknes novad\u0101, Daugavpil\u012b un R\u012bg\u0101 kopum\u0101 cieta se\u0161i cilv\u0113ki.<\/p>\n<p>Ar\u012b Vecgada vakar\u0101 un Jaun\u0101 gada pirmaj\u0101s stund\u0101s VUGD nevar\u0113ja s\u016bdz\u0113ties par darba tr\u016bkumu. Lai gan \u0161aj\u0101 diennakt\u012b ugunsgr\u0113kos nebija g\u0101ju\u0161i boj\u0101, cietu\u0161i vai izgl\u0101bti cilv\u0113ki, tom\u0113r bija re\u0123istr\u0113ti vair\u0101ki ugunsgr\u0113ki, kuros no m\u0101jok\u013ciem kopum\u0101 evaku\u0113ju\u0161ies 50 cilv\u0113ki.<\/p>\n<p>Tom\u0113r jau dienu v\u0113l\u0101k, 2. janv\u0101r\u012b, operat\u012bvajiem dienestiem bija j\u0101steidzas uz izsaukumu Tor\u0146akaln\u0101, Bauskas iel\u0101 15, kur notika g\u0101zes <a rel=\"noopener nofollow\" target=\"_blank\" href=\"https:\/\/www.delfi.lv\/temas\/37558427\/spradziens\" tag-id=\"37558427\">spr\u0101dziens<\/a> daudzdz\u012bvok\u013cu \u0113k\u0101. Spr\u0101dzien\u0101 g\u0101ja boj\u0101 divi cilv\u0113ki \u2013 persona, kas k\u0101d\u0101 dz\u012bvokl\u012b veica neleg\u0101las darb\u012bbas ar g\u0101zes vadu, un AS &#8220;Gaso&#8221; <a rel=\"noopener nofollow\" target=\"_blank\" href=\"https:\/\/www.delfi.lv\/temas\/44186259\/avarijas\" tag-id=\"44186259\">Av\u0101rijas<\/a> dienesta darbinieks, kur\u0161 bija ieradies uz izsaukumu par iesp\u0113jamu g\u0101zes nopl\u016bdi. V\u0113l divi cilv\u0113ki cietu\u0161i.<\/p>\n<p>Spr\u0101dziens piecst\u0101vu dz\u012bvojam\u0101 m\u0101j\u0101 notika neleg\u0101li saboj\u0101ta g\u0101zes vada d\u0113\u013c, un t\u0101 rezult\u0101t\u0101 sagruvis \u0113kas ceturtais un piektais st\u0101vs, k\u0101 ar\u012b jumts. Spr\u0101dzien\u0101 cietu\u0161ajai m\u0101jai \u0161obr\u012bd noteikts av\u0101rijas st\u0101voklis, un t\u0101s ekspluat\u0101cija ir aizliegta.<\/p>\n<p>Savus jaut\u0101jumus raid\u012bjuma viesiem s\u016btiet uz e-pastu spried@delfi.lv vai vietn\u0113 <a rel=\"noopener nofollow\" target=\"_blank\" href=\"https:\/\/app.sli.do\/event\/dxTuxMxFPg67PjtiD9tpEF\" data-rel-date-range=\"[]\">slido.com<\/a>, izmantojot kodu #<a rel=\"noopener nofollow\" target=\"_blank\" href=\"https:\/\/app.sli.do\/event\/dxTuxMxFPg67PjtiD9tpEF\" data-rel-date-range=\"[]\">Dienesti<\/a>.<\/p>\n<p>Raid\u012bjuma &#8220;Spried ar Delfi&#8221; jaun\u0101k\u0101s epizodes ir pieejamas Apple un Spotify podk\u0101stos!<\/p>\n<p class=\"m-0\">Seko &#8220;Delfi&#8221; ar\u012b  <a target=\"_blank\" href=\"https:\/\/www.instagram.com\/delfi.lv\/\" rel=\"nofollow noopener\">Instagram<\/a>  un <a target=\"_blank\" href=\"https:\/\/www.youtube.com\/channel\/UCw5foWtcJvAbUm64rv7jwUQ\" rel=\"nofollow noopener\">YouTube<\/a>  profil\u0101 \u2013 pievienojies, lai uzzin\u0101tu svar\u012bg\u0101ko un interesant\u0101ko pirmais!<\/p>\n<p>Publik\u0101cijas saturs vai t\u0101s jebk\u0101da apjoma da\u013ca ir aizsarg\u0101ts autorties\u012bbu objekts Autorties\u012bbu likuma izpratn\u0113, un t\u0101 izmanto\u0161ana bez izdev\u0113ja at\u013caujas ir aizliegta. Vair\u0101k lasi  <a target=\"_blank\" href=\"https:\/\/www.delfi.lv\/noteikumi#autortiesibas\" rel=\"nofollow noopener\">\u0161eit<\/a><script async src=\"\/\/www.instagram.com\/embed.js\"><\/script><\/p>\n","protected":false},"excerpt":{"rendered":"V\u0113l pirms garaj\u0101m decembra nogales sv\u0113tku br\u012bvdien\u0101m operat\u012bvie dienesti nor\u0101d\u012bja, ka sv\u0113tku laiks ik gadu saist\u0101s ar\u012b ar&hellip;\n","protected":false},"author":2,"featured_media":94522,"comment_status":"","ping_status":"","sticky":false,"template":"","format":"standard","meta":{"footnotes":""},"categories":[5],"tags":[23,218,28,29,32,33,22,30,31,35,39,38,36,37,34,40,187,20,3938,4955,26,27,5981,4954,24,25,1673,377,138,12428,4908,21],"class_list":{"0":"post-94521","1":"post","2":"type-post","3":"status-publish","4":"format-standard","5":"has-post-thumbnail","7":"category-aktualitates","8":"tag-aktualitates","9":"tag-avarijas","10":"tag-breaking-news","11":"tag-breakingnews","12":"tag-featured-news","13":"tag-featurednews","14":"tag-headlines","15":"tag-latest-news","16":"tag-latestnews","17":"tag-latvia","18":"tag-latvian","19":"tag-latviesu","20":"tag-latviesu-valoda","21":"tag-latviesuvaloda","22":"tag-latvija","23":"tag-lv","24":"tag-neatliekamas-mediciniskas-palidzibas-dienests","25":"tag-news","26":"tag-nmpd","27":"tag-par-aktualo","28":"tag-popularakas-zinas","29":"tag-popularakaszinas","30":"tag-spradziens","31":"tag-spried-ar-delfi","32":"tag-top-stories","33":"tag-topstories","34":"tag-traumas","35":"tag-ugunsgreks","36":"tag-valsts-policija","37":"tag-valsts-ugunsdzesibas-un-glabsanas-dienests","38":"tag-vugd","39":"tag-zinas"},"share_on_mastodon":{"url":"","error":"Validation failed: Text character limit of 500 exceeded"},"_links":{"self":[{"href":"https:\/\/www.europesays.com\/lv\/wp-json\/wp\/v2\/posts\/94521","targetHints":{"allow":["GET"]}}],"collection":[{"href":"https:\/\/www.europesays.com\/lv\/wp-json\/wp\/v2\/posts"}],"about":[{"href":"https:\/\/www.europesays.com\/lv\/wp-json\/wp\/v2\/types\/post"}],"author":[{"embeddable":true,"href":"https:\/\/www.europesays.com\/lv\/wp-json\/wp\/v2\/users\/2"}],"replies":[{"embeddable":true,"href":"https:\/\/www.europesays.com\/lv\/wp-json\/wp\/v2\/comments?post=94521"}],"version-history":[{"count":0,"href":"https:\/\/www.europesays.com\/lv\/wp-json\/wp\/v2\/posts\/94521\/revisions"}],"wp:featuredmedia":[{"embeddable":true,"href":"https:\/\/www.europesays.com\/lv\/wp-json\/wp\/v2\/media\/94522"}],"wp:attachment":[{"href":"https:\/\/www.europesays.com\/lv\/wp-json\/wp\/v2\/media?parent=94521"}],"wp:term":[{"taxonomy":"category","embeddable":true,"href":"https:\/\/www.europesays.com\/lv\/wp-json\/wp\/v2\/categories?post=94521"},{"taxonomy":"post_tag","embeddable":true,"href":"https:\/\/www.europesays.com\/lv\/wp-json\/wp\/v2\/tags?post=94521"}],"curies":[{"name":"wp","href":"https:\/\/api.w.org\/{rel}","templated":true}]}}