{"id":94546,"date":"2026-01-04T22:22:08","date_gmt":"2026-01-04T22:22:08","guid":{"rendered":"https:\/\/www.europesays.com\/lv\/94546\/"},"modified":"2026-01-04T22:22:08","modified_gmt":"2026-01-04T22:22:08","slug":"tramps-nosauc-nakamo-iespejama-iebrukuma-merki","status":"publish","type":"post","link":"https:\/\/www.europesays.com\/lv\/94546\/","title":{"rendered":"Tramps nosauc n\u0101kamo iesp\u0113jam\u0101 iebrukuma m\u0113r\u0137i"},"content":{"rendered":"<p>Vi\u0146\u0161 br\u012bdin\u0101ja, ka viceprezidentei Delijai Rodrigesai, kas vad\u012bja Venecu\u0113lu p\u0113c Nikolasa Maduro nolaup\u012b\u0161anas, ir j\u0101s\u0101k sadarboties ar ASV, vai ar\u012b j\u0101r\u0113\u0137in\u0101s ar sek\u0101m.<\/p>\n<p>\u201cJa vi\u0146a nedar\u012bs to, kas ir pareizi, vi\u0146a samaks\u0101s \u013coti augstu cenu, iesp\u0113jams, augst\u0101ku nek\u0101 Maduro,\u201d pazi\u0146oja ASV prezidents.<\/p>\n<p>Taj\u0101 pa\u0161\u0101 laik\u0101 Tramps noraid\u012bja aps\u016bdz\u012bbas par nelikum\u012bgu milit\u0101ru iebrukumu Venecu\u0113l\u0101 un pauda p\u0101rliec\u012bbu, ka vardarb\u012bga re\u017e\u012bma mai\u0146a cit\u0101 valst\u012b ir likum\u012bga. Vi\u0146\u0161 ar\u012b nor\u0101d\u012bja, ka <a href=\"https:\/\/www.tvnet.lv\/term\/555645\/venecuela\" class=\"topicLink\" target=\"_blank\" rel=\"nofollow noopener\">Venecu\u0113la<\/a> var\u0113tu neb\u016bt p\u0113d\u0113j\u0101 valsts, kur\u0101 var\u0113tu iebrukt ASV milit\u0101rie sp\u0113ki.<\/p>\n<p>\u201cMums patie\u0161\u0101m ir vajadz\u012bga <a href=\"https:\/\/www.tvnet.lv\/term\/556529\/grenlande\" class=\"topicLink\" target=\"_blank\" rel=\"nofollow noopener\">Grenlande<\/a>. [T\u0101] ir ieskauta ar Krievijas un \u0136\u012bnas ku\u0123iem. Mums t\u0101 ir vajadz\u012bga aizsardz\u012bbai,\u201d teica ASV prezidents.<\/p>\n<blockquote class=\"twitter-tweet\">\n<p lang=\"en\" dir=\"ltr\">Statement from the Prime Minister of Denmark \ud83c\udde9\ud83c\uddf0:<\/p>\n<p>\u201cI must say this very clearly to the United States:<\/p>\n<p>It makes absolutely no sense to speak of any necessity for the United States to take over Greenland. The United States has no legal basis to annex one of the three countries of\u2026<\/p>\n<p>\u2014 Orla Joelsen (@OJoelsen) <a href=\"https:\/\/twitter.com\/OJoelsen\/status\/2007904928379850999?ref_src=twsrc%5Etfw\" rel=\"nofollow noopener\" target=\"_blank\">January 4, 2026<\/a><\/p><\/blockquote>\n<p>2025. gad\u0101 publisk\u0101s uzst\u0101\u0161an\u0101s laik\u0101 <a href=\"https:\/\/www.tvnet.lv\/term\/555636\/donalds-tramps\" class=\"topicLink\" target=\"_blank\" rel=\"nofollow noopener\">Donalds Tramps<\/a> vair\u0101kk\u0101rt izvirz\u012bja jaut\u0101jumu par iesp\u0113jamo Grenlandes ieg\u0101di vai pat aneksiju. Vi\u0146\u0161 uzst\u0101ja, ka Amerikas Savienotaj\u0101m Valst\u012bm ir nepiecie\u0161ama kontrole p\u0101r salu, \u0146emot v\u0113r\u0101 t\u0101s strat\u0113\u0123isko atra\u0161an\u0101s vietu Arktik\u0101. Konkr\u0113ti Tramps teica, ka ASV to pan\u0101ks t\u0101 vai cit\u0101di.<\/p>\n<p>Grenlande ir autonoms re\u0123ions D\u0101nij\u0101, kas ir ASV sabiedrot\u0101 Eiropas Savien\u012bb\u0101 un <a href=\"https:\/\/www.tvnet.lv\/term\/9898\/nato\" class=\"topicLink\" target=\"_blank\" rel=\"nofollow noopener\">NATO<\/a>. \u0160\u0101di ASV prezidenta pazi\u0146ojumi izrais\u012bja nopietnu diplom\u0101tisko spriedzi ar D\u0101niju, kas pazi\u0146oja, ka sala nav p\u0101rdo\u0161an\u0101. Ar\u012b pa\u0161\u0101 sal\u0101 neviens nav saj\u016bsm\u0101 par perspekt\u012bvu k\u013c\u016bt par da\u013cu no ASV.<\/p>\n<p><script async src=\"https:\/\/platform.twitter.com\/widgets.js\" charset=\"utf-8\"><\/script><\/p>\n","protected":false},"excerpt":{"rendered":"Vi\u0146\u0161 br\u012bdin\u0101ja, ka viceprezidentei Delijai Rodrigesai, kas vad\u012bja Venecu\u0113lu p\u0113c Nikolasa Maduro nolaup\u012b\u0161anas, ir j\u0101s\u0101k sadarboties ar ASV,&hellip;\n","protected":false},"author":2,"featured_media":94547,"comment_status":"","ping_status":"","sticky":false,"template":"","format":"standard","meta":{"footnotes":""},"categories":[5],"tags":[23,28,29,542,514,32,33,20878,22,30,31,35,39,38,36,37,34,40,71,20,26,27,24,25,358,21],"class_list":{"0":"post-94546","1":"post","2":"type-post","3":"status-publish","4":"format-standard","5":"has-post-thumbnail","7":"category-aktualitates","8":"tag-aktualitates","9":"tag-breaking-news","10":"tag-breakingnews","11":"tag-donalds-tramps","12":"tag-eiropas-savieniba","13":"tag-featured-news","14":"tag-featurednews","15":"tag-grenlande","16":"tag-headlines","17":"tag-latest-news","18":"tag-latestnews","19":"tag-latvia","20":"tag-latvian","21":"tag-latviesu","22":"tag-latviesu-valoda","23":"tag-latviesuvaloda","24":"tag-latvija","25":"tag-lv","26":"tag-nato","27":"tag-news","28":"tag-popularakas-zinas","29":"tag-popularakaszinas","30":"tag-top-stories","31":"tag-topstories","32":"tag-venecuela","33":"tag-zinas"},"share_on_mastodon":{"url":"https:\/\/pubeurope.com\/@lv\/115839168846479809","error":""},"_links":{"self":[{"href":"https:\/\/www.europesays.com\/lv\/wp-json\/wp\/v2\/posts\/94546","targetHints":{"allow":["GET"]}}],"collection":[{"href":"https:\/\/www.europesays.com\/lv\/wp-json\/wp\/v2\/posts"}],"about":[{"href":"https:\/\/www.europesays.com\/lv\/wp-json\/wp\/v2\/types\/post"}],"author":[{"embeddable":true,"href":"https:\/\/www.europesays.com\/lv\/wp-json\/wp\/v2\/users\/2"}],"replies":[{"embeddable":true,"href":"https:\/\/www.europesays.com\/lv\/wp-json\/wp\/v2\/comments?post=94546"}],"version-history":[{"count":0,"href":"https:\/\/www.europesays.com\/lv\/wp-json\/wp\/v2\/posts\/94546\/revisions"}],"wp:featuredmedia":[{"embeddable":true,"href":"https:\/\/www.europesays.com\/lv\/wp-json\/wp\/v2\/media\/94547"}],"wp:attachment":[{"href":"https:\/\/www.europesays.com\/lv\/wp-json\/wp\/v2\/media?parent=94546"}],"wp:term":[{"taxonomy":"category","embeddable":true,"href":"https:\/\/www.europesays.com\/lv\/wp-json\/wp\/v2\/categories?post=94546"},{"taxonomy":"post_tag","embeddable":true,"href":"https:\/\/www.europesays.com\/lv\/wp-json\/wp\/v2\/tags?post=94546"}],"curies":[{"name":"wp","href":"https:\/\/api.w.org\/{rel}","templated":true}]}}