{"id":94548,"date":"2026-01-04T22:27:13","date_gmt":"2026-01-04T22:27:13","guid":{"rendered":"https:\/\/www.europesays.com\/lv\/94548\/"},"modified":"2026-01-04T22:27:13","modified_gmt":"2026-01-04T22:27:13","slug":"atvadas-no-goda-datorzinatnieka-imanta-freiberga-notiks-10-janvari-lente-lv","status":"publish","type":"post","link":"https:\/\/www.europesays.com\/lv\/94548\/","title":{"rendered":"Atvadas no goda datorzin\u0101tnieka Imanta Freiberga notiks 10. janv\u0101r\u012b\u00a0\u2014\u00a0Lente.lv"},"content":{"rendered":"<p>B\u0113res Doma bazn\u012bc\u0101<\/p>\n<p>Atvadas no ilggad\u0113j\u0101 Latvijas Inform\u0101cijas un komunik\u0101cijas tehnolo\u0123ijas asoci\u0101cijas (LIKTA) prezidenta, datorzin\u0101tnieka Imanta Freiberga notiks 10. janv\u0101r\u012b R\u012bgas Dom\u0101. Par to sav\u0101 soci\u0101lo mediju kont\u0101 pazi\u0146ojusi eksprezidente Vaira V\u012b\u0137e-Freiberga. Imants Freibergs m\u016b\u017e\u012bb\u0101 dev\u0101s 2026. gada 1. janv\u0101r\u012b 91 gada vecum\u0101. Vi\u0146\u0161 bija paz\u012bstams k\u0101 izcils datorzin\u0101tnieks, programmin\u017eenierijas speci\u0101lists un Vairas V\u012b\u0137es-Freibergas dz\u012bvesbiedrs.<\/p>\n<p>Izcilais pr\u0101ts un m\u016b\u017ea g\u0101jums<\/p>\n<p>Imants Freibergs dzimis 1934. gada 12. mart\u0101 Valmier\u0101. Vi\u0146a dz\u012bves ce\u013c\u0161 aizveda vi\u0146u cauri b\u0113g\u013cu gait\u0101m Otr\u0101 pasaules kara laik\u0101, s\u0101kotn\u0113ji uz V\u0101ciju, p\u0113c tam uz Franciju un visbeidzot uz Kan\u0101du, kur vi\u0146\u0161 ieguva augst\u0101ko izgl\u012bt\u012bbu un pavad\u012bja lielu da\u013cu savas profesion\u0101l\u0101s karjeras. Freibergs ieguva ma\u0123istra gr\u0101du in\u017eenierzin\u0101tn\u0113s Toronto Universit\u0101t\u0113 un doktora gr\u0101du datorzin\u0101tn\u0113s Makgila Universit\u0101t\u0113. Vi\u0146\u0161 str\u0101d\u0101ja k\u0101 datorzin\u0101t\u0146u speci\u0101lists uz\u0146\u0113mum\u0101 IBM, k\u0101 ar\u012b bija profesors Kvebekas Universit\u0101t\u0113 Monre\u0101l\u0101, vadot inform\u0101tikas studiju programmas, un viesprofesors Monpelj\u0113 un Oksfordas universit\u0101t\u0113s .<\/p>\n<p>Freibergs bija paz\u012bstams ar savu darbu programmin\u017eenierijas jom\u0101, k\u0101 ar\u012b ar noz\u012bm\u012bgu ieguld\u012bjumu latvie\u0161u tautasdziesmu digitaliz\u0101cij\u0101, ko aizs\u0101ka jau 1966. gad\u0101. \u0160is projekts, ko vi\u0146\u0161 \u012bstenoja kop\u0101 ar Vairu V\u012b\u0137i-Freibergu, nodro\u0161in\u0101ja latvie\u0161u folkloras saglab\u0101\u0161anu un pieejam\u012bbu n\u0101kamaj\u0101m paaudz\u0113m, par ko sa\u0146\u0113mis ar\u012b Kult\u016bras ministrijas balvu \u201cTr\u012bs br\u0101\u013ci\u201d .<\/p>\n<p>Atgrie\u0161an\u0101s Latvij\u0101 un sabiedriskais darbs<\/p>\n<p>Kop\u0161 1999. gada Imants Freibergs dz\u012bvoja Latvij\u0101. Vi\u0146\u0161 akt\u012bvi iesaist\u012bj\u0101s IT nozares un inform\u0101cijas sabiedr\u012bbas att\u012bst\u012bb\u0101 Latvij\u0101, ilggad\u0113ji vadot Latvijas Inform\u0101cijas un komunik\u0101cijas tehnolo\u0123ijas asoci\u0101ciju (LIKTA) . Freibergs bija ar\u012b IT padomnieks Latvijas Universit\u0101tes IT departament\u0101 un Valsts prezidenta kancelej\u0101, k\u0101 ar\u012b IT konsultants da\u017e\u0101diem projektiem .<\/p>\n<p>Imanta Freiberga devums zin\u0101tn\u0113 un sabiedriskaj\u0101 dz\u012bv\u0113 ir pla\u0161i atz\u012bts. Vi\u0146\u0161 ir sa\u0146\u0113mis vair\u0101kus apbalvojumus, tai skait\u0101 Triju Zvaig\u017e\u0146u ordeni un Lietuvas Di\u017ekunigai\u0161a \u0122edimina ordeni. Vi\u0146am pie\u0161\u0137irts ar\u012b Latvijas Zin\u0101t\u0146u akad\u0113mijas goda doktora tituls .<\/p>\n<p>Person\u012bg\u0101 dz\u012bve un \u0123imene<\/p>\n<p>Imants Freibergs un Vaira V\u012b\u0137e savu laul\u012bbas gaitu s\u0101kumu aizs\u0101ka Kan\u0101d\u0101, kur vi\u0146i iepazin\u0101s Toronto Universit\u0101t\u0113. Vi\u0146i apprec\u0113j\u0101s 1960. gad\u0101 un kop\u0101 izaudzin\u0101ja divus b\u0113rnus \u2013 d\u0113lu K\u0101rli un meitu Indru . Pag\u0101ju\u0161aj\u0101 vasar\u0101 p\u0101ris svin\u0113ja savu 65. k\u0101zu gadadienu jeb &#8220;dzelzs k\u0101zas&#8221; . Imantu Freibergu piemin vi\u0146a dz\u012bvesbiedre, b\u0113rni K\u0101rlis un Indra, mazd\u0113ls Ivars, k\u0101 ar\u012b mazb\u0113rni Alise, Austra un Ritums .<\/p>\n<p>2024. gad\u0101 izn\u0101ca gr\u0101mata par Imanta Freiberga dz\u012bves gait\u0101m &#8220;Dari, kas j\u0101dara&#8221;, kur\u0101 apkopotas vi\u0146a atmi\u0146as un v\u0113rt\u0113jumi par da\u017e\u0101diem dz\u012bves notikumiem .<\/p>\n","protected":false},"excerpt":{"rendered":"B\u0113res Doma bazn\u012bc\u0101 Atvadas no ilggad\u0113j\u0101 Latvijas Inform\u0101cijas un komunik\u0101cijas tehnolo\u0123ijas asoci\u0101cijas (LIKTA) prezidenta, datorzin\u0101tnieka Imanta Freiberga notiks&hellip;\n","protected":false},"author":2,"featured_media":94549,"comment_status":"","ping_status":"","sticky":false,"template":"","format":"standard","meta":{"footnotes":""},"categories":[12],"tags":[23,8602,28,29,23543,32,33,22,23542,30,31,35,39,38,36,37,34,40,20,26,27,24,25,10308,21],"class_list":{"0":"post-94548","1":"post","2":"type-post","3":"status-publish","4":"format-standard","5":"has-post-thumbnail","7":"category-latvija","8":"tag-aktualitates","9":"tag-atvadas","10":"tag-breaking-news","11":"tag-breakingnews","12":"tag-datorzinatnieks","13":"tag-featured-news","14":"tag-featurednews","15":"tag-headlines","16":"tag-imants-freibergs","17":"tag-latest-news","18":"tag-latestnews","19":"tag-latvia","20":"tag-latvian","21":"tag-latviesu","22":"tag-latviesu-valoda","23":"tag-latviesuvaloda","24":"tag-latvija","25":"tag-lv","26":"tag-news","27":"tag-popularakas-zinas","28":"tag-popularakaszinas","29":"tag-top-stories","30":"tag-topstories","31":"tag-vaira-vike-freiberga","32":"tag-zinas"},"share_on_mastodon":{"url":"https:\/\/pubeurope.com\/@lv\/115839188566871604","error":""},"_links":{"self":[{"href":"https:\/\/www.europesays.com\/lv\/wp-json\/wp\/v2\/posts\/94548","targetHints":{"allow":["GET"]}}],"collection":[{"href":"https:\/\/www.europesays.com\/lv\/wp-json\/wp\/v2\/posts"}],"about":[{"href":"https:\/\/www.europesays.com\/lv\/wp-json\/wp\/v2\/types\/post"}],"author":[{"embeddable":true,"href":"https:\/\/www.europesays.com\/lv\/wp-json\/wp\/v2\/users\/2"}],"replies":[{"embeddable":true,"href":"https:\/\/www.europesays.com\/lv\/wp-json\/wp\/v2\/comments?post=94548"}],"version-history":[{"count":0,"href":"https:\/\/www.europesays.com\/lv\/wp-json\/wp\/v2\/posts\/94548\/revisions"}],"wp:featuredmedia":[{"embeddable":true,"href":"https:\/\/www.europesays.com\/lv\/wp-json\/wp\/v2\/media\/94549"}],"wp:attachment":[{"href":"https:\/\/www.europesays.com\/lv\/wp-json\/wp\/v2\/media?parent=94548"}],"wp:term":[{"taxonomy":"category","embeddable":true,"href":"https:\/\/www.europesays.com\/lv\/wp-json\/wp\/v2\/categories?post=94548"},{"taxonomy":"post_tag","embeddable":true,"href":"https:\/\/www.europesays.com\/lv\/wp-json\/wp\/v2\/tags?post=94548"}],"curies":[{"name":"wp","href":"https:\/\/api.w.org\/{rel}","templated":true}]}}