{"id":94570,"date":"2026-01-04T23:26:12","date_gmt":"2026-01-04T23:26:12","guid":{"rendered":"https:\/\/www.europesays.com\/lv\/94570\/"},"modified":"2026-01-04T23:26:12","modified_gmt":"2026-01-04T23:26:12","slug":"paralizeta-gaisa-satiksme-griekija-nra-lv","status":"publish","type":"post","link":"https:\/\/www.europesays.com\/lv\/94570\/","title":{"rendered":"Paraliz\u0113ta gaisa satiksme Grie\u0137ij\u0101 &#8211; nra.lv"},"content":{"rendered":"<p class=\"descr\">Telekomunik\u0101ciju k\u013c\u016bme gandr\u012bz piln\u012bb\u0101 aptur\u0113jusi gaisa satiksmi Grie\u0137ij\u0101, atsaucoties uz valsts civil\u0101s avi\u0101cijas p\u0101rvaldi, sv\u0113tdien zi\u0146o viet\u0113j\u0101 raidorganiz\u0101cija ERT.<\/p>\n<p>Raidorganiz\u0101cija ERT nor\u0101d\u012bja, ka trauc\u0113jumi sk\u0101ru\u0161i visas Grie\u0137ijas lidostas, tostarp At\u0113nu un Saloniku starptautisk\u0101s lidostas.<\/p>\n<blockquote><p>Saska\u0146\u0101 ar Grie\u0137ijas Civil\u0101s avi\u0101cijas p\u0101rvaldes (HCAA) sniegto inform\u0101ciju probl\u0113mas radu\u0161\u0101s centr\u0101laj\u0101s radio un sakaru sist\u0113m\u0101s, ko izmanto Grie\u0137ijas gaisa telpas kontroles centri. Lidojumu apseko\u0161anas vietne &#8220;Flightradar24&#8221; zi\u0146o, ka Grie\u0137ijas gaisa telpa ir gandr\u012bz tuk\u0161a.<\/p><\/blockquote>\n<p>At\u0113nu lidost\u0101 atcelti vai kav\u0113j\u0101s vair\u0101k nek\u0101 90 reisi. Lidostas darbinieks raidorganiz\u0101cijai BBC past\u0101st\u012bja, ka tagad lidost\u0101 var pacelties 35 lidma\u0161\u012bnas stund\u0101, ta\u010du t\u0101 joproj\u0101m nesp\u0113j uz\u0146emt ien\u0101ko\u0161os reisus.<\/p>\n<p>Lidma\u0161\u012bn\u0101m no Dublinas, Barselonas un Par\u012bzes iepriek\u0161 tika dots r\u012bkojums atgriezties to izcelsmes lidost\u0101s, bet reisi no Kopenh\u0101genas un Maltas tika atcelti pavisam.<\/p>\n<p>Citiem reisiem uz At\u0113n\u0101m tika noteikts gaid\u012b\u0161anas re\u017e\u012bms, un trauc\u0113ti ar\u012b lidojumi uz un no cit\u0101m Grie\u0137ijas lidost\u0101m. Saloniku lidosta tika sl\u0113gta pavisam.<\/p>\n<p>Vairums ien\u0101ko\u0161o reisu tiek novirz\u012bti uz Turciju vai tiek atcelti, zi\u0146oja ERT.<\/p>\n<p>\t\t\t\t\t\tinfo<\/p>\n<p>Uzzini pirmais<br \/>kas interesants noticis Latvij\u0101 un pasaul\u0113,<br \/>pievienojoties mums <a href=\"https:\/\/t.me\/neatkariga\" rel=\"nofollow\">Telegram<\/a> vai <a href=\"https:\/\/whatsapp.com\/channel\/0029VaMLFUH5K3zLU5s4wm3y\" rel=\"nofollow noopener\" target=\"_blank\">Whatsapp<\/a> kan\u0101l\u0101<\/p>\n","protected":false},"excerpt":{"rendered":"Telekomunik\u0101ciju k\u013c\u016bme gandr\u012bz piln\u012bb\u0101 aptur\u0113jusi gaisa satiksmi Grie\u0137ij\u0101, atsaucoties uz valsts civil\u0101s avi\u0101cijas p\u0101rvaldi, sv\u0113tdien zi\u0146o viet\u0113j\u0101 raidorganiz\u0101cija&hellip;\n","protected":false},"author":2,"featured_media":94571,"comment_status":"","ping_status":"","sticky":false,"template":"","format":"standard","meta":{"footnotes":""},"categories":[14],"tags":[23,57,28,29,32,33,22,30,31,35,39,38,36,37,34,40,20,26,27,24,25,54,55,56,21,58],"class_list":{"0":"post-94570","1":"post","2":"type-post","3":"status-publish","4":"format-standard","5":"has-post-thumbnail","7":"category-zinas-no-arvalstim","8":"tag-aktualitates","9":"tag-arvalstim","10":"tag-breaking-news","11":"tag-breakingnews","12":"tag-featured-news","13":"tag-featurednews","14":"tag-headlines","15":"tag-latest-news","16":"tag-latestnews","17":"tag-latvia","18":"tag-latvian","19":"tag-latviesu","20":"tag-latviesu-valoda","21":"tag-latviesuvaloda","22":"tag-latvija","23":"tag-lv","24":"tag-news","25":"tag-popularakas-zinas","26":"tag-popularakaszinas","27":"tag-top-stories","28":"tag-topstories","29":"tag-world","30":"tag-world-news","31":"tag-worldnews","32":"tag-zinas","33":"tag-zinas-no-arvalstim"},"share_on_mastodon":{"url":"https:\/\/pubeurope.com\/@lv\/115839420520482724","error":""},"_links":{"self":[{"href":"https:\/\/www.europesays.com\/lv\/wp-json\/wp\/v2\/posts\/94570","targetHints":{"allow":["GET"]}}],"collection":[{"href":"https:\/\/www.europesays.com\/lv\/wp-json\/wp\/v2\/posts"}],"about":[{"href":"https:\/\/www.europesays.com\/lv\/wp-json\/wp\/v2\/types\/post"}],"author":[{"embeddable":true,"href":"https:\/\/www.europesays.com\/lv\/wp-json\/wp\/v2\/users\/2"}],"replies":[{"embeddable":true,"href":"https:\/\/www.europesays.com\/lv\/wp-json\/wp\/v2\/comments?post=94570"}],"version-history":[{"count":0,"href":"https:\/\/www.europesays.com\/lv\/wp-json\/wp\/v2\/posts\/94570\/revisions"}],"wp:featuredmedia":[{"embeddable":true,"href":"https:\/\/www.europesays.com\/lv\/wp-json\/wp\/v2\/media\/94571"}],"wp:attachment":[{"href":"https:\/\/www.europesays.com\/lv\/wp-json\/wp\/v2\/media?parent=94570"}],"wp:term":[{"taxonomy":"category","embeddable":true,"href":"https:\/\/www.europesays.com\/lv\/wp-json\/wp\/v2\/categories?post=94570"},{"taxonomy":"post_tag","embeddable":true,"href":"https:\/\/www.europesays.com\/lv\/wp-json\/wp\/v2\/tags?post=94570"}],"curies":[{"name":"wp","href":"https:\/\/api.w.org\/{rel}","templated":true}]}}