{"id":94586,"date":"2026-01-05T00:29:07","date_gmt":"2026-01-05T00:29:07","guid":{"rendered":"https:\/\/www.europesays.com\/lv\/94586\/"},"modified":"2026-01-05T00:29:07","modified_gmt":"2026-01-05T00:29:07","slug":"apsveicam-koris-kamer-ceturto-reizi-izcina-eiropas-grand-prix-trofeju-lente-lv-4","status":"publish","type":"post","link":"https:\/\/www.europesays.com\/lv\/94586\/","title":{"rendered":"Apsveicam! Koris &#8220;Kam\u0113r\u2026&#8221; ceturto reizi izc\u012bna Eiropas &#8220;Grand Prix&#8221; trofeju\u00a0\u2014\u00a0Lente.lv"},"content":{"rendered":"<p>Latvijas koris g\u016bst jaunu godalgu<\/p>\n<p>Latvijas jaunie\u0161u koris \u201cKam\u0113r\u2026\u201d ar m\u0101ksliniecisko vad\u012bt\u0101ju un diri\u0123entu Jur\u0123i C\u0101buli sv\u0113tdien Sp\u0101nijas pils\u0113t\u0101 Tolos\u0101 ceturto reizi savas past\u0101v\u0113\u0161anas laik\u0101 izc\u012bn\u012bjis presti\u017eo Eiropas koru \u201cGrand Prix\u201d trofeju. K\u0101 zi\u0146o Latvijas Av\u012bze, \u0161is triumfs apliecina kora nemain\u012bgi augsto meistar\u012bbas l\u012bmeni un nostiprina Latvijas kult\u016bras starptautisko atpaz\u012bstam\u012bbu.<\/p>\n<p>Unik\u0101ls sasniegums pasaules m\u0113rog\u0101<\/p>\n<p>\u0160is ir unik\u0101ls sasniegums, kas apliecina Latvijas korm\u016bzikas skolas sp\u0113ku un starptautisko konkur\u0113tsp\u0113ju. \u201cKam\u0113r\u2026\u201d ir vien\u012bgais koris pasaul\u0113, kas \u0161o augst\u0101k\u0101 l\u012bme\u0146a korm\u016bzikas balvu ieguvis \u010detras reizes. Iepriek\u0161\u0113j\u0101s uzvaras izc\u012bn\u012btas 2004. gad\u0101 M\u0101ra Sirm\u0101 vad\u012bb\u0101, 2013. gad\u0101 J\u0101\u0146a Liepi\u0146a vad\u012bb\u0101 un 2019. gad\u0101 Aivja Gretera vad\u012bb\u0101. \u0160\u012bs uzvaras ir apliecin\u0101jums gadu desmitiem koptajai kvalit\u0101tei un nep\u0101rtrauktai att\u012bst\u012bbai.<\/p>\n<p>Spraiga c\u012b\u0146a par presti\u017e\u0101ko titulu<\/p>\n<p>Eiropas koru \u201cGrand Prix\u201d fin\u0101l\u0101 \u201cKam\u0113r\u2026\u201d par godalgotaj\u0101m viet\u0101m sacent\u0101s ar sp\u0113c\u012bgiem pretiniekiem no da\u017e\u0101d\u0101m pasaules valst\u012bm. Starp konkurentiem bija kori \u201cImusicapella\u201d un \u201cLos Cantantes de Manila\u201d no Filip\u012bn\u0101m, \u201cThe Resonanz Children&#8217;s Choir\u201d no Indon\u0113zijas, k\u0101 ar\u012b Latvijas p\u0101rst\u0101vis \u2013 koris \u201cS\u014dla\u201d ar diri\u0123entu Kasparu \u0100damsonu. Fin\u0101lkonkurs\u0101 \u201cKam\u0113r\u2026\u201d izpild\u012bja r\u016bp\u012bgi atlas\u012btu un daudzpus\u012bgu programmu, demonstr\u0113jot kora pla\u0161o m\u0101ksliniecisko sniegumu un tehnisko meistar\u012bbu.<\/p>\n<p>Pla\u0161a un daudzveid\u012bga programma<\/p>\n<p>Repertu\u0101r\u0101 iek\u013cuva \u0100dolfa Skultes kompoz\u012bcija \u201cJ\u016brai\u201d, k\u0101 ar\u012b starptautiski atz\u012btu komponistu darbi, piem\u0113ram, Henrija P\u0113rsela un Svena D\u0101vida Sandstrema ska\u0146darbs \u201cHear My Prayer, O Lord\u201d, Ri\u010darda D\u0113ringa \u201cFactum est silentium\u201d, \u0112rika E\u0161envalda \u201cA Drop in the Ocean\u201d un Tadejas Vulcas \u201cSine Sole Nihil Sum\u201d. \u0160\u012b izv\u0113le liecina par kora sp\u0113ju izcili interpret\u0113t da\u017e\u0101dus m\u016bzikas \u017eanrus un laikmetus.<\/p>\n<p>V\u0113sturiskais sasniegums un kora mantojums<\/p>\n<p>\u0160\u012b ir jau ceturt\u0101 reize, kad \u201cKam\u0113r\u2026\u201d izc\u012bna Eiropas \u201cGrand Prix\u201d titulu. \u0160ie pan\u0101kumi ir neatsverama v\u0113rt\u012bba Latvijas kult\u016bras mantojumam. Kora dibin\u0101t\u0101js M\u0101ris Sirmais 1990. gad\u0101 rad\u012bja unik\u0101lu kolekt\u012bvu, kas turpina augstus m\u0101kslinieciskos standartus ar\u012b jauno diri\u0123entu vad\u012bb\u0101.<\/p>\n","protected":false},"excerpt":{"rendered":"Latvijas koris g\u016bst jaunu godalgu Latvijas jaunie\u0161u koris \u201cKam\u0113r\u2026\u201d ar m\u0101ksliniecisko vad\u012bt\u0101ju un diri\u0123entu Jur\u0123i C\u0101buli sv\u0113tdien Sp\u0101nijas&hellip;\n","protected":false},"author":2,"featured_media":91405,"comment_status":"","ping_status":"","sticky":false,"template":"","format":"standard","meta":{"footnotes":""},"categories":[19],"tags":[89,90,9566,35,39,38,36,37,34,40],"class_list":{"0":"post-94586","1":"post","2":"type-post","3":"status-publish","4":"format-standard","5":"has-post-thumbnail","7":"category-izklaide","8":"tag-entertainment","9":"tag-izklaide","10":"tag-koris","11":"tag-latvia","12":"tag-latvian","13":"tag-latviesu","14":"tag-latviesu-valoda","15":"tag-latviesuvaloda","16":"tag-latvija","17":"tag-lv"},"share_on_mastodon":{"url":"https:\/\/pubeurope.com\/@lv\/115839668221027863","error":""},"_links":{"self":[{"href":"https:\/\/www.europesays.com\/lv\/wp-json\/wp\/v2\/posts\/94586","targetHints":{"allow":["GET"]}}],"collection":[{"href":"https:\/\/www.europesays.com\/lv\/wp-json\/wp\/v2\/posts"}],"about":[{"href":"https:\/\/www.europesays.com\/lv\/wp-json\/wp\/v2\/types\/post"}],"author":[{"embeddable":true,"href":"https:\/\/www.europesays.com\/lv\/wp-json\/wp\/v2\/users\/2"}],"replies":[{"embeddable":true,"href":"https:\/\/www.europesays.com\/lv\/wp-json\/wp\/v2\/comments?post=94586"}],"version-history":[{"count":0,"href":"https:\/\/www.europesays.com\/lv\/wp-json\/wp\/v2\/posts\/94586\/revisions"}],"wp:featuredmedia":[{"embeddable":true,"href":"https:\/\/www.europesays.com\/lv\/wp-json\/wp\/v2\/media\/91405"}],"wp:attachment":[{"href":"https:\/\/www.europesays.com\/lv\/wp-json\/wp\/v2\/media?parent=94586"}],"wp:term":[{"taxonomy":"category","embeddable":true,"href":"https:\/\/www.europesays.com\/lv\/wp-json\/wp\/v2\/categories?post=94586"},{"taxonomy":"post_tag","embeddable":true,"href":"https:\/\/www.europesays.com\/lv\/wp-json\/wp\/v2\/tags?post=94586"}],"curies":[{"name":"wp","href":"https:\/\/api.w.org\/{rel}","templated":true}]}}