{"id":94611,"date":"2026-01-05T03:23:35","date_gmt":"2026-01-05T03:23:35","guid":{"rendered":"https:\/\/www.europesays.com\/lv\/94611\/"},"modified":"2026-01-05T03:23:35","modified_gmt":"2026-01-05T03:23:35","slug":"ceturtdala-iedzivotaju-paklauta-nabadzibai-csp-dati-par-2024-gadu-lente-lv","status":"publish","type":"post","link":"https:\/\/www.europesays.com\/lv\/94611\/","title":{"rendered":"ceturtda\u013ca iedz\u012bvot\u0101ju pak\u013cauta nabadz\u012bbai, CSP dati par 2024. gadu\u00a0\u2014\u00a0Lente.lv"},"content":{"rendered":"<p>Visp\u0101r\u0113j\u0101 situ\u0101cija<\/p>\n<p>P\u0113rn, 2024. gada beig\u0101s, Latvij\u0101 24,7% jeb aptuveni ceturt\u0101 da\u013ca iedz\u012bvot\u0101ju bija pak\u013cauta nabadz\u012bbas riskam. Tas noz\u012bm\u0113, ka \u0161o cilv\u0113ku r\u012bc\u012bb\u0101 eso\u0161ie ien\u0101kumi bija zem noteikt\u0101 nabadz\u012bbas riska sliek\u0161\u0146a. Lai gan kop\u0113jais r\u0101d\u012bt\u0101js nedaudz pieaudzis sal\u012bdzin\u0101jum\u0101 ar iepriek\u0161\u0113jiem gadiem, tas atspogu\u013co sare\u017e\u0123\u012btu ekonomisko dinamiku valst\u012b, kur\u0101 ien\u0101kumi pieaug, bet l\u012bdz ar tiem ar\u012b nabadz\u012bbas riska slieksnis.<\/p>\n<p>Sal\u012bdzinot ar 2023. gadu, kad nabadz\u012bbas riskam bija pak\u013cauti 21,6% iedz\u012bvot\u0101ju, 2024. gad\u0101 \u0161is \u012bpatsvars ir palielin\u0101jies par vair\u0101k nek\u0101 trim procentpunktiem . Centr\u0101l\u0101s statistikas p\u0101rvaldes (CSP) provizoriskie dati par 2024. gadu liecina, ka nabadz\u012bbas riskam bija pak\u013cauti 404 t\u016bksto\u0161i jeb 22,0% iedz\u012bvot\u0101ju, kam\u0113r iepriek\u0161\u0113j\u0101 gad\u0101 \u0161is skaitlis bija 399 t\u016bksto\u0161i jeb 21,6% . Tom\u0113r citas apl\u0113ses nor\u0101da uz 24,7% \u012bpatsvaru 2024. gad\u0101 . \u0160\u012bs at\u0161\u0137ir\u012bbas var\u0113tu b\u016bt saist\u012btas ar at\u0161\u0137ir\u012bgiem apr\u0113\u0137inu metodolo\u0123ijas aspektiem vai datu apstr\u0101des stadiju. Lai gan \u0161\u0137iet, ka nabadz\u012bbas riska slieksnis ir pieaudzis, tas vienlaikus ir ar\u012b nedaudz samazin\u0101jies sal\u012bdzin\u0101jum\u0101 ar 2023. gad\u0101 re\u0123istr\u0113to 21,6% .<\/p>\n<p>Re\u0123ion\u0101l\u0101s un demogr\u0101fisk\u0101s at\u0161\u0137ir\u012bbas<\/p>\n<p>Dati par\u0101da iev\u0113rojamas at\u0161\u0137ir\u012bbas nabadz\u012bbas riska izplat\u012bb\u0101 pa Latvijas re\u0123ioniem. Visaugst\u0101kais nabadz\u012bbas riskam pak\u013cauto iedz\u012bvot\u0101ju \u012bpatsvars joproj\u0101m ir Latgales re\u0123ion\u0101, kur tas sasniedza 35,8% . Savuk\u0101rt vismaz\u0101kais risks tika nov\u0113rots R\u012bgas re\u0123ion\u0101 \u2013 15,6% . Vidzem\u0113 nabadz\u012bbas riskam bija pak\u013cauti 26,8% iedz\u012bvot\u0101ju, Kurzem\u0113 \u2013 25,1%, bet Zemgal\u0113 \u2013 22,8% . \u0160ie r\u0101d\u012bt\u0101ji saglab\u0101jas l\u012bdz\u012bgi iepriek\u0161\u0113jo gadu tendenc\u0113m, nor\u0101dot uz past\u0101v\u012bg\u0101m re\u0123ion\u0101laj\u0101m nevienl\u012bdz\u012bb\u0101m valst\u012b.<\/p>\n<p>Analiz\u0113jot demogr\u0101fiskos r\u0101d\u012bt\u0101jus, redzams, ka sievietes joproj\u0101m saskaras ar augst\u0101ku nabadz\u012bbas risku nek\u0101 v\u012brie\u0161i. 2024. gad\u0101 nabadz\u012bbas riskam bija pak\u013cautas 27,4% sievie\u0161u, kam\u0113r v\u012brie\u0161iem \u0161is r\u0101d\u012bt\u0101js bija 21,5% . \u0160\u012b tendence ir \u012bpa\u0161i izteikta vec\u0101k\u0101s paaudz\u0113s \u2013 65 gadus sasniegu\u0161\u0101m sieviet\u0113m nabadz\u012bbas risks bija 47,3%, bet v\u012brie\u0161iem \u0161aj\u0101 vecuma grup\u0101 \u2013 34,9% . \u0160is fakts uzsver nepiecie\u0161am\u012bbu piev\u0113rst pastiprin\u0101tu uzman\u012bbu pension\u0101ru, \u012bpa\u0161i vientu\u013co sievie\u0161u, soci\u0101lajai nodro\u0161in\u0101t\u012bbai.<\/p>\n<p>Nabadz\u012bbas riska slieksnis un ien\u0101kumu dinamika<\/p>\n<p>Nabadz\u012bbas riska slieksnis ir atkar\u012bgs no m\u0101jsaimniec\u012bbas lieluma un sast\u0101va, un tas tiek regul\u0101ri p\u0101rskat\u012bts, lai atspogu\u013cotu aktu\u0101lo ekonomisko situ\u0101ciju. 2024. gad\u0101 nabadz\u012bbas riska slieksnis vienai personai sasniedza 699 eiro m\u0113nes\u012b, kas ir iev\u0113rojams pieaugums sal\u012bdzin\u0101jum\u0101 ar 2023. gadu, kad tas bija 641 eiro m\u0113nes\u012b . Savuk\u0101rt m\u0101jsaimniec\u012bb\u0101m ar diviem pieaugu\u0161ajiem un diviem b\u0113rniem l\u012bdz 14 gadu vecumam \u0161is slieksnis 2024. gad\u0101 bija 1 468 eiro m\u0113nes\u012b, sal\u012bdzinot ar 1 346 eiro iepriek\u0161\u0113j\u0101 gad\u0101 .<\/p>\n<p>\u0160\u012bs izmai\u0146as atspogu\u013co kop\u0113jo m\u0101jsaimniec\u012bbu r\u012bc\u012bb\u0101 eso\u0161o ien\u0101kumu pieaugumu valst\u012b, kas 2024. gad\u0101 palielin\u0101j\u0101s par 12% jeb 102 eiro sal\u012bdzin\u0101jum\u0101 ar gadu iepriek\u0161, sasniedzot 950 eiro uz vienu m\u0101jsaimniec\u012bbas locekli m\u0113nes\u012b . Tom\u0113r, pieaugot vid\u0113jiem ien\u0101kumiem, pieaug ar\u012b nevienl\u012bdz\u012bba. Tur\u012bg\u0101ko m\u0101jsaimniec\u012bbu ien\u0101kumi sasniedza 2084 eiro, kam\u0113r tr\u016bc\u012bg\u0101ko ien\u0101kumi bija tikai 317 eiro m\u0113nes\u012b .<\/p>\n<p>Risku grupas un to izmai\u0146as<\/p>\n<p>Nabadz\u012bbas risks ir nevienm\u0113r\u012bgi sadal\u012bts pa da\u017e\u0101d\u0101m iedz\u012bvot\u0101ju grup\u0101m. Str\u0101d\u0101jo\u0161ajiem darbsp\u0113jas vecuma iedz\u012bvot\u0101jiem (18 l\u012bdz 64 gadi) nabadz\u012bbas risks saglab\u0101j\u0101s sal\u012bdzino\u0161i zems, 2024. gad\u0101 sasniedzot 8,5% . Tom\u0113r augsts nabadz\u012bbas risks joproj\u0101m ir pirmspensijas vecuma iedz\u012bvot\u0101jiem (55 l\u012bdz 64 gadi), kur tas sasniedza 22,8% . \u012apa\u0161i augsts risks past\u0101v iedz\u012bvot\u0101jiem vecum\u0101 no 60 l\u012bdz 64 gadiem, no kuriem katrs ceturtais jeb 25,5% bija pak\u013cauti nabadz\u012bbas riskam .<\/p>\n<p>Nabadz\u012bbas risks pieauga maz\u0101k aizsarg\u0101t\u0101m iedz\u012bvot\u0101ju grup\u0101m. Bezdarbniekiem (18 l\u012bdz 64 gadi) tas sasniedza 57,7% , senioriem vecum\u0101 no 65 gadiem \u2013 41,4% , m\u0101jsaimniec\u012bb\u0101m ar vienu pieaugu\u0161o un apg\u0101d\u012bb\u0101 eso\u0161iem b\u0113rniem \u2013 30,4% , k\u0101 ar\u012b m\u0101jsaimniec\u012bb\u0101m ar diviem pieaugu\u0161ajiem un trim vai vair\u0101k apg\u0101d\u012bb\u0101 eso\u0161iem b\u0113rniem \u2013 20,8% . \u0160ie skait\u013ci nor\u0101da uz nepiecie\u0161am\u012bbu stiprin\u0101t soci\u0101lo aizsardz\u012bbu \u0161\u012bm grup\u0101m.<\/p>\n<p>Nabadz\u012bbas riska mazin\u0101\u0161anas m\u0113r\u0137i un perspekt\u012bvas<\/p>\n<p>Latvija ir ap\u0146\u0113musies samazin\u0101t nabadz\u012bbas riskam pak\u013cauto iedz\u012bvot\u0101ju \u012bpatsvaru saska\u0146\u0101 ar ANO Ilgtsp\u0113j\u012bgas att\u012bst\u012bbas m\u0113r\u0137iem un Nacion\u0101l\u0101s att\u012bst\u012bbas pl\u0101na (NAP) 2027 strat\u0113\u0123iju. M\u0113r\u0137is ir l\u012bdz 2030. gadam samazin\u0101t nabadz\u012bbas riskam pak\u013cauto iedz\u012bvot\u0101ju \u012bpatsvaru l\u012bdz 16% . Tom\u0113r pa\u0161reiz\u0113jie dati liecina, ka \u0161is m\u0113r\u0137is ir ambiciozs, jo 2023. gad\u0101 r\u0101d\u012bt\u0101js bija 21,6% .<\/p>\n<p>NAP 2027 paredz nabadz\u012bbas riskam pak\u013cauto iedz\u012bvot\u0101ju \u012bpatsvaru samazin\u0101t l\u012bdz 21,5% 2027. gad\u0101 . Savuk\u0101rt m\u0113r\u0137a indikators Nr. 46 paredz samazin\u0101t nabadz\u012bbas riskam pak\u013cauto b\u0113rnu \u012bpatsvaru no 17,5% (2018. gad\u0101) l\u012bdz 11,5% (2027. gad\u0101) . 2023. gad\u0101 nabadz\u012bbas riskam bija pak\u013cauti 15,5% b\u0113rnu, kas liecina par nepiecie\u0161am\u012bbu turpin\u0101t darbu pie \u0161\u012b m\u0113r\u0137a sasnieg\u0161anas .<\/p>\n<p>Lai gan kop\u0113jais nabadz\u012bbas riska slieksnis pieaug, tas ne vienm\u0113r noz\u012bm\u0113 nabadz\u012bbas pasliktin\u0101\u0161anos, bet gan ien\u0101kumu pieaugumu kopum\u0101. Tom\u0113r svar\u012bgi ir saglab\u0101t uzman\u012bbu uz riska grup\u0101m un nodro\u0161in\u0101t efekt\u012bvus soci\u0101los pas\u0101kumus, lai mazin\u0101tu nevienl\u012bdz\u012bbu un nodro\u0161in\u0101tu ikvienam iedz\u012bvot\u0101jam pien\u0101c\u012bgu dz\u012bves l\u012bmeni.<\/p>\n","protected":false},"excerpt":{"rendered":"Visp\u0101r\u0113j\u0101 situ\u0101cija P\u0113rn, 2024. gada beig\u0101s, Latvij\u0101 24,7% jeb aptuveni ceturt\u0101 da\u013ca iedz\u012bvot\u0101ju bija pak\u013cauta nabadz\u012bbas riskam. Tas&hellip;\n","protected":false},"author":2,"featured_media":94612,"comment_status":"","ping_status":"","sticky":false,"template":"","format":"standard","meta":{"footnotes":""},"categories":[5],"tags":[23,28,29,13849,32,33,22,23632,30,31,35,39,38,36,37,34,40,23631,20,26,27,23633,24,25,21],"class_list":{"0":"post-94611","1":"post","2":"type-post","3":"status-publish","4":"format-standard","5":"has-post-thumbnail","7":"category-aktualitates","8":"tag-aktualitates","9":"tag-breaking-news","10":"tag-breakingnews","11":"tag-csp-dati","12":"tag-featured-news","13":"tag-featurednews","14":"tag-headlines","15":"tag-iedzivotaju-ienakumi","16":"tag-latest-news","17":"tag-latestnews","18":"tag-latvia","19":"tag-latvian","20":"tag-latviesu","21":"tag-latviesu-valoda","22":"tag-latviesuvaloda","23":"tag-latvija","24":"tag-lv","25":"tag-nabadzibas-risks","26":"tag-news","27":"tag-popularakas-zinas","28":"tag-popularakaszinas","29":"tag-sociala-nevienlidziba","30":"tag-top-stories","31":"tag-topstories","32":"tag-zinas"},"share_on_mastodon":{"url":"https:\/\/pubeurope.com\/@lv\/115840352483474967","error":""},"_links":{"self":[{"href":"https:\/\/www.europesays.com\/lv\/wp-json\/wp\/v2\/posts\/94611","targetHints":{"allow":["GET"]}}],"collection":[{"href":"https:\/\/www.europesays.com\/lv\/wp-json\/wp\/v2\/posts"}],"about":[{"href":"https:\/\/www.europesays.com\/lv\/wp-json\/wp\/v2\/types\/post"}],"author":[{"embeddable":true,"href":"https:\/\/www.europesays.com\/lv\/wp-json\/wp\/v2\/users\/2"}],"replies":[{"embeddable":true,"href":"https:\/\/www.europesays.com\/lv\/wp-json\/wp\/v2\/comments?post=94611"}],"version-history":[{"count":0,"href":"https:\/\/www.europesays.com\/lv\/wp-json\/wp\/v2\/posts\/94611\/revisions"}],"wp:featuredmedia":[{"embeddable":true,"href":"https:\/\/www.europesays.com\/lv\/wp-json\/wp\/v2\/media\/94612"}],"wp:attachment":[{"href":"https:\/\/www.europesays.com\/lv\/wp-json\/wp\/v2\/media?parent=94611"}],"wp:term":[{"taxonomy":"category","embeddable":true,"href":"https:\/\/www.europesays.com\/lv\/wp-json\/wp\/v2\/categories?post=94611"},{"taxonomy":"post_tag","embeddable":true,"href":"https:\/\/www.europesays.com\/lv\/wp-json\/wp\/v2\/tags?post=94611"}],"curies":[{"name":"wp","href":"https:\/\/api.w.org\/{rel}","templated":true}]}}