{"id":94613,"date":"2026-01-05T03:24:03","date_gmt":"2026-01-05T03:24:03","guid":{"rendered":"https:\/\/www.europesays.com\/lv\/94613\/"},"modified":"2026-01-05T03:24:03","modified_gmt":"2026-01-05T03:24:03","slug":"apsveicam-koris-kamer-ceturto-reizi-izcina-eiropas-grand-prix-trofeju-lente-lv-5","status":"publish","type":"post","link":"https:\/\/www.europesays.com\/lv\/94613\/","title":{"rendered":"Apsveicam! Koris &#8220;Kam\u0113r\u2026&#8221; ceturto reizi izc\u012bna Eiropas &#8220;Grand Prix&#8221; trofeju\u00a0\u2014\u00a0Lente.lv"},"content":{"rendered":"<p>Latvijas koris iekarojis pasaules virsotnes<\/p>\n<p>Latvijas jaunie\u0161u koris &#8220;Kam\u0113r&#8230;&#8221; ar savu m\u0101ksliniecisko vad\u012bt\u0101ju un diri\u0123entu Jur\u0123i C\u0101buli ir sv\u0113tdien Sp\u0101nijas pils\u0113t\u0101 Tolos\u0101 izc\u012bn\u012bjis presti\u017eo Eiropas koru &#8220;Grand Prix&#8221; trofeju. Tas ir jau ceturtais triumfs kora v\u0113stur\u0113, kas apliecina Latvijas kora skolas nemain\u012bgi augsto meistar\u012bbas l\u012bmeni un nostiprina Latvijas kult\u016bras starptautisko atpaz\u012bstam\u012bbu.<\/p>\n<p>V\u0113sturiska uzvara Tolos\u0101<\/p>\n<p>Eiropas koru &#8220;Grand Prix&#8221; fin\u0101ls, kas norisin\u0101j\u0101s 26. oktobr\u012b Sp\u0101nijas pils\u0113t\u0101 Tolos\u0101, pulc\u0113ja piecus presti\u017ek\u0101ko Eiropas koru konkursu uzvar\u0113t\u0101jus. &#8220;Kam\u0113r&#8230;&#8221; sevi apliecin\u0101ja k\u0101 p\u0101rliecino\u0161s uzvar\u0113t\u0101js, aiz sevis atst\u0101jot citus augsta l\u012bme\u0146a korus, tai skait\u0101 no Filip\u012bn\u0101m un Indon\u0113zijas, kuri piedal\u012bj\u0101s k\u0101 \u012bspeci\u0101lie viesi. Uzvara \u0161aj\u0101 konkurs\u0101 ne tikai nodro\u0161in\u0101ja &#8220;Kam\u0113r&#8230;&#8221; &#8220;Grand Prix&#8221; trofeju, bet ar\u012b pie\u0161\u0137ira uzaicin\u0101jumu uz presti\u017eo Pasaules koru festiv\u0101lu Honkong\u0101 2026. gad\u0101.<\/p>\n<p>&#8220;Kam\u0113r&#8230;&#8221; \u2013 nebijis pan\u0101kumu mantojums<\/p>\n<p>Latvijas jaunie\u0161u koris &#8220;Kam\u0113r&#8230;&#8221;, kas dibin\u0101ts 1990. gad\u0101 diri\u0123enta M\u0101ra Sirm\u0101 vad\u012bba, ir iekarojis \u012bsvar\u012bgu vietu pasaules korm\u016bzikas vid\u0113. L\u012bdztekus \u0161\u012b gada uzvarai Tolos\u0101, koris &#8220;Grand Prix&#8221; trofeju ir ieguvis ar\u012b iepriek\u0161\u0113jos gados: 2004. gad\u0101 Gor\u012bc\u0101 (It\u0101lija), 2013. gad\u0101 Arec\u0113 (It\u0101lija) un 2019. gad\u0101 Arec\u0113 (It\u0101lija). &#8220;Kam\u0113r&#8230;&#8221; ir vien\u012bg\u0101s koris v\u0113stur\u0113, kas \u0161o balvu ieguvis jau \u010detras reizes. Ansamblis ir ieguvis ar\u012b daudzas citas presti\u017eas balvas, tai skait\u0101 pirmo vietu Starptautiskaj\u0101 kamerkoru konkurs\u0101 Marktoberdorf\u0101, V\u0101cij\u0101 (1999. g.), un tr\u012bs \u0101mpionu titulus Pasaules koru olimpi\u0101d\u0113s.<\/p>\n<p>Jur\u0123is C\u0101bulis \u2013 diri\u0123ents ar starptautisku atzin\u012bbu<\/p>\n<p>Kop\u0161 2022. gada kora m\u0101kslinieciskais vad\u012bt\u0101js un galvenais diri\u0123ents ir Jur\u0123is C\u0101bulis, kur\u0161 pats ir starptautiski atz\u012bts diri\u0123ents un vair\u0101ku godalgu ieguv\u0113js. C\u0101buli ir ieguvis godalgas vair\u0101kos starptautiskos diri\u0123entu konkursos, tai skait\u0101 3. vietu J\u0101zepa V\u012btola 5. Starptautiskaj\u0101 kordiri\u0123entu konkurs\u0101 (2014. g.) un 1. vietu 3. Starptautiskaj\u0101 Juoza Nauja\u013ca kordiri\u0123entu konkurs\u0101 Lietuv\u0101 (2017. g.). Vi\u0146am 2017. gad\u0101 tika pie\u0161\u0137irta J\u0101zepa V\u012btola Latvijas M\u016bzikas akad\u0113mijas un LMT Gada balva jaunajam m\u016bzi\u0137im, k\u0101 ar\u012b vi\u0146a vad\u012btais R\u012bgas Doma kora skolas jauktais koris ieguva Latvijas Liel\u0101s m\u016bzikas balvu kategorij\u0101 \u201cGada koncerts\u201d.<\/p>\n","protected":false},"excerpt":{"rendered":"Latvijas koris iekarojis pasaules virsotnes Latvijas jaunie\u0161u koris &#8220;Kam\u0113r&#8230;&#8221; ar savu m\u0101ksliniecisko vad\u012bt\u0101ju un diri\u0123entu Jur\u0123i C\u0101buli ir&hellip;\n","protected":false},"author":2,"featured_media":91405,"comment_status":"","ping_status":"","sticky":false,"template":"","format":"standard","meta":{"footnotes":""},"categories":[19],"tags":[10048,89,90,9992,10047,23355,35,39,38,36,37,34,40,23142],"class_list":{"0":"post-94613","1":"post","2":"type-post","3":"status-publish","4":"format-standard","5":"has-post-thumbnail","7":"category-izklaide","8":"tag-eiropas-grand-prix","9":"tag-entertainment","10":"tag-izklaide","11":"tag-jurgis-cabulis","12":"tag-kamer","13":"tag-kora-muzika","14":"tag-latvia","15":"tag-latvian","16":"tag-latviesu","17":"tag-latviesu-valoda","18":"tag-latviesuvaloda","19":"tag-latvija","20":"tag-lv","21":"tag-toloza"},"share_on_mastodon":{"url":"https:\/\/pubeurope.com\/@lv\/115840356366989998","error":""},"_links":{"self":[{"href":"https:\/\/www.europesays.com\/lv\/wp-json\/wp\/v2\/posts\/94613","targetHints":{"allow":["GET"]}}],"collection":[{"href":"https:\/\/www.europesays.com\/lv\/wp-json\/wp\/v2\/posts"}],"about":[{"href":"https:\/\/www.europesays.com\/lv\/wp-json\/wp\/v2\/types\/post"}],"author":[{"embeddable":true,"href":"https:\/\/www.europesays.com\/lv\/wp-json\/wp\/v2\/users\/2"}],"replies":[{"embeddable":true,"href":"https:\/\/www.europesays.com\/lv\/wp-json\/wp\/v2\/comments?post=94613"}],"version-history":[{"count":0,"href":"https:\/\/www.europesays.com\/lv\/wp-json\/wp\/v2\/posts\/94613\/revisions"}],"wp:featuredmedia":[{"embeddable":true,"href":"https:\/\/www.europesays.com\/lv\/wp-json\/wp\/v2\/media\/91405"}],"wp:attachment":[{"href":"https:\/\/www.europesays.com\/lv\/wp-json\/wp\/v2\/media?parent=94613"}],"wp:term":[{"taxonomy":"category","embeddable":true,"href":"https:\/\/www.europesays.com\/lv\/wp-json\/wp\/v2\/categories?post=94613"},{"taxonomy":"post_tag","embeddable":true,"href":"https:\/\/www.europesays.com\/lv\/wp-json\/wp\/v2\/tags?post=94613"}],"curies":[{"name":"wp","href":"https:\/\/api.w.org\/{rel}","templated":true}]}}