{"id":94622,"date":"2026-01-05T03:57:10","date_gmt":"2026-01-05T03:57:10","guid":{"rendered":"https:\/\/www.europesays.com\/lv\/94622\/"},"modified":"2026-01-05T03:57:10","modified_gmt":"2026-01-05T03:57:10","slug":"bara-vaditajiem-izvirzitas-slepkavibas-aiz-neveribas-apsudzibas-pec-ugunsgreka-kura-gaja-boja-40-cilveki-lente-lv","status":"publish","type":"post","link":"https:\/\/www.europesays.com\/lv\/94622\/","title":{"rendered":"B\u0101ra vad\u012bt\u0101jiem izvirz\u012btas slepkav\u012bbas aiz nev\u0113r\u012bbas aps\u016bdz\u012bbas p\u0113c ugunsgr\u0113ka, kur\u0101 g\u0101ja boj\u0101 40 cilv\u0113ki\u00a0\u2014\u00a0Lente.lv"},"content":{"rendered":"<p>Tra\u0123\u0113dija Kranmontan\u0101: Jaungada svin\u012bbas p\u0101rtop par murgu<\/p>\n<p>\u0160veices Alpu k\u016brort\u0101 Kranmontan\u0101 Jaungada svin\u012bbas p\u0101rdz\u012bvoju\u0161as posto\u0161u tra\u0123\u0113diju. Nakt\u012b uz ceturtdienu, neilgi p\u0113c pusnakts, b\u0101r\u0101 &#8220;Le Constellation&#8221; izc\u0113lies ugunsgr\u0113ks, kas turpin\u0101jies l\u012bdz pat spr\u0101dzienam. Negad\u012bjum\u0101, p\u0113c s\u0101kotn\u0113j\u0101m zi\u0146\u0101m, dz\u012bv\u012bbu zaud\u0113ju\u0161i aptuveni 40 cilv\u0113ki, bet v\u0113l vismaz 115 guvu\u0161i ievainojumus, daudzi no kuriem ir smag\u0101 st\u0101vokl\u012b. K\u0101 inform\u0113 port\u0101ls NRA, \u0160veices varasiest\u0101des ir s\u0101ku\u0161as izmekl\u0113\u0161anu pret b\u0101ra vad\u012bt\u0101jiem, turot aizdom\u0101s par slepkav\u012bbu aiz nev\u0113r\u012bbas, miesas boj\u0101jumu nodar\u012b\u0161anu aiz nev\u0113r\u012bbas un ugunsgr\u0113ka izrais\u012b\u0161anu aiz nev\u0113r\u012bbas.<\/p>\n<p>Policija pagaid\u0101m nesniedz detaliz\u0113t\u0101ku inform\u0101ciju par notiku\u0161o, ta\u010du ir apstiprin\u0101jusi, ka ir s\u0101kta izmekl\u0113\u0161ana. Tiek izskat\u012bti ar\u012b dro\u0161\u012bbas pas\u0101kumi telp\u0101s, tostarp ugunsdz\u0113\u0161amo apar\u0101tu pieejam\u012bba un evaku\u0101cijas ce\u013cu st\u0101voklis.<\/p>\n<p>Negad\u012bjuma apst\u0101k\u013ci un iesp\u0113jamie c\u0113lo\u0146i<\/p>\n<p>Prec\u012bzs ugunsgr\u0113ka un tam sekojo\u0161\u0101 spr\u0101dziena c\u0113lonis joproj\u0101m tiek skaidrots. S\u0101kotn\u0113j\u0101s versijas liecin\u0101ja par pirotehnikas izmanto\u0161anu pas\u0101kuma laik\u0101, ta\u010du v\u0113l\u0101k policija nor\u0101d\u012bja, ka spr\u0101dziens noticis jau p\u0113c ugunsgr\u0113ka s\u0101kuma, nevis to izrais\u012bjis. Da\u017ei aculiecinieki ir sniegu\u0161i pretrun\u012bgas liec\u012bbas. Viena no versij\u0101m ir t\u0101da, ka b\u0101rmenis uz pleciem nesis darbinieci, kurai rok\u0101s bijusi pudel\u0113 iedurta dego\u0161a svece. \u0160\u012b svece, p\u0113c \u0161\u012bm liec\u012bb\u0101m, aizdedzin\u0101jusi koka griestus, izraisot ugunsgr\u0113ku, kas strauji izplat\u012bjies.<\/p>\n<p>Kransmontana ir starptautiski paz\u012bstams un iecien\u012bts luksusa sl\u0113po\u0161anas k\u016brorts \u0160veices Alpos, kas piesaista daudzus t\u016bristus, \u012bpa\u0161i no Lielbrit\u0101nijas un Francijas. Negad\u012bjums notika ap pulksten 1:30 p\u0113c viet\u0113j\u0101 laika, kad popul\u0101rais b\u0101rs, kur\u0101 var ietilpt vismaz 300 apmekl\u0113t\u0101ju, bija pilns ar cilv\u0113kiem, galvenok\u0101rt gados jauniem cilv\u0113kiem vecum\u0101 no 16 l\u012bdz 30 gadiem.<\/p>\n<p>Izmekl\u0113\u0161ana un atbild\u012bbas jaut\u0101jums<\/p>\n<p>\u0160veices varasiest\u0101des ir s\u0101ku\u0161as akt\u012bvu izmekl\u0113\u0161anu pret b\u0101ra vad\u012bt\u0101jiem. Vi\u0146iem izvirz\u012btas aps\u016bdz\u012bbas par slepkav\u012bbu aiz nev\u0113r\u012bbas, miesas boj\u0101jumu nodar\u012b\u0161anu aiz nev\u0113r\u012bbas un ugunsgr\u0113ka izrais\u012b\u0161anu aiz nev\u0113r\u012bbas. \u0160obr\u012bd tiek p\u0101rbaud\u012bts, vai b\u0101ra ska\u0146as izol\u0101cijas materi\u0101li un citi ugunsdro\u0161\u012bbas pas\u0101kumi atbilda norm\u0101m un standartiem. Lai pal\u012bdz\u0113tu cietu\u0161o \u0123imen\u0113m, policija ir izveidojusi speci\u0101lu pal\u012bdz\u012bbas t\u0101lruni.<\/p>\n<p>Tiesu medi\u0137i un izmekl\u0113t\u0101ji turpina boj\u0101g\u0101ju\u0161o identific\u0113\u0161anas procesu, ko apgr\u016btina smagi apdegumi. Daudzi no ievainotajiem nog\u0101d\u0101ti slimn\u012bc\u0101s Lozann\u0101 un \u017den\u0113v\u0101, un da\u017ei no vi\u0146iem ir kritisk\u0101 st\u0101vokl\u012b. \u0160veices mediji zi\u0146o, ka policija ar\u012b izskata iesp\u0113ju par past\u0101vo\u0161o dro\u0161\u012bbas noteikumu neiev\u0113ro\u0161anu.<\/p>\n<p>Kranmontanas k\u016brorta raksturojums un dro\u0161\u012bbas apsv\u0113rumi<\/p>\n<p>Kransmontana ir ne tikai presti\u017es sl\u0113po\u0161anas k\u016brorts, bet ar\u012b popul\u0101rs galam\u0113r\u0137is t\u016bristiem vis\u0101 pasaul\u0113. K\u016brort\u0101 janv\u0101ra beig\u0101s tika pl\u0101nots r\u012bkot ar\u012b presti\u017e\u0101s FIS Pasaules kausa sacens\u012bbas kalnu sl\u0113po\u0161an\u0101. \u0160is tra\u0123iskais notikums liek aizdom\u0101ties par dro\u0161\u012bbas pas\u0101kumu efektivit\u0101ti izklaides viet\u0101s, \u012bpa\u0161i sv\u0113tku laik\u0101, kad apmekl\u0113t\u0101ju skaits ir \u013coti liels.<\/p>\n<p>\u0160veic\u0113 sp\u0113k\u0101 eso\u0161ie dro\u0161\u012bbas noteikumi attiecas uz da\u017e\u0101d\u0101m jom\u0101m, tostarp ce\u013cu satiksmi un \u0113ku dro\u0161\u012bbu. Lai gan \u0161obr\u012bd nav pla\u0161\u0101kas inform\u0101cijas par konkr\u0113tajiem dro\u0161\u012bbas standartiem, kas tika p\u0101rk\u0101pti b\u0101r\u0101 &#8220;Le Constellation&#8221;, izmekl\u0113\u0161ana noteikti piev\u0113rs\u012bs uzman\u012bbu ar\u012b \u0161iem aspektiem.<\/p>\n<p>Starptautisk\u0101 reakcija un atbalsts<\/p>\n<p>Negad\u012bjums ir izrais\u012bjis pla\u0161u rezonansi gan \u0160veic\u0113, gan starptautiski. Francijas \u0100rlietu ministrija ir apstiprin\u0101jusi, ka starp ievainotajiem ir ar\u012b divi Francijas pilso\u0146i, savuk\u0101rt It\u0101lijas \u0100rlietu ministrija zi\u0146o par 15 ievainotiem It\u0101lijas pilso\u0146iem. Notiek intens\u012bva sadarb\u012bba starp valstu varasiest\u0101d\u0113m, lai sniegtu visu nepiecie\u0161amo atbalstu cietu\u0161ajiem un vi\u0146u \u0123imen\u0113m.<\/p>\n<p>\u0160\u012b tra\u0123\u0113dija ir smags atg\u0101din\u0101jums par to, cik svar\u012bgi ir stingri iev\u0113rot dro\u0161\u012bbas noteikumus un nov\u0113rt\u0113t riskus, \u012bpa\u0161i masveida pas\u0101kumu laik\u0101. Izmekl\u0113\u0161anas rezult\u0101ti sniegs skaidr\u0101ku priek\u0161statu par notiku\u0161\u0101 c\u0113lo\u0146iem un pal\u012bdz\u0113s nov\u0113rst l\u012bdz\u012bgu negad\u012bjumu atk\u0101rto\u0161anos n\u0101kotn\u0113.<\/p>\n","protected":false},"excerpt":{"rendered":"Tra\u0123\u0113dija Kranmontan\u0101: Jaungada svin\u012bbas p\u0101rtop par murgu \u0160veices Alpu k\u016brort\u0101 Kranmontan\u0101 Jaungada svin\u012bbas p\u0101rdz\u012bvoju\u0161as posto\u0161u tra\u0123\u0113diju. Nakt\u012b uz&hellip;\n","protected":false},"author":2,"featured_media":94623,"comment_status":"","ping_status":"","sticky":false,"template":"","format":"standard","meta":{"footnotes":""},"categories":[14],"tags":[23,57,23638,28,29,32,33,22,23033,30,31,35,39,38,36,37,34,40,20,26,27,7239,24,25,2425,377,54,55,56,21,58],"class_list":{"0":"post-94622","1":"post","2":"type-post","3":"status-publish","4":"format-standard","5":"has-post-thumbnail","7":"category-zinas-no-arvalstim","8":"tag-aktualitates","9":"tag-arvalstim","10":"tag-bars","11":"tag-breaking-news","12":"tag-breakingnews","13":"tag-featured-news","14":"tag-featurednews","15":"tag-headlines","16":"tag-jaungada-nakts","17":"tag-latest-news","18":"tag-latestnews","19":"tag-latvia","20":"tag-latvian","21":"tag-latviesu","22":"tag-latviesu-valoda","23":"tag-latviesuvaloda","24":"tag-latvija","25":"tag-lv","26":"tag-news","27":"tag-popularakas-zinas","28":"tag-popularakaszinas","29":"tag-sveice","30":"tag-top-stories","31":"tag-topstories","32":"tag-tragedija","33":"tag-ugunsgreks","34":"tag-world","35":"tag-world-news","36":"tag-worldnews","37":"tag-zinas","38":"tag-zinas-no-arvalstim"},"share_on_mastodon":{"url":"https:\/\/pubeurope.com\/@lv\/115840486115780565","error":""},"_links":{"self":[{"href":"https:\/\/www.europesays.com\/lv\/wp-json\/wp\/v2\/posts\/94622","targetHints":{"allow":["GET"]}}],"collection":[{"href":"https:\/\/www.europesays.com\/lv\/wp-json\/wp\/v2\/posts"}],"about":[{"href":"https:\/\/www.europesays.com\/lv\/wp-json\/wp\/v2\/types\/post"}],"author":[{"embeddable":true,"href":"https:\/\/www.europesays.com\/lv\/wp-json\/wp\/v2\/users\/2"}],"replies":[{"embeddable":true,"href":"https:\/\/www.europesays.com\/lv\/wp-json\/wp\/v2\/comments?post=94622"}],"version-history":[{"count":0,"href":"https:\/\/www.europesays.com\/lv\/wp-json\/wp\/v2\/posts\/94622\/revisions"}],"wp:featuredmedia":[{"embeddable":true,"href":"https:\/\/www.europesays.com\/lv\/wp-json\/wp\/v2\/media\/94623"}],"wp:attachment":[{"href":"https:\/\/www.europesays.com\/lv\/wp-json\/wp\/v2\/media?parent=94622"}],"wp:term":[{"taxonomy":"category","embeddable":true,"href":"https:\/\/www.europesays.com\/lv\/wp-json\/wp\/v2\/categories?post=94622"},{"taxonomy":"post_tag","embeddable":true,"href":"https:\/\/www.europesays.com\/lv\/wp-json\/wp\/v2\/tags?post=94622"}],"curies":[{"name":"wp","href":"https:\/\/api.w.org\/{rel}","templated":true}]}}