{"id":94625,"date":"2026-01-05T04:03:17","date_gmt":"2026-01-05T04:03:17","guid":{"rendered":"https:\/\/www.europesays.com\/lv\/94625\/"},"modified":"2026-01-05T04:03:17","modified_gmt":"2026-01-05T04:03:17","slug":"zelenskis-pec-venecuelas-notikumiem-vek-paraleles-ar-krieviju-ja-ar-diktatoriem-var-rikoties-sadi-tad-asv-zina-ko-darit-talak-1188-lv","status":"publish","type":"post","link":"https:\/\/www.europesays.com\/lv\/94625\/","title":{"rendered":"Zelenskis p\u0113c Venecu\u0113las notikumiem vek paral\u0113les ar Krieviju: &quot;Ja ar diktatoriem var r\u012bkoties \u0161\u0101di, tad ASV zina, ko dar\u012bt t\u0101l\u0101k!&quot; &#8211; 1188.lv"},"content":{"rendered":"<ol>\n<li><a href=\"https:\/\/news.google.com\/rss\/articles\/CBMi7gFBVV95cUxPUFBVeFUxQVpaaWJUNXFDVGgwZlBJRTcyLVNKbkxWTWREcTVia0M0ZEFkYXVESXdnZThUZS1URnV6b1Y2TFpjZlV6UjhnYUo0X2R2eEVQb0hEWi1OdjJzdEtpUzFsTkFHNklJT1h6dlhLRW5qMVYxbEd0U2MyTDlmckZMTEtKVF9Bd1hya01OVlBPR05jOG9tczNxUDZPNHdCNU5KVVpUSzFReS1xTGJFNWRKR0pQNTcxYlZlbGJsS1FPWmJ3YXlCdC16dXFVcW5ral82ekNVX0lvWkxSLXliVDFHMXhFRWJ4VGRCWGJ3?oc=5\" target=\"_blank\" rel=\"nofollow noopener\">Zelenskis p\u0113c Venecu\u0113las notikumiem vek paral\u0113les ar Krieviju: &#8220;Ja ar diktatoriem var r\u012bkoties \u0161\u0101di, tad ASV zina, ko dar\u012bt t\u0101l\u0101k!&#8221;<\/a>&nbsp;&nbsp;1188.lv<\/li>\n<li><a href=\"https:\/\/news.google.com\/rss\/articles\/CBMiogFBVV95cUxPQWxzSG5XYkhpYm1RZXQ5ZW5ab3paMnlYbGNzczRiUGZVNVlsVk5vb3RmbzJ5LVZGekJ0cUZucE0xMGZ0TkRhemlZWThrR2JBeW5nR01SRFEyUEJXZFZ2RVNmM3VPV0dDLUtfSnBfX2tyc2x6ekF1ODdBY19LQ0diLThrVnJRa0FJYTJWYmtJRXhCV1VJUUI4SENXMmNxSE9WNnc?oc=5\" target=\"_blank\" rel=\"nofollow noopener\">Zelenskis sola p\u0101rstart\u0113t visas strukt\u016bras, ja Krievija trauc\u0113s sarunas<\/a>&nbsp;&nbsp;Apollo.lv<\/li>\n<li><a href=\"https:\/\/news.google.com\/rss\/articles\/CBMikwFBVV95cUxQdGFIQ3hxVHAwdjgxNXZGaXZkS2dnZktPNXJNWjU3ZTRTWXFDa3lhNlJkTTF2VTdOcHVmdGFjNXRFeVNyMkNMeG5hYWkxOHVyaHVJajk5MFJkNWZzOFVzNFZpam1qSTdrZ3ZqT3lKM3BrRUgwNlRnSXROYTk3QkVXTUVQNXdONHJKTXFiNTh4Wi1OTDQ?oc=5\" target=\"_blank\" rel=\"nofollow noopener\">Kijiv\u0101 tiksies vair\u0101ku valstu nacion\u0101l\u0101s dro\u0161\u012bbas padomnieki<\/a>&nbsp;&nbsp;TVNET<\/li>\n<li><a href=\"https:\/\/news.google.com\/rss\/articles\/CBMikAFBVV95cUxNTmIzdEE4MnJDMFp5eUtVU1NZemRuVlowZHIzM19naS12blQ0Q0JVVW05d0xxdmw0enl2aVI4UDV6UWJfTW9PcHNEMkMxRTlSRTQ5d3dTSlJwVkJTTzFHdXdiaUZ2XzNjOXpxXzkzVExWMGFuM2dJaGM4VkswYjB0ekJfaU9sYXZDSDZFZjNlX2Q?oc=5\" target=\"_blank\" rel=\"nofollow noopener\">Zelenskis pazi\u0146o, kad var\u0113tu iest\u0101ties miers Ukrain\u0101<\/a>&nbsp;&nbsp;NRA<\/li>\n<li><a href=\"https:\/\/news.google.com\/rss\/articles\/CBMixgFBVV95cUxNb2VWNldFZ3NRQUtDWHlQb1ZtTC1Ld1hLNjRpTmx5UzFtVzBrMTZZd05tSUk1Qi1IdEgyT0FTQy1zemdCWWdFc3JCVjE5OG9fcjBwVEJ6eVVnSlE1MVFQWTltYWdadERpeHlfbnJtOVU1TThpcm9kWHRXM0Eyc0FWYmtfQk50bWFqeldYbGJ2ZWZ3VHlUUXJKVDIzV1dvU2UzcjFscU13QjBYcmRxdGFmdGR2TXhaa040aHdxajdxZEhMRkZBTVE?oc=5\" target=\"_blank\" rel=\"nofollow noopener\">Zelenskis Jaungada uzrun\u0101: Ukraina v\u0113las mieru, bet ne par katru cenu \/ Raksts<\/a>&nbsp;&nbsp;LSM<\/li>\n<\/ol>\n","protected":false},"excerpt":{"rendered":"Zelenskis p\u0113c Venecu\u0113las notikumiem vek paral\u0113les ar Krieviju: &#8220;Ja ar diktatoriem var r\u012bkoties \u0161\u0101di, tad ASV zina, ko&hellip;\n","protected":false},"author":2,"featured_media":94626,"comment_status":"","ping_status":"","sticky":false,"template":"","format":"standard","meta":{"footnotes":""},"categories":[14],"tags":[129,3263,23,57,28,29,32,33,22,30,31,35,39,38,36,37,34,40,20,26,27,3264,3265,24,25,54,55,56,21,58],"class_list":{"0":"post-94625","1":"post","2":"type-post","3":"status-publish","4":"format-standard","5":"has-post-thumbnail","7":"category-zinas-no-arvalstim","8":"tag-__typenameadvicekeyword","9":"tag-id555","10":"tag-aktualitates","11":"tag-arvalstim","12":"tag-breaking-news","13":"tag-breakingnews","14":"tag-featured-news","15":"tag-featurednews","16":"tag-headlines","17":"tag-latest-news","18":"tag-latestnews","19":"tag-latvia","20":"tag-latvian","21":"tag-latviesu","22":"tag-latviesu-valoda","23":"tag-latviesuvaloda","24":"tag-latvija","25":"tag-lv","26":"tag-news","27":"tag-popularakas-zinas","28":"tag-popularakaszinas","29":"tag-slugvolodimirs-zelenskis","30":"tag-titlevolodimirs-zelenskis","31":"tag-top-stories","32":"tag-topstories","33":"tag-world","34":"tag-world-news","35":"tag-worldnews","36":"tag-zinas","37":"tag-zinas-no-arvalstim"},"share_on_mastodon":{"url":"","error":"Validation failed: Text character limit of 500 exceeded"},"_links":{"self":[{"href":"https:\/\/www.europesays.com\/lv\/wp-json\/wp\/v2\/posts\/94625","targetHints":{"allow":["GET"]}}],"collection":[{"href":"https:\/\/www.europesays.com\/lv\/wp-json\/wp\/v2\/posts"}],"about":[{"href":"https:\/\/www.europesays.com\/lv\/wp-json\/wp\/v2\/types\/post"}],"author":[{"embeddable":true,"href":"https:\/\/www.europesays.com\/lv\/wp-json\/wp\/v2\/users\/2"}],"replies":[{"embeddable":true,"href":"https:\/\/www.europesays.com\/lv\/wp-json\/wp\/v2\/comments?post=94625"}],"version-history":[{"count":0,"href":"https:\/\/www.europesays.com\/lv\/wp-json\/wp\/v2\/posts\/94625\/revisions"}],"wp:featuredmedia":[{"embeddable":true,"href":"https:\/\/www.europesays.com\/lv\/wp-json\/wp\/v2\/media\/94626"}],"wp:attachment":[{"href":"https:\/\/www.europesays.com\/lv\/wp-json\/wp\/v2\/media?parent=94625"}],"wp:term":[{"taxonomy":"category","embeddable":true,"href":"https:\/\/www.europesays.com\/lv\/wp-json\/wp\/v2\/categories?post=94625"},{"taxonomy":"post_tag","embeddable":true,"href":"https:\/\/www.europesays.com\/lv\/wp-json\/wp\/v2\/tags?post=94625"}],"curies":[{"name":"wp","href":"https:\/\/api.w.org\/{rel}","templated":true}]}}