{"id":94633,"date":"2026-01-05T04:28:09","date_gmt":"2026-01-05T04:28:09","guid":{"rendered":"https:\/\/www.europesays.com\/lv\/94633\/"},"modified":"2026-01-05T04:28:09","modified_gmt":"2026-01-05T04:28:09","slug":"ko-darit-lai-neizkup-gaisa-jauna-gada-apnemsanas-est-veseligak-un-sportot","status":"publish","type":"post","link":"https:\/\/www.europesays.com\/lv\/94633\/","title":{"rendered":"Ko dar\u012bt, lai neizk\u016bp gais\u0101 jaun\u0101 gada ap\u0146em\u0161an\u0101s \u0113st vesel\u012bg\u0101k un sportot"},"content":{"rendered":"<p>Jauna gada s\u0101kums alla\u017e ir t\u0101ds p\u0101rdomu pilns, un \u0161o p\u0101rdomu laik\u0101 daudzi no mums izv\u0113las sav\u0101 dz\u012bv\u0113 ko main\u012bt.<\/p>\n<p>\u0112st vesel\u012bg\u0101k un b\u016bt fiziski akt\u012bvam \u2013 lieliska ap\u0146em\u0161an\u0101s, kuru patiesi vajadz\u0113tu katram no mums, jo \u0161\u0101da ap\u0146em\u0161an\u0101s tikai uzlabos dz\u012bves kvalit\u0101ti. Un, ja v\u0113l k\u0101dam izdodas atbr\u012bvoties no k\u0101da trauc\u0113jo\u0161a kilograma, \u2013 pavisam izcili.<\/p>\n<p>Ar\u012b manis pa\u0161as pieredz\u0113 ir gan dzird\u0113ts, gan esmu sask\u0101rusies ar to, ka ap\u0146em\u0161an\u0101s ir, k\u0101du laiku viss ar\u012b notiek, un tad vien\u0101 br\u012bd\u012b cilv\u0113ks, iesp\u0113jams, pat \u012bsti nepamanot, atkal ir turpat, kur bija vec\u0101 gada izska\u0146\u0101, vai ar\u012b \u013coti apzin\u0101ti pazi\u0146o, ka vi\u0146am \u0161o visu tom\u0113r nevajag un ir labi, k\u0101 ir.<\/p>\n<p><a href=\"https:\/\/receptes.tvnet.lv\/term\/596943\/uztura-specialiste\" class=\"topicLink\" target=\"_blank\" rel=\"nofollow noopener\">Uztura speci\u0101liste<\/a> Guna Rijkure iez\u012bm\u0113ja izplat\u012bt\u0101kos iemeslus, k\u0101p\u0113c mums neizdodas \u0113st vesel\u012bg\u0101k, nomest k\u0101du kilogramu un b\u016bt fiziski akt\u012bv\u0101kiem.<\/p>\n","protected":false},"excerpt":{"rendered":"Jauna gada s\u0101kums alla\u017e ir t\u0101ds p\u0101rdomu pilns, un \u0161o p\u0101rdomu laik\u0101 daudzi no mums izv\u0113las sav\u0101 dz\u012bv\u0113&hellip;\n","protected":false},"author":2,"featured_media":94634,"comment_status":"","ping_status":"","sticky":false,"template":"","format":"standard","meta":{"footnotes":""},"categories":[12],"tags":[23,28,29,20087,32,33,22,30,31,35,39,38,36,37,34,40,20,26,27,24,25,7070,23639,2148,181,7776,21],"class_list":{"0":"post-94633","1":"post","2":"type-post","3":"status-publish","4":"format-standard","5":"has-post-thumbnail","7":"category-latvija","8":"tag-aktualitates","9":"tag-breaking-news","10":"tag-breakingnews","11":"tag-dieta","12":"tag-featured-news","13":"tag-featurednews","14":"tag-headlines","15":"tag-latest-news","16":"tag-latestnews","17":"tag-latvia","18":"tag-latvian","19":"tag-latviesu","20":"tag-latviesu-valoda","21":"tag-latviesuvaloda","22":"tag-latvija","23":"tag-lv","24":"tag-news","25":"tag-popularakas-zinas","26":"tag-popularakaszinas","27":"tag-top-stories","28":"tag-topstories","29":"tag-tvnet-receptes","30":"tag-uztura-specialiste","31":"tag-uzturs","32":"tag-veseliba","33":"tag-veseligs-uzturs","34":"tag-zinas"},"share_on_mastodon":{"url":"https:\/\/pubeurope.com\/@lv\/115840608015893341","error":""},"_links":{"self":[{"href":"https:\/\/www.europesays.com\/lv\/wp-json\/wp\/v2\/posts\/94633","targetHints":{"allow":["GET"]}}],"collection":[{"href":"https:\/\/www.europesays.com\/lv\/wp-json\/wp\/v2\/posts"}],"about":[{"href":"https:\/\/www.europesays.com\/lv\/wp-json\/wp\/v2\/types\/post"}],"author":[{"embeddable":true,"href":"https:\/\/www.europesays.com\/lv\/wp-json\/wp\/v2\/users\/2"}],"replies":[{"embeddable":true,"href":"https:\/\/www.europesays.com\/lv\/wp-json\/wp\/v2\/comments?post=94633"}],"version-history":[{"count":0,"href":"https:\/\/www.europesays.com\/lv\/wp-json\/wp\/v2\/posts\/94633\/revisions"}],"wp:featuredmedia":[{"embeddable":true,"href":"https:\/\/www.europesays.com\/lv\/wp-json\/wp\/v2\/media\/94634"}],"wp:attachment":[{"href":"https:\/\/www.europesays.com\/lv\/wp-json\/wp\/v2\/media?parent=94633"}],"wp:term":[{"taxonomy":"category","embeddable":true,"href":"https:\/\/www.europesays.com\/lv\/wp-json\/wp\/v2\/categories?post=94633"},{"taxonomy":"post_tag","embeddable":true,"href":"https:\/\/www.europesays.com\/lv\/wp-json\/wp\/v2\/tags?post=94633"}],"curies":[{"name":"wp","href":"https:\/\/api.w.org\/{rel}","templated":true}]}}