{"id":94649,"date":"2026-01-05T04:51:08","date_gmt":"2026-01-05T04:51:08","guid":{"rendered":"https:\/\/www.europesays.com\/lv\/94649\/"},"modified":"2026-01-05T04:51:08","modified_gmt":"2026-01-05T04:51:08","slug":"trampam-zemak-stavosu-personu-intereses-ir-pie-pecpuses-karla-streipa-2025-gada-atskats","status":"publish","type":"post","link":"https:\/\/www.europesays.com\/lv\/94649\/","title":{"rendered":"Trampam \u201czem\u0101k\u201d st\u0101vo\u0161u personu intereses ir pie p\u0113cpuses. K\u0101r\u013ca Streipa 2025. gada atskats"},"content":{"rendered":"<p>    <img decoding=\"async\" src=\"https:\/\/www.europesays.com\/lv\/wp-content\/uploads\/2026\/01\/streips-4-800x533.jpg\" alt=\"&#10;\"\/><\/p>\n<p>Publicit\u0101tes foto\n<\/p>\n<p>S\u0101k\u0161u \u0161o pirmo koment\u0101ru 2026. gad\u0101 ar v\u0113l\u0113jumu, lai visiem LA.LV kol\u0113\u0123iem un las\u012bt\u0101jiem \u0161is gads b\u016btu prieka un veiksmes pilns!   2025. gads bija sare\u017e\u0123\u012bts.  Varb\u016bt \u0161is jaunais gads b\u016bs \u2026 mier\u012bg\u0101ks?<\/p>\n<p>        Las\u012bt\u0101kie<br \/>\n        <a data-imagesrc=\"{&quot;300&quot;:&quot;https:\\\/\\\/lastatic.ams3.cdn.digitaloceanspaces.com\\\/2023\\\/03\\\/shutterstock_1855711123-300x240.jpg&quot;,&quot;768&quot;:&quot;https:\\\/\\\/lastatic.ams3.cdn.digitaloceanspaces.com\\\/2023\\\/03\\\/shutterstock_1855711123-768x614.jpg&quot;,&quot;200&quot;:&quot;https:\\\/\\\/lastatic.ams3.cdn.digitaloceanspaces.com\\\/2023\\\/03\\\/shutterstock_1855711123-200x160.jpg&quot;,&quot;400&quot;:&quot;https:\\\/\\\/lastatic.ams3.cdn.digitaloceanspaces.com\\\/2023\\\/03\\\/shutterstock_1855711123-400x320.jpg&quot;,&quot;500&quot;:&quot;https:\\\/\\\/lastatic.ams3.cdn.digitaloceanspaces.com\\\/2023\\\/03\\\/shutterstock_1855711123-500x400.jpg&quot;,&quot;800&quot;:&quot;https:\\\/\\\/lastatic.ams3.cdn.digitaloceanspaces.com\\\/2023\\\/03\\\/shutterstock_1855711123.jpg&quot;}\" data-focuspoint=\"&quot;&quot;\" data-p=\"2488055\" href=\"https:\/\/www.la.lv\/dzimsanas-menesis-atklaj-tavas-dveseles-misiju-ko-dzive-patiesiba-velas-no-tevis\" class=\"content-item lazy-load\" wp_automatic_readability=\"26\" rel=\"nofollow noopener\" target=\"_blank\"><\/p>\n<p>                                <img decoding=\"async\" src=\"\" alt=\"\" style=\"\" data-imageid=\"\"\/><\/p>\n<p>                                Kokteilis<\/p>\n<p>\n                                                Dzim\u0161anas m\u0113nesis atkl\u0101j tavas dv\u0113seles misiju: ko dz\u012bve paties\u012bb\u0101 v\u0113las no tevis\n                            <\/p>\n<p><\/a><a data-imagesrc=\"{&quot;300&quot;:&quot;https:\\\/\\\/lastatic.ams3.cdn.digitaloceanspaces.com\\\/2025\\\/02\\\/LET_24821274-1-300x212.jpg&quot;,&quot;768&quot;:&quot;https:\\\/\\\/lastatic.ams3.cdn.digitaloceanspaces.com\\\/2025\\\/02\\\/LET_24821274-1-768x541.jpg&quot;,&quot;200&quot;:&quot;https:\\\/\\\/lastatic.ams3.cdn.digitaloceanspaces.com\\\/2025\\\/02\\\/LET_24821274-1-200x141.jpg&quot;,&quot;400&quot;:&quot;https:\\\/\\\/lastatic.ams3.cdn.digitaloceanspaces.com\\\/2025\\\/02\\\/LET_24821274-1-400x282.jpg&quot;,&quot;500&quot;:&quot;https:\\\/\\\/lastatic.ams3.cdn.digitaloceanspaces.com\\\/2025\\\/02\\\/LET_24821274-1-500x353.jpg&quot;,&quot;800&quot;:&quot;https:\\\/\\\/lastatic.ams3.cdn.digitaloceanspaces.com\\\/2025\\\/02\\\/LET_24821274-1-800x564.jpg&quot;,&quot;1000&quot;:&quot;https:\\\/\\\/lastatic.ams3.cdn.digitaloceanspaces.com\\\/2025\\\/02\\\/LET_24821274-1.jpg&quot;}\" data-focuspoint=\"{&quot;x&quot;:&quot;50.43754378608738&quot;,&quot;y&quot;:&quot;27.4285611475196&quot;}\" data-p=\"2488017\" href=\"https:\/\/www.la.lv\/gulbis-arvalstu-izlukdienesti-biezi-un-atklati-runa-ka-krievija-varetu-uzbrukt-kadai-baltijas-valstij-musu-drosibas-dienesti-izliekas-ka-nekas-nenotiek\" class=\"content-item lazy-load\" wp_automatic_readability=\"26.5\" rel=\"nofollow noopener\" target=\"_blank\"><\/p>\n<p>                                <img decoding=\"async\" src=\"\" alt=\"\" style=\"object-position: 50.43754378608738% 27.4285611475196%\" data-imageid=\"\"\/><\/p>\n<p>                                TV24<\/p>\n<p>                                            Krievijas draudi Baltijas valst\u012bm: k\u0101p\u0113c m\u016bsu dro\u0161\u012bbas dienesti klus\u0113 par to, kas gaid\u0101ms?\n                            <\/p>\n<p><\/a><a data-imagesrc=\"{&quot;300&quot;:&quot;https:\\\/\\\/lastatic.ams3.cdn.digitaloceanspaces.com\\\/2019\\\/06\\\/LET_108729931-300x195.jpg&quot;,&quot;768&quot;:&quot;https:\\\/\\\/lastatic.ams3.cdn.digitaloceanspaces.com\\\/2019\\\/06\\\/LET_108729931-768x499.jpg&quot;,&quot;200&quot;:&quot;https:\\\/\\\/lastatic.ams3.cdn.digitaloceanspaces.com\\\/2019\\\/06\\\/LET_108729931-200x130.jpg&quot;,&quot;400&quot;:&quot;https:\\\/\\\/lastatic.ams3.cdn.digitaloceanspaces.com\\\/2019\\\/06\\\/LET_108729931-400x260.jpg&quot;,&quot;500&quot;:&quot;https:\\\/\\\/lastatic.ams3.cdn.digitaloceanspaces.com\\\/2019\\\/06\\\/LET_108729931-500x325.jpg&quot;,&quot;800&quot;:&quot;https:\\\/\\\/lastatic.ams3.cdn.digitaloceanspaces.com\\\/2019\\\/06\\\/LET_108729931-800x520.jpg&quot;,&quot;1000&quot;:&quot;https:\\\/\\\/lastatic.ams3.cdn.digitaloceanspaces.com\\\/2019\\\/06\\\/LET_108729931.jpg&quot;}\" data-focuspoint=\"&quot;&quot;\" data-p=\"2488039\" href=\"https:\/\/www.la.lv\/dazas-minutes-velak-redzeju-ka-jauniesi-saka-sist-sis-sievietes-trolejbusa-noticis-kautins-bet-apkartejie-vien-bolijusi-acis\" class=\"content-item lazy-load\" wp_automatic_readability=\"27.5\" rel=\"nofollow noopener\" target=\"_blank\"><\/p>\n<p>                                <img decoding=\"async\" src=\"\" alt=\"\" style=\"\" data-imageid=\"\"\/><\/p>\n<p>\n                                                \u201cDa\u017eas min\u016btes v\u0113l\u0101k redz\u0113ju, k\u0101 jaunie\u0161i s\u0101ka sist \u0161\u012bs sievietes.\u201d Trolejbus\u0101 noticis kauti\u0146\u0161, bet apk\u0101rt\u0113jie vien \u201cbol\u012bju\u0161i acis\u201d\n                            <\/p>\n<p><\/a><br \/>\n        <a class=\"read-more\" href=\"https:\/\/www.la.lv\/top\" rel=\"nofollow noopener\" target=\"_blank\">Las\u012bt citas zi\u0146as<\/a><\/p>\n<p>Pasaul\u0113 ir daudz konfliktu, bet divi, kuriem beigas ner\u0101d\u0101s esam nekur tuvu.  P\u0113c p\u0101ris ned\u0113\u013c\u0101m b\u016bs \u010detri gadi, kop\u0161 Krem\u013ca barbars uzs\u0101ka savu \u201cspeci\u0101lo milit\u0101ro oper\u0101ciju\u201d Ukrain\u0101.<\/p>\n<p>Par to port\u0101l\u0101 esmu rakst\u012bjis bie\u017ei vien.  Patlaban sausais atlikums:  Amerikas prezidents Tramps turpina uzskat\u012bt, ka situ\u0101ciju vi\u0146\u0161 vien var atrisin\u0101t.  Ukrai\u0146i saprot, ka vi\u0146\u0161 vislab\u0101k grib\u0113tu situ\u0101ciju, kur\u0101 Ukraina ir spiesta piek\u0101pties jaut\u0101jumos par okup\u0113taj\u0101m teritorij\u0101m un par pa\u0161as Ukrainas n\u0101kotni civiliz\u0113taj\u0101 pasaul\u0113, un l\u012bdz ar to vi\u0146u par vislab\u0101ko pal\u012bgu \u0161aj\u0101 zi\u0146\u0101 uzskat\u012bt nevar.<\/p>\n<p>    CITI \u0160OBR\u012aD LASA<\/p>\n<blockquote><p>Kremlis joproj\u0101m ir uzst\u0101j\u012bbas pilns, ka tas nek\u0101du pamieru vai uguns p\u0101rtrauk\u0161anu negrib.  Jaut\u0101jums \u0161ogad b\u016bs par to, vai Eiropa beidzot sp\u0113s sav\u0101kties un vairs neraudz\u012bties sav\u0101 nab\u0101 katru reizi, kad jaut\u0101jums ir par \u0161\u012b barbarisma aptur\u0113\u0161anu.<\/p><\/blockquote>\n<p>Amerikas prezidenta otrs lielais m\u0113r\u0137is \u0161aj\u0101 kategorij\u0101 ir situ\u0101cija Izra\u0113l\u0101 un Gaz\u0101.  Tur t\u0101pat k\u0101 Ukrainas gad\u012bjum\u0101 no Va\u0161ingtonas n\u0101kusi pla\u0161a v\u0101vu\u013co\u0161ana par to, k\u0101 Gaz\u0101 tagad var\u0113s b\u016bt kaut kas l\u012bdz\u012bgs Rivj\u0113rai Francij\u0101 ar lepniem dz\u012bvok\u013ciem un visu p\u0101r\u0113jo.<\/p>\n<p>Lieki teikt, tiem diviem miljoniem palest\u012bnie\u0161u, kuru dz\u012bves ofici\u0101l\u0101 Izra\u0113la p\u0113d\u0113jo divu gadu laik\u0101 ir sagr\u0101vusi l\u012bdz pamatn\u0113m, no Amerikas prezidenta grandiozajiem pl\u0101niem neb\u016bs nek\u0101da labuma visp\u0101r.<\/p>\n<p>Te piebild\u012b\u0161u, ka konkr\u0113ti \u0161aj\u0101 zi\u0146\u0101 Amerikas prezidents ir cilv\u0113ks, kuram citu, \u201czem\u0101k\u201d st\u0101vo\u0161u personu intereses nudien ir pie p\u0113cpuses. <\/p>\n<p>Tas pats sak\u0101ms par faktu, ka vi\u0146\u0161 lika nojaukt vienu no Balt\u0101 nama v\u0113sturiskajiem sp\u0101rniem ar m\u0113r\u0137i t\u0101 viet\u0101 uzcelt lepnu balles z\u0101li.<\/p>\n<p>K\u0101 esmu rakst\u012bjis citreiz, Amerikas prezidents neatg\u0101dina nevienu citu, cik \u013coti vi\u0146\u0161 atg\u0101dina Mariju Antuaneti, kuras m\u012blest\u012bba pret grezn\u012bbu laik\u0101, kad vienk\u0101r\u0161\u0101 tauta tuvoj\u0101s izn\u012bc\u012bbai, k\u013cuva par veselu le\u0123endu.<\/p>\n<blockquote><p>Gan Ukrainas, gan Izra\u0113las gad\u012bjum\u0101 Amerikas ofici\u0101l\u0101 politika patlaban st\u0101v agresora un nevis upura pus\u0113.  \u0160aj\u0101 zi\u0146\u0101 Savienot\u0101s Valstis ir piln\u012bb\u0101 atk\u0101pu\u0161\u0101s no gadsimtiem veidotiem principiem vienk\u0101r\u0161i t\u0101p\u0113c, ka aizp\u0113rn novembr\u012b amerik\u0101\u0146i zaud\u0113ja veselo sapr\u0101tu un amat\u0101 iev\u0113l\u0113ja noties\u0101tu noziedznieku ar ac\u012bmredzam\u0101m demences paz\u012bm\u0113m.<\/p><\/blockquote>\n<p>Visai pasaulei kait\u012bgi tarifi un intens\u012bvi centieni pa\u0161m\u0101j\u0101s sagraut gan demokr\u0101tiju, gan ar\u012b un it \u012bpa\u0161i Amerikas soci\u0101l\u0101 nodro\u0161in\u0101juma sist\u0113mu \u2013 t\u0101s, l\u016bk, ir sekas min\u0113tajam un l\u012bdz kli\u0146\u0137iem mu\u013c\u0137\u012bgajam l\u0113mumam.<\/p>\n<p>Tikai viens piem\u0113rs:  2010. gad\u0101 Kongress pie\u0146\u0113ma likumu par vesel\u012bbas apdro\u0161in\u0101\u0161anas nodro\u0161in\u0101\u0161anu daudz pla\u0161\u0101kam kl\u0101stam amerik\u0101\u0146u, nek\u0101 tas bija pirms tam.<\/p>\n<p>Republik\u0101\u0146i pret to iebilda ar visaugst\u0101ko demago\u0123ijas pak\u0101pi, bet tobr\u012bd Demokr\u0101tu partijai bija vair\u0101kums ab\u0101s Kongresa pal\u0101t\u0101s, un likumprojekts tika apstiprin\u0101ts.<\/p>\n<p>2012. gad\u0101 republik\u0101\u0146i atguva vair\u0101kumu Kongresa apak\u0161pal\u0101t\u0101 un n\u0101kamo gadu laik\u0101 atkal un atkal, un atkal, un atkal, un atkal balsoja par vesel\u012bbas apdro\u0161in\u0101\u0161anas programmas likvid\u0113\u0161anu \u2013 ne t\u0101p\u0113c, ka t\u0101 b\u016btu kaut k\u0101 kait\u012bga, bet gan t\u0101p\u0113c, ka t\u0101s galvenais autors bija prezidents Baraks Obama, kuru demago\u0123isk\u0101k noska\u0146oti republik\u0101\u0146i aprakst\u012bja k\u0101 musulma\u0146u noziedznieku, kas piedzimis \u0100frik\u0101 un l\u012bdz ar to nebija ties\u012bgs visp\u0101r k\u013c\u016bt par Amerikas pirmo personu.<\/p>\n<p>Covid pand\u0113mijas laik\u0101 cits Demokr\u0101tu partijas prezidents D\u017eo Baidens un cits Demokr\u0101tu partijas vair\u0101kums ab\u0101s likumdev\u0113ja pal\u0101t\u0101s, pie\u0146\u0113ma likumu par feder\u0101l\u0101m subs\u012bdij\u0101m ar m\u0113r\u0137i, apdro\u0161in\u0101\u0161anas pr\u0113miju cenas patur\u0113t zem\u0101k un nevis augst\u0101k.  Bija paredz\u0113ts, ka subs\u012bdijas beigsies, ja vien t\u0101s netiks pagarin\u0101tas \u2026 2025. gada 31. decembr\u012b.<\/p>\n<blockquote><p>Apm\u0113ram 20 miljoni amerik\u0101\u0146u pa\u013caujas uz min\u0113taj\u0101m subs\u012bdij\u0101m, un 2026. gada 1. janv\u0101r\u012b vi\u0146i pamod\u0101s zinot, ka izmaksas par apdro\u0161in\u0101\u0161anu bija divk\u0101r\u0161oju\u0161\u0101s, tr\u012bsk\u0101r\u0161oju\u0161\u0101s, \u010detrk\u0101r\u0161oju\u0161\u0101s vai pat vair\u0101k pieaugu\u0161as.<\/p><\/blockquote>\n<p>Republik\u0101\u0146i zina, ka vairums \u0161o cilv\u0113ku dz\u012bvo vi\u0146u p\u0101rst\u0101v\u0113tos \u0161tatos un apgabalos, bet vienalga visa pag\u0101ju\u0161\u0101 gada garum\u0101 vi\u0146i specifiski atteic\u0101s dar\u012bt jebko, lai vai nu pagarin\u0101tu eso\u0161\u0101s subs\u012bdijas, vai ar\u012b n\u0101ktu pa\u0161iem ar savu pl\u0101nu par to, ko tur likt viet\u0101.<\/p>\n<p>Republik\u0101\u0146u attieksme pret vesel\u012bbas apr\u016bpi bija uz delnas redzama aizp\u0113rn ASV priek\u0161v\u0113l\u0113\u0161anu laik\u0101, kad republik\u0101\u0146u kandid\u0101tam Trampam pajaut\u0101ts par vi\u0146a pl\u0101niem attiec\u012bb\u0101 uz vesel\u012bbas apr\u016bpi.<\/p>\n<p>Vi\u0146\u0161 atbild\u0113ja:  \u201cMan ir koncepcija par pl\u0101nu.\u201d<\/p>\n<p>Z\u0101l\u0113 \u013caudis sm\u0113j\u0101s, demokr\u0101tu kandid\u0101te Kamala Harisa nevar\u0113ja attur\u0113ties no pasm\u012bn\u0113\u0161anas.<\/p>\n<blockquote><p>Bet te nu amerik\u0101\u0146i patlaban ir.  Kongress darbu ats\u0101ks 5. janv\u0101r\u012b, un nav nek\u0101du garantiju, ka vesel\u012bbas apdro\u0161in\u0101\u0161anas subs\u012bdijas tiks pagarin\u0101tas, un 20 miljoni amerik\u0101\u0146u l\u012bdz ar to paliks pie sasistas siles, jo liels vairums no tiem to vairs at\u013cauties nevar\u0113s.<\/p><\/blockquote>\n<p>Amerik\u0101 novembr\u012b b\u016bs v\u0113l\u0113\u0161anas, kur\u0101s iev\u0113l\u0113s visus 435 apak\u0161pal\u0101tas deput\u0101tus un vienu tre\u0161da\u013cu ASV senatoru.  <\/p>\n<p>\u0145emot v\u0113r\u0101 Trampa un vi\u0146a partijas destrukciju, b\u016btu lo\u0123iski paredz\u0113t, ka Demokr\u0101tiem novembr\u012b b\u016bs \u012bstens p\u013caujas laiks.<\/p>\n<p>Diem\u017e\u0113l, republik\u0101\u0146i sevis p\u0101rvald\u012btajos \u0161tatos jau sen ir dar\u012bju\u0161i visu iesp\u0113jamo, lai kr\u0101ptos ar v\u0113l\u0113\u0161anu apgabalu p\u0101rz\u012bm\u0113\u0161anu, ar v\u0113l\u0113\u0161anu ties\u012bbu ierobe\u017eo\u0161anu un da\u017e\u0101diem citiem trikiem ar m\u0113r\u0137i saglab\u0101t savu vair\u0101kumu piln\u012bgi neatkar\u012bgi no t\u0101, ko par to dom\u0101 tauta.<\/p>\n<p>Ir iemesls \u0161aub\u012bties, vai v\u0113l\u0113\u0161anas Amerik\u0101 \u0161ogad notiks atbilsto\u0161i demokr\u0101tiskas valsts principiem.<\/p>\n<p>M\u0113nesi pirms v\u0113l\u0113\u0161an\u0101m \u0160tatos b\u016bs 15. Saeimas v\u0113l\u0113\u0161anas Latvij\u0101.<\/p>\n<p>Ja Amerik\u0101 ir tikai divas politiskas partijas, kuras c\u012bn\u0101s sav\u0101 starp\u0101, tad pie mums t\u0101du ir vairum\u0101.<\/p>\n<p>14. Saeimas v\u0113l\u0113\u0161an\u0101s 2022. gad\u0101 piedal\u012bj\u0101s 19 saraksti, kuru starp\u0101 mand\u0101tus ieguva septi\u0146as partijas vai apvien\u012bbas.<\/p>\n<blockquote><p>Zem sv\u012btras palika vair\u0101kas partijas, kuras bija p\u0101rst\u0101v\u0113tas 13. Saeim\u0101. Partijai Att\u012bst\u012bbai\/Par pietr\u016bka tikai mazlieti\u0146, lai p\u0101rsp\u0113tu 5% barjeru.  Saska\u0146a Soci\u0101ldemokr\u0101tisk\u0101 partija bija drusku zem\u0101k par to.  T\u0101pat kandid\u0101tos palika partija Kam pieder valsts LV, Jaun\u0101 konservat\u012bv\u0101 partija, k\u0101 ar\u012b partija Kam un Katrai.<\/p><\/blockquote>\n<p>Nacion\u0101l\u0101 apvien\u012bba ir tautiska.  Za\u013cie zemnieki ir pie\u0137\u0113ru\u0161ies Lembergam.  Re\u0123ion\u0101l\u0101 apvien\u012bba m\u0113t\u0101jas no koal\u012bcijas uz opoz\u012bciju.<\/p>\n<p>Interesanti, ko \u0161ogad ies\u0101ks \u0160lesers.  Vi\u0146\u0161 ir bijis nemiera putns, kas bijis Saeimas deput\u0101ts un ministrs, R\u012bgas domes deput\u0101ts.  Dibin\u0101jis vair\u0101kas partijas laika gait\u0101.<\/p>\n<p>Dz\u012bvosim, redz\u0113sim, kas notiks 15. Saeimas v\u0113l\u0113\u0161an\u0101s!<\/p>\n<p>V\u0113l\u0113\u0161anas 2026. gad\u0101 ir paredz\u0113tas ar\u012b daudz\u0101s cit\u0101s valst\u012bs.  Taj\u0101 skait\u0101 ANO Dro\u0161\u012bbas padomes v\u0113l\u0113\u0161anas, un Latvija b\u016bs viena no t\u0101m.<\/p>\n<p>V\u0113l\u0113\u0161anas b\u016bs Al\u017e\u012brij\u0101, Benin\u0101, Kamer\u016bn\u0101, Kapeverd\u0113, D\u017eibuti, Etiopij\u0101, Gambij\u0101, L\u012bbij\u0101, Marok\u0101, Kongo republik\u0101, Saotome un Princip\u0113, Somaliland\u0101, Dienvid\u0101frik\u0101, Dienvidsud\u0101n\u0101, Ugand\u0101, Rietumsah\u0101r\u0101 un Zambij\u0101 \u0100frik\u0101.<\/p>\n<p>Bahamu sal\u0101s, Braz\u012blij\u0101, Kan\u0101d\u0101, Kolumbij\u0101, Kostarik\u0101, Haiti un Peru Zieme\u013camerik\u0101, Vidusamerik\u0101 un Dienvidamerik\u0101.<\/p>\n<p>\u0100zij\u0101 v\u0113l\u0113\u0161anas b\u016bs Bahrein\u0101, Banglade\u0161\u0101, Indij\u0101, Ir\u0101k\u0101, Izra\u0113l\u0101, Laos\u0101, Lib\u0101n\u0101, Mjanm\u0101r\u0101, Nep\u0101l\u0101, Pakist\u0101n\u0101, Filip\u012bn\u0101s, Dienvidkorej\u0101, Taiv\u0101n\u0101, Taizem\u0113 un Vjetnam\u0101.<\/p>\n<p>Eirop\u0101 v\u0113l\u0113\u0161anas b\u016bs Arm\u0113nij\u0101, Bosnij\u0101 un Hercegovin\u0101, Bulg\u0101rij\u0101, \u010cehij\u0101, D\u0101nij\u0101, Igaunij\u0101, Francij\u0101, V\u0101cij\u0101, Ung\u0101rij\u0101, \u012asland\u0113, Menas sal\u0101, \u012arij\u0101, Kosov\u0101, Melnkaln\u0113, L\u012bbij\u0101, Kipr\u0101, Portug\u0101l\u0113, Krievij\u0101, Slov\u0101kij\u0101, Slov\u0113nij\u0101, Sp\u0101nij\u0101, Zviedrij\u0101, Pied\u0146estr\u0101 un Lielbrit\u0101nij\u0101.<\/p>\n<p>Tad v\u0113l Austr\u0101lij\u0101, Kuka sal\u0101s, Fid\u017ei, Jaunkaledonij\u0101 un Jaunz\u0113land\u0113 Oke\u0101nijas teritorij\u0101.<\/p>\n<p>\u0100rpus v\u0113l\u0113\u0161an\u0101m, 28. janv\u0101r\u012b S\u0101ra Mulalija ofici\u0101li uz\u0146emsies Anglik\u0101\u0146u bazn\u012bcas vad\u012bt\u0101jas lomu.<\/p>\n<p>No 6.-22. febru\u0101rim It\u0101lij\u0101 b\u016bs Ziemas Olimpisk\u0101s sp\u0113les.  Tur\u0113sim visi \u012bk\u0161\u0137us par m\u016bsu sportistiem!  Paralimpisk\u0101s sp\u0113les sekos no 6.-15. martam.<\/p>\n<p>Maij\u0101 b\u016bs Eirov\u012bzijas dziesmu konkurss Austrij\u0101.  Vair\u0101kas valstis ir nol\u0113mu\u0161as to boikot\u0113t t\u0101p\u0113c, ka tur piedal\u0101s Izra\u0113la.<\/p>\n<p>No 11. j\u016bnija l\u012bdz 19. j\u016blijam Amerik\u0101, Kan\u0101da un Meksik\u0101 b\u016bs FIFA Pasaules kausa izc\u012b\u0146a.  Gr\u016bti spriest, vai sp\u0113les b\u016bs Amerik\u0101, jo, piem\u0113ram, sp\u0113l\u0113s b\u016bs n\u012bst\u0101 Ir\u0101na.<\/p>\n<p>L\u012bdz \u0161im 2026. gad\u0101 Bulg\u0101rija pievienoj\u0101s eiro zonai.<\/p>\n<blockquote><p>Amerika bombard\u0113ja Venecu\u0113lu un nolaup\u012bja t\u0101s prezidentu un vi\u0146a sievu.<\/p><\/blockquote>\n<p>L\u016bk, fakti par \u0161o gadu. V\u0113lu visiem veiksmi!<\/p>\n<p>T\u0113mas<\/p>\n<p>    SAIST\u012aTIE RAKSTI<\/p>\n","protected":false},"excerpt":{"rendered":"Publicit\u0101tes foto S\u0101k\u0161u \u0161o pirmo koment\u0101ru 2026. gad\u0101 ar v\u0113l\u0113jumu, lai visiem LA.LV kol\u0113\u0123iem un las\u012bt\u0101jiem \u0161is gads&hellip;\n","protected":false},"author":2,"featured_media":94650,"comment_status":"","ping_status":"","sticky":false,"template":"","format":"standard","meta":{"footnotes":""},"categories":[14],"tags":[23,57,28,29,32,33,22,30,31,35,39,38,36,37,34,40,20,26,27,24,25,54,55,56,21,58],"class_list":{"0":"post-94649","1":"post","2":"type-post","3":"status-publish","4":"format-standard","5":"has-post-thumbnail","7":"category-zinas-no-arvalstim","8":"tag-aktualitates","9":"tag-arvalstim","10":"tag-breaking-news","11":"tag-breakingnews","12":"tag-featured-news","13":"tag-featurednews","14":"tag-headlines","15":"tag-latest-news","16":"tag-latestnews","17":"tag-latvia","18":"tag-latvian","19":"tag-latviesu","20":"tag-latviesu-valoda","21":"tag-latviesuvaloda","22":"tag-latvija","23":"tag-lv","24":"tag-news","25":"tag-popularakas-zinas","26":"tag-popularakaszinas","27":"tag-top-stories","28":"tag-topstories","29":"tag-world","30":"tag-world-news","31":"tag-worldnews","32":"tag-zinas","33":"tag-zinas-no-arvalstim"},"share_on_mastodon":{"url":"https:\/\/pubeurope.com\/@lv\/115840698538423017","error":""},"_links":{"self":[{"href":"https:\/\/www.europesays.com\/lv\/wp-json\/wp\/v2\/posts\/94649","targetHints":{"allow":["GET"]}}],"collection":[{"href":"https:\/\/www.europesays.com\/lv\/wp-json\/wp\/v2\/posts"}],"about":[{"href":"https:\/\/www.europesays.com\/lv\/wp-json\/wp\/v2\/types\/post"}],"author":[{"embeddable":true,"href":"https:\/\/www.europesays.com\/lv\/wp-json\/wp\/v2\/users\/2"}],"replies":[{"embeddable":true,"href":"https:\/\/www.europesays.com\/lv\/wp-json\/wp\/v2\/comments?post=94649"}],"version-history":[{"count":0,"href":"https:\/\/www.europesays.com\/lv\/wp-json\/wp\/v2\/posts\/94649\/revisions"}],"wp:featuredmedia":[{"embeddable":true,"href":"https:\/\/www.europesays.com\/lv\/wp-json\/wp\/v2\/media\/94650"}],"wp:attachment":[{"href":"https:\/\/www.europesays.com\/lv\/wp-json\/wp\/v2\/media?parent=94649"}],"wp:term":[{"taxonomy":"category","embeddable":true,"href":"https:\/\/www.europesays.com\/lv\/wp-json\/wp\/v2\/categories?post=94649"},{"taxonomy":"post_tag","embeddable":true,"href":"https:\/\/www.europesays.com\/lv\/wp-json\/wp\/v2\/tags?post=94649"}],"curies":[{"name":"wp","href":"https:\/\/api.w.org\/{rel}","templated":true}]}}