{"id":94657,"date":"2026-01-05T04:58:03","date_gmt":"2026-01-05T04:58:03","guid":{"rendered":"https:\/\/www.europesays.com\/lv\/94657\/"},"modified":"2026-01-05T04:58:03","modified_gmt":"2026-01-05T04:58:03","slug":"atklas-pasazieru-vilcienu-parvadajumus-starp-tartu-un-rigu-diena","status":"publish","type":"post","link":"https:\/\/www.europesays.com\/lv\/94657\/","title":{"rendered":"Atkl\u0101s pasa\u017eieru vilcienu p\u0101rvad\u0101jumus starp Tartu un R\u012bgu \/ Diena"},"content":{"rendered":"<p>Regul\u0101ra satiksme \u0161aj\u0101 mar\u0161rut\u0101 s\u0101ksies no 12. janv\u0101ra.<\/p>\n<p>&#13;<br \/>\n&#13;<\/p>\n<p>Atkl\u0101\u0161anas braucien\u0101 no Tartu vilciens \u0161odien aties plkst. 7.23 un pietur\u0113s Valg\u0101, Valmier\u0101, C\u0113s\u012bs un Siguld\u0101.<\/p>\n<p>&#13;<br \/>\n&#13;<\/p>\n<p>Plkst. 14.07 vilciens pien\u0101ks R\u012bg\u0101, kur svin\u012bg\u0101 pas\u0101kum\u0101 uzrunas teiks Latvijas satiksmes ministrs Atis \u0160vinka (P), Igaunijas infrastrukt\u016bras ministrs Kuldars Leiss, R\u012bgas m\u0113rs Viesturs Kleinbergs (P), Tartu m\u0113rs Urmass Kl\u0101ss, ar p\u0101rst\u0101vji no Igaunijas valsts pasa\u017eieru vilcienu operatora &#8220;Eesti Liinirongid&#8221;, kas str\u0101d\u0101 ar z\u012bmolu &#8220;Elron&#8221;, un Latvijas AS &#8220;Pasa\u017eieru vilciens&#8221; (PV), kas str\u0101d\u0101 ar z\u012bmolu &#8220;Vivi&#8221;.<\/p>\n<p>&#13;<br \/>\n&#13;<\/p>\n<p>No R\u012bgas uz Tartu vilciens dodoties plkst. 15.17 un atkal piest\u0101jot Siguld\u0101, C\u0113s\u012bs, Valmier\u0101 un Valg\u0101.<\/p>\n<p>&#13;<br \/>\n&#13;<\/p>\n<p>LETA jau zi\u0146oja, ka no 12. janv\u0101ra \u0161aj\u0101 mar\u0161rut\u0101 vilciens kurs\u0113s vienu reizi dien\u0101.<\/p>\n<p>&#13;<br \/>\n&#13;<\/p>\n<p>Pasa\u017eieru p\u0101rvad\u0101jumus mar\u0161rut\u0101 Tallina-Tartu-R\u012bga &#8220;Elron&#8221; veiks sadarb\u012bb\u0101 ar &#8220;Vivi&#8221;. Latvijas komp\u0101nijas ma\u0161\u012bnisti &#8220;Elron&#8221; vilcienus vad\u012bs l\u012bnijas posm\u0101 starp Valgu un R\u012bgu.<\/p>\n<p>&#13;<br \/>\n&#13;<\/p>\n<p>S\u0101kotn\u0113jais kurs\u0113\u0161anas grafiks paredz, ka vilciens no Tallinas izbrauks plkst. 14.50, no Tartu &#8211; plkst. 17.05, bet R\u012bg\u0101 ierad\u012bsies plkst. 20.52. Savuk\u0101rt no R\u012bgas vilciens aties plkst. 7.40, Tartu ierad\u012bsies plkst. 11.25, bet Tallin\u0101 &#8211; plkst. 14.11.<\/p>\n<p>&#13;<br \/>\n&#13;<\/p>\n<p>Bi\u013cetes cena no Tartu l\u012bdz R\u012bgai b\u016bs 19 l\u012bdz 22 eiro.<\/p>\n<p>&#13;<br \/>\n&#13;<\/p>\n<p>Vienlaikus saglab\u0101sies ar\u012b savienojums Tallina-Tartu-R\u012bga-Vi\u013c\u0146a un papildu savienojums ar p\u0101rs\u0113\u0161anos l\u012bnij\u0101 Tallina-Tartu-R\u012bga no piektdienas l\u012bdz sv\u0113tdienai.<\/p>\n<p>&#13;<br \/>\n&#13;<\/p>\n<p>Jau zi\u0146ots, ka 2025. gada janv\u0101r\u012b Latvijas, Lietuvas un Igaunijas pasa\u017eieru vilcienu operatori &#8220;Vivi&#8221;, &#8220;LTG Link&#8221; un &#8220;Elron&#8221; s\u0101ka \u012bstenot vilcienu savienojumu mar\u0161rut\u0101 Tallina-Tartu-R\u012bga-Vi\u013c\u0146a. Vair\u0101k nek\u0101 desmit stundu ilgaj\u0101 braucien\u0101 pasa\u017eierim ir j\u0101p\u0101rs\u0113\u017eas Valg\u0101.<\/p>\n<p>&#13;<br \/>\n&#13;<\/p>\n<p>Septembr\u012b mar\u0161rut\u0101 Tallina-Tartu-R\u012bga papildu vilciens ar p\u0101rs\u0113\u0161anos s\u0101ka kurs\u0113t no piektdienas l\u012bdz sv\u0113tdienai. \u0160o vilcienu starp Tallinu un Valgu nodro\u0161ina &#8220;Elron&#8221;, bet posmu starp Valgu un R\u012bgu &#8211; &#8220;Vivi&#8221;.<\/p>\n<p>&#13;<br \/>\n&#13;<\/p>\n<p>Lietuvas valsts dzelzce\u013ca grupas &#8220;Lietuvos gele\u017einkeliai&#8221; pasa\u017eieru p\u0101rvad\u0101jumu meitasuz\u0146\u0113mums &#8220;LTG Link&#8221; vilciena reisus starp R\u012bgu un Vi\u013c\u0146u s\u0101ka 2023. gada decembra beig\u0101s.<\/p>\n<p>&#13;<br \/>\n&#13;<\/p>\n<p>Sarunas par visu tr\u012bs Baltijas valstu galvaspils\u0113tu savieno\u0161anu ar pasa\u017eieru vilcienu mar\u0161rutiem aktualiz\u0113j\u0101s 2021. gada septembr\u012b, kad, atz\u012bm\u0113jot Eiropas dzelzce\u013ca gadu, no Tallinas caur R\u012bgu uz Vi\u013c\u0146u dev\u0101s Baltijas valstu ekspresis. Taj\u0101 satik\u0101s t\u0101 laika ministri, Baltijas valstu dzelzce\u013ca nozares un Eiropas Komisijas p\u0101rst\u0101vji, k\u0101 ar\u012b dzelzce\u013ca projekta &#8220;Rail Baltica&#8221; ievies\u0113ji.<\/p>\n<p>&#13;<\/p>\n","protected":false},"excerpt":{"rendered":"Regul\u0101ra satiksme \u0161aj\u0101 mar\u0161rut\u0101 s\u0101ksies no 12. janv\u0101ra. &#13; &#13; Atkl\u0101\u0161anas braucien\u0101 no Tartu vilciens \u0161odien aties plkst.&hellip;\n","protected":false},"author":2,"featured_media":94658,"comment_status":"","ping_status":"","sticky":false,"template":"","format":"standard","meta":{"footnotes":""},"categories":[12],"tags":[23,28,29,32,33,22,30,31,35,39,38,36,37,34,40,20,26,27,24,25,21],"class_list":{"0":"post-94657","1":"post","2":"type-post","3":"status-publish","4":"format-standard","5":"has-post-thumbnail","7":"category-latvija","8":"tag-aktualitates","9":"tag-breaking-news","10":"tag-breakingnews","11":"tag-featured-news","12":"tag-featurednews","13":"tag-headlines","14":"tag-latest-news","15":"tag-latestnews","16":"tag-latvia","17":"tag-latvian","18":"tag-latviesu","19":"tag-latviesu-valoda","20":"tag-latviesuvaloda","21":"tag-latvija","22":"tag-lv","23":"tag-news","24":"tag-popularakas-zinas","25":"tag-popularakaszinas","26":"tag-top-stories","27":"tag-topstories","28":"tag-zinas"},"share_on_mastodon":{"url":"https:\/\/pubeurope.com\/@lv\/115840726075961191","error":""},"_links":{"self":[{"href":"https:\/\/www.europesays.com\/lv\/wp-json\/wp\/v2\/posts\/94657","targetHints":{"allow":["GET"]}}],"collection":[{"href":"https:\/\/www.europesays.com\/lv\/wp-json\/wp\/v2\/posts"}],"about":[{"href":"https:\/\/www.europesays.com\/lv\/wp-json\/wp\/v2\/types\/post"}],"author":[{"embeddable":true,"href":"https:\/\/www.europesays.com\/lv\/wp-json\/wp\/v2\/users\/2"}],"replies":[{"embeddable":true,"href":"https:\/\/www.europesays.com\/lv\/wp-json\/wp\/v2\/comments?post=94657"}],"version-history":[{"count":0,"href":"https:\/\/www.europesays.com\/lv\/wp-json\/wp\/v2\/posts\/94657\/revisions"}],"wp:featuredmedia":[{"embeddable":true,"href":"https:\/\/www.europesays.com\/lv\/wp-json\/wp\/v2\/media\/94658"}],"wp:attachment":[{"href":"https:\/\/www.europesays.com\/lv\/wp-json\/wp\/v2\/media?parent=94657"}],"wp:term":[{"taxonomy":"category","embeddable":true,"href":"https:\/\/www.europesays.com\/lv\/wp-json\/wp\/v2\/categories?post=94657"},{"taxonomy":"post_tag","embeddable":true,"href":"https:\/\/www.europesays.com\/lv\/wp-json\/wp\/v2\/tags?post=94657"}],"curies":[{"name":"wp","href":"https:\/\/api.w.org\/{rel}","templated":true}]}}