{"id":94659,"date":"2026-01-05T04:59:36","date_gmt":"2026-01-05T04:59:36","guid":{"rendered":"https:\/\/www.europesays.com\/lv\/94659\/"},"modified":"2026-01-05T04:59:36","modified_gmt":"2026-01-05T04:59:36","slug":"muziba-devusies-rakstniece-nora-ikstena-3","status":"publish","type":"post","link":"https:\/\/www.europesays.com\/lv\/94659\/","title":{"rendered":"M\u016b\u017e\u012bb\u0101 devusies rakstniece Nora Ikstena"},"content":{"rendered":"<p>    <img decoding=\"async\" src=\"https:\/\/www.europesays.com\/lv\/wp-content\/uploads\/2026\/01\/IMG_6697-1024x806.jpg\" alt=\"&#10;\"\/><\/p>\n<p>FOTO: Ekr\u0101n\u0161\u0101vi\u0146\u0161\n<\/p>\n<p>56 gadu vecum\u0101 mirusi latvie\u0161u rakstniece Nora Ikstena. S\u0113ra v\u0113sti vietn\u0113 \u201cFacebook\u201d pazi\u0146ojusi tulkot\u0101ja Silvija Brice.<\/p>\n<p>        Las\u012bt\u0101kie<br \/>\n        <a data-imagesrc=\"{&quot;300&quot;:&quot;https:\\\/\\\/lastatic.ams3.cdn.digitaloceanspaces.com\\\/2018\\\/08\\\/karma6-300x200.jpg&quot;,&quot;768&quot;:&quot;https:\\\/\\\/lastatic.ams3.cdn.digitaloceanspaces.com\\\/2018\\\/08\\\/karma6-768x512.jpg&quot;,&quot;80&quot;:&quot;https:\\\/\\\/lastatic.ams3.cdn.digitaloceanspaces.com\\\/2018\\\/08\\\/karma6-80x48.jpg&quot;,&quot;112&quot;:&quot;https:\\\/\\\/lastatic.ams3.cdn.digitaloceanspaces.com\\\/2018\\\/08\\\/karma6-112x64.jpg&quot;,&quot;664&quot;:&quot;https:\\\/\\\/lastatic.ams3.cdn.digitaloceanspaces.com\\\/2018\\\/08\\\/karma6-664x443.jpg&quot;,&quot;240&quot;:&quot;https:\\\/\\\/lastatic.ams3.cdn.digitaloceanspaces.com\\\/2018\\\/08\\\/karma6-240x160.jpg&quot;,&quot;263&quot;:&quot;https:\\\/\\\/lastatic.ams3.cdn.digitaloceanspaces.com\\\/2018\\\/08\\\/karma6-263x175.jpg&quot;,&quot;507&quot;:&quot;https:\\\/\\\/lastatic.ams3.cdn.digitaloceanspaces.com\\\/2018\\\/08\\\/karma6-507x338.jpg&quot;,&quot;118&quot;:&quot;https:\\\/\\\/lastatic.ams3.cdn.digitaloceanspaces.com\\\/2018\\\/08\\\/karma6-118x70.jpg&quot;,&quot;348&quot;:&quot;https:\\\/\\\/lastatic.ams3.cdn.digitaloceanspaces.com\\\/2018\\\/08\\\/karma6-348x225.jpg&quot;,&quot;640&quot;:&quot;https:\\\/\\\/lastatic.ams3.cdn.digitaloceanspaces.com\\\/2018\\\/08\\\/karma6-640x640.jpg&quot;,&quot;90&quot;:&quot;https:\\\/\\\/lastatic.ams3.cdn.digitaloceanspaces.com\\\/2018\\\/08\\\/karma6-90x58.jpg&quot;,&quot;1000&quot;:&quot;https:\\\/\\\/lastatic.ams3.cdn.digitaloceanspaces.com\\\/2018\\\/08\\\/karma6.jpg&quot;}\" data-focuspoint=\"&quot;&quot;\" data-p=\"2477626\" href=\"https:\/\/www.la.lv\/karmiskie-paradi-12-pazimes-ka-iespejams-jus-maksajat-par-savu-sencu-grekiem\" class=\"content-item lazy-load\" wp_automatic_readability=\"27.5\" rel=\"nofollow noopener\" target=\"_blank\"><\/p>\n<p>                                <img decoding=\"async\" src=\"\" alt=\"\" style=\"\" data-imageid=\"\"\/><\/p>\n<p>                                Kokteilis<\/p>\n<p>\n                                                Karmiskie par\u0101di: 12 paz\u012bmes, ka, iesp\u0113jams, j\u016bs maks\u0101jat par savu sen\u010du gr\u0113kiem<\/p>\n<p><\/a><a data-imagesrc=\"{&quot;300&quot;:&quot;https:\\\/\\\/lastatic.ams3.cdn.digitaloceanspaces.com\\\/2019\\\/09\\\/AFP_1KO30T-1-300x200.jpg&quot;,&quot;768&quot;:&quot;https:\\\/\\\/lastatic.ams3.cdn.digitaloceanspaces.com\\\/2019\\\/09\\\/AFP_1KO30T-1-768x511.jpg&quot;,&quot;200&quot;:&quot;https:\\\/\\\/lastatic.ams3.cdn.digitaloceanspaces.com\\\/2019\\\/09\\\/AFP_1KO30T-1-200x133.jpg&quot;,&quot;400&quot;:&quot;https:\\\/\\\/lastatic.ams3.cdn.digitaloceanspaces.com\\\/2019\\\/09\\\/AFP_1KO30T-1-400x266.jpg&quot;,&quot;500&quot;:&quot;https:\\\/\\\/lastatic.ams3.cdn.digitaloceanspaces.com\\\/2019\\\/09\\\/AFP_1KO30T-1-500x333.jpg&quot;,&quot;800&quot;:&quot;https:\\\/\\\/lastatic.ams3.cdn.digitaloceanspaces.com\\\/2019\\\/09\\\/AFP_1KO30T-1-800x532.jpg&quot;,&quot;1000&quot;:&quot;https:\\\/\\\/lastatic.ams3.cdn.digitaloceanspaces.com\\\/2019\\\/09\\\/AFP_1KO30T-1.jpg&quot;}\" data-focuspoint=\"&quot;&quot;\" data-p=\"2487920\" href=\"https:\/\/www.la.lv\/putinam-pietuvinatais-miljardieris-deripaska-atklaj-ka-krievijai-bus-sapigas-sekas-ja-asv-paplasinas-ietekmi-venecuela\" class=\"content-item lazy-load\" wp_automatic_readability=\"27.5\" rel=\"nofollow noopener\" target=\"_blank\"><\/p>\n<p>                                <img decoding=\"async\" src=\"\" alt=\"\" style=\"\" data-imageid=\"\"\/><\/p>\n<p>\n                                                Putinam pietuvin\u0101tais miljardieris Deripaska atkl\u0101j, ka Krievijai b\u016bs s\u0101p\u012bgas sekas, ja ASV papla\u0161in\u0101s ietekmi Venecu\u0113l\u0101\n                            <\/p>\n<p><\/a><a data-imagesrc=\"{&quot;300&quot;:&quot;https:\\\/\\\/lastatic.ams3.cdn.digitaloceanspaces.com\\\/2015\\\/01\\\/VWPassatB6_11-300x200.jpg&quot;,&quot;80&quot;:&quot;https:\\\/\\\/lastatic.ams3.cdn.digitaloceanspaces.com\\\/2015\\\/01\\\/VWPassatB6_11-80x48.jpg&quot;,&quot;112&quot;:&quot;https:\\\/\\\/lastatic.ams3.cdn.digitaloceanspaces.com\\\/2015\\\/01\\\/VWPassatB6_11-112x64.jpg&quot;,&quot;664&quot;:&quot;https:\\\/\\\/lastatic.ams3.cdn.digitaloceanspaces.com\\\/2015\\\/01\\\/VWPassatB6_11-664x443.jpg&quot;,&quot;239&quot;:&quot;https:\\\/\\\/lastatic.ams3.cdn.digitaloceanspaces.com\\\/2015\\\/01\\\/VWPassatB6_11-239x160.jpg&quot;,&quot;263&quot;:&quot;https:\\\/\\\/lastatic.ams3.cdn.digitaloceanspaces.com\\\/2015\\\/01\\\/VWPassatB6_11-263x175.jpg&quot;,&quot;506&quot;:&quot;https:\\\/\\\/lastatic.ams3.cdn.digitaloceanspaces.com\\\/2015\\\/01\\\/VWPassatB6_11-506x338.jpg&quot;,&quot;118&quot;:&quot;https:\\\/\\\/lastatic.ams3.cdn.digitaloceanspaces.com\\\/2015\\\/01\\\/VWPassatB6_11-118x70.jpg&quot;,&quot;348&quot;:&quot;https:\\\/\\\/lastatic.ams3.cdn.digitaloceanspaces.com\\\/2015\\\/01\\\/VWPassatB6_11-348x225.jpg&quot;,&quot;640&quot;:&quot;https:\\\/\\\/lastatic.ams3.cdn.digitaloceanspaces.com\\\/2015\\\/01\\\/VWPassatB6_11-640x534.jpg&quot;,&quot;90&quot;:&quot;https:\\\/\\\/lastatic.ams3.cdn.digitaloceanspaces.com\\\/2015\\\/01\\\/VWPassatB6_11-90x58.jpg&quot;,&quot;800&quot;:&quot;https:\\\/\\\/lastatic.ams3.cdn.digitaloceanspaces.com\\\/2015\\\/01\\\/VWPassatB6_11.jpg&quot;}\" data-focuspoint=\"&quot;&quot;\" data-p=\"2485867\" href=\"https:\/\/www.la.lv\/ja-tev-pieder-kada-no-sim-7-automasinam-iespejams-ir-istais-bridis-sakt-domat-par-pardosanu\" class=\"content-item lazy-load\" wp_automatic_readability=\"27.5\" rel=\"nofollow noopener\" target=\"_blank\"><\/p>\n<p>                                <img decoding=\"async\" src=\"\" alt=\"\" style=\"\" data-imageid=\"\"\/><\/p>\n<p>\n                                                Ja tev pieder k\u0101da no \u0161\u012bm 7 automa\u0161\u012bn\u0101m, iesp\u0113jams, ir \u012bstais br\u012bdis s\u0101kt dom\u0101t par p\u0101rdo\u0161anu\n                            <\/p>\n<p><\/a><br \/>\n        <a class=\"read-more\" href=\"https:\/\/www.la.lv\/top\" rel=\"nofollow noopener\" target=\"_blank\">Las\u012bt citas zi\u0146as<\/a><\/p>\n<p>Rakstniecei bijusi smaga slim\u012bba, v\u0113sta port\u0101ls \u201cLSM\u201d, atsaucoties uz Ikstenas tuviniekiem.<\/p>\n<p>K\u0101 zi\u0146o a\u0123ent\u016bra LETA, Ikstenas zin\u0101m\u0101kais liter\u0101rais darbs ir 2015. gad\u0101 s\u0113rij\u0101 \u201cM\u0113s. Latvija, XX gadsimts\u201d izdotais rom\u0101ns \u201cM\u0101tes piens\u201d, p\u0113c kura uz\u0146emta ar\u012b t\u0101da pa\u0161a nosaukuma filma. Rakstniece sarakst\u012bjusi septi\u0146us rom\u0101nus, ir vair\u0101ku st\u0101stu kr\u0101jumu, biogr\u0101fiju un eseju autore.<\/p>\n<p>    CITI \u0160OBR\u012aD LASA<\/p>\n<p>Ikstena sa\u0146\u0113musi noz\u012bm\u012bgus starptautiska un viet\u0113j\u0101 m\u0113roga apbalvojumus, tostarp Latvijas Literat\u016bras gada balvu un Izcil\u012bbas balvu kult\u016br\u0101. Rakstnieces darbi non\u0101ku\u0161i ar\u012b uz kino ekr\u0101niem un te\u0101tra skatuv\u0113m.<\/p>\n<p>1992. gad\u0101 Ikstena absolv\u0113jusi latvie\u0161u filolo\u0123iju Latvijas Universit\u0101t\u0113, bet no 1994. l\u012bdz 1995. gadam stud\u0113jusi ang\u013cu valodu un literat\u016bru Kolumbijas universit\u0101t\u0113 Mis\u016bri, liecina a\u0123ent\u016bras LETA arh\u012bvs.<\/p>\n<p>Ikstena debit\u0113ja literat\u016br\u0101 ar pirmskara rakstnieces un politi\u0137es Annas R\u016bmanes-\u0136eni\u0146as biogr\u0101fiju, kam sekoja divi st\u0101stu kr\u0101jumi. Sarakst\u012bjusi biogr\u0101fiskas gr\u0101matas ar\u012b par Bruni Rubesu, Viju V\u0113tru un M\u0101ru Z\u0101l\u012bti. Izdoti rom\u0101ni \u201cDz\u012bves svin\u0113\u0161ana\u201d (1998) un \u201cJaunavas m\u0101c\u012bba\u201d (2001). 2004. gad\u0101 izn\u0101cis st\u0101stu kr\u0101jums \u201cDz\u012bves st\u0101sti\u201d, bet 2006. gad\u0101 sadarb\u012bb\u0101 ar dzejnieku Imantu Ziedoni sarakst\u012bts biogr\u0101fisks darbs \u201cNenoteikt\u0101 bija\u201d.<br \/>Par gr\u0101matu \u201cNenoteikt\u0101 bija\u201d Ikstena sa\u0146\u0113musi Baltijas asamblejas balvu, Literat\u016bras gada balvu un laikraksta \u201cDiena\u201d Gada balvu kult\u016br\u0101.<\/p>\n<p>Ikstena ir ar\u012b divu eseju kr\u0101jumu autore \u2013 \u201cS\u012blis spogu\u013cstikl\u0101\u201d (2006) un \u201c\u0160okol\u0101des J\u0113zus\u201d (2009). 2009. gad\u0101 izdots Ikstenas rom\u0101ns \u201cAmour Fou jeb Aplam\u0101 m\u012bla 69 pantos\u201d, p\u0113c kuras mot\u012bviem Dailes te\u0101tr\u012b re\u017eisors D\u017e.D\u017e. D\u017eilind\u017eers 2010. gad\u0101 iestud\u0113jis izr\u0101di \u201cAmour Fou\u201d. 2010. gad\u0101 kop\u0101 ar gruz\u012bnu izcelsmes v\u0101cu rakstnieku Levanu Beridzi sarakst\u012bjusi lugu \u201cFiliparia\u201d.<\/p>\n<p>Ikstenas rom\u0101ns \u201cDz\u012bves svin\u0113\u0161ana\u201d tulkots igau\u0146u, d\u0101\u0146u un zviedru valod\u0101. St\u0101sts \u201cElzas Kugas vecuma nepr\u0101ts\u201d Margitas Gail\u012btes tulkojum\u0101 iek\u013cauts prozas antolo\u0123ij\u0101 \u201cBest European Fiction 2011\u201d.<\/p>\n<p>Ikstenas darbi tulkoti ang\u013cu, v\u0101cu, fran\u010du, krievu, igau\u0146u, lietuvie\u0161u, ma\u0137edonie\u0161u, d\u0101\u0146u, zviedru, gruz\u012bnu, hindu un it\u0101lie\u0161u valod\u0101.<br \/>Rakstniece akt\u012bvi iesaist\u012bjusies valsts kult\u016brpolitikas veido\u0161anas procesos.<\/p>\n<p>Izsak\u0101m visdzi\u013c\u0101ko l\u012bdzj\u016bt\u012bbu tuviniekiem.<\/p>\n<p>T\u0113mas<\/p>\n<p>    SAIST\u012aTIE RAKSTI<\/p>\n","protected":false},"excerpt":{"rendered":"FOTO: Ekr\u0101n\u0161\u0101vi\u0146\u0161 56 gadu vecum\u0101 mirusi latvie\u0161u rakstniece Nora Ikstena. S\u0113ra v\u0113sti vietn\u0113 \u201cFacebook\u201d pazi\u0146ojusi tulkot\u0101ja Silvija Brice.&hellip;\n","protected":false},"author":2,"featured_media":94660,"comment_status":"","ping_status":"","sticky":false,"template":"","format":"standard","meta":{"footnotes":""},"categories":[5],"tags":[23,28,29,32,33,22,30,31,35,39,38,36,37,34,40,20,26,27,24,25,21],"class_list":{"0":"post-94659","1":"post","2":"type-post","3":"status-publish","4":"format-standard","5":"has-post-thumbnail","7":"category-aktualitates","8":"tag-aktualitates","9":"tag-breaking-news","10":"tag-breakingnews","11":"tag-featured-news","12":"tag-featurednews","13":"tag-headlines","14":"tag-latest-news","15":"tag-latestnews","16":"tag-latvia","17":"tag-latvian","18":"tag-latviesu","19":"tag-latviesu-valoda","20":"tag-latviesuvaloda","21":"tag-latvija","22":"tag-lv","23":"tag-news","24":"tag-popularakas-zinas","25":"tag-popularakaszinas","26":"tag-top-stories","27":"tag-topstories","28":"tag-zinas"},"share_on_mastodon":{"url":"https:\/\/pubeurope.com\/@lv\/115840730111835685","error":""},"_links":{"self":[{"href":"https:\/\/www.europesays.com\/lv\/wp-json\/wp\/v2\/posts\/94659","targetHints":{"allow":["GET"]}}],"collection":[{"href":"https:\/\/www.europesays.com\/lv\/wp-json\/wp\/v2\/posts"}],"about":[{"href":"https:\/\/www.europesays.com\/lv\/wp-json\/wp\/v2\/types\/post"}],"author":[{"embeddable":true,"href":"https:\/\/www.europesays.com\/lv\/wp-json\/wp\/v2\/users\/2"}],"replies":[{"embeddable":true,"href":"https:\/\/www.europesays.com\/lv\/wp-json\/wp\/v2\/comments?post=94659"}],"version-history":[{"count":0,"href":"https:\/\/www.europesays.com\/lv\/wp-json\/wp\/v2\/posts\/94659\/revisions"}],"wp:featuredmedia":[{"embeddable":true,"href":"https:\/\/www.europesays.com\/lv\/wp-json\/wp\/v2\/media\/94660"}],"wp:attachment":[{"href":"https:\/\/www.europesays.com\/lv\/wp-json\/wp\/v2\/media?parent=94659"}],"wp:term":[{"taxonomy":"category","embeddable":true,"href":"https:\/\/www.europesays.com\/lv\/wp-json\/wp\/v2\/categories?post=94659"},{"taxonomy":"post_tag","embeddable":true,"href":"https:\/\/www.europesays.com\/lv\/wp-json\/wp\/v2\/tags?post=94659"}],"curies":[{"name":"wp","href":"https:\/\/api.w.org\/{rel}","templated":true}]}}