{"id":94662,"date":"2026-01-05T05:03:19","date_gmt":"2026-01-05T05:03:19","guid":{"rendered":"https:\/\/www.europesays.com\/lv\/94662\/"},"modified":"2026-01-05T05:03:19","modified_gmt":"2026-01-05T05:03:19","slug":"venecuelas-blickrigs-un-latvijas-kangarata-liekulibas-skidrauts-2","status":"publish","type":"post","link":"https:\/\/www.europesays.com\/lv\/94662\/","title":{"rendered":"Venecu\u0113las blickr\u012bgs un Latvijas kangar\u0101ta liekul\u012bbas \u0161\u0137idrauts"},"content":{"rendered":"<p>                                                                    <img decoding=\"async\" src=\"https:\/\/www.europesays.com\/lv\/wp-content\/uploads\/2026\/01\/22204.jpg\" alt=\"Foto\" id=\"mainfoto\" \/><br \/> <br \/>\n                                    Viedais Manels \u00b7 04.01.2026. \u00b7 <a href=\"\/\/m.pietiek.com\/lapa.php\/raksti\/venecuelas_blickrigs_un_latvijas_kangarata_liekulibas_skidrauts\/komentari\">Koment\u0101ri (154)<\/a><\/p>\n<p id=\"share\">Iesaki rakstu:<br \/><a href=\"https:\/\/twitter.com\/intent\/tweet?text=Iesaku: Venecu\u0113las blickr\u012bgs un Latvijas kangar\u0101ta liekul\u012bbas \u0161\u0137idrauts&amp;url=http:\/\/www.pietiek.com\/raksti\/venecuelas_blickrigs_un_latvijas_kangarata_liekulibas_skidrauts\" rel=\"nofollow noopener\" target=\"_blank\"><img decoding=\"async\" src=\"https:\/\/www.europesays.com\/lv\/wp-content\/uploads\/2025\/12\/twt.png\" alt=\"Twitter\" border=\"0\" \/><\/a><br \/>\n                    <a href=\"https:\/\/www.facebook.com\/share.php?u=http:\/\/www.pietiek.com\/raksti\/venecuelas_blickrigs_un_latvijas_kangarata_liekulibas_skidrauts\" rel=\"nofollow noopener\" target=\"_blank\"><img decoding=\"async\" src=\"https:\/\/www.europesays.com\/lv\/wp-content\/uploads\/2025\/12\/fcb.png\" alt=\"Facebook\" border=\"0\" \/><\/a><\/p>\n<p>                    <a href=\"http:\/\/www.pietiek.com\/raksti\/venecuelas_blickrigs_un_latvijas_kangarata_liekulibas_skidrauts#\" onclick=\"DraugiemSay(&#039;Venecu\u0113las blickr\u012bgs un Latvijas kangar\u0101ta liekul\u012bbas \u0161\u0137idrauts&#039;, &#039;http:\/\/www.pietiek.com\/raksti\/venecuelas_blickrigs_un_latvijas_kangarata_liekulibas_skidrauts&#039;, &#039;Pietiek.com&#039;);return false;\" title=\"draugiem.lv\" rel=\"nofollow noopener\" target=\"_blank\"><img decoding=\"async\" src=\"https:\/\/www.europesays.com\/lv\/wp-content\/uploads\/2025\/12\/drg.png\" alt=\"Draugiem.lv\" border=\"0\" \/><\/a>\n                    <\/p>\n<p><p style=\"line-height: 19.5px;\">\u201eVirs zemes nav taisn\u012bbas, d\u016brei tik sp\u0113ks, Kas varm\u0101k\u0101m sk\u0101di dar, nosaukts tiek gr\u0113ks.\u201d Eduards Veidenbaums.<\/p>\n<\/p>\n<p>Kam\u0113r es sutu, Tramps pa fikso veica specoper\u0101ciju Venecu\u0113l\u0101. Man izk\u0101pjot no migas, jau viss bija gal\u0101 \u2013 Venecu\u0113las prezidents Nikolass Maduro un vi\u0146a sieva sava\u0146\u0123oti. Man nav sirds\u0113stu, ka nogul\u0113ju amerik\u0101\u0146u iebrukumu Venecu\u0113l\u0101, jo pie visa vain\u012bgs M\u0101rti\u0146\u0161 Krusts, kur\u0161 tikai Grenlandi pa\u0146\u0113mis sav\u0101 pasp\u0101rn\u0113.<\/p>\n<p>Je\u0146\u0137i par\u0101d\u012bja, ka p\u0113c armijas att\u012br\u012b\u0161anas no pervertiem ir sp\u0113j\u012bgi sekm\u012bgi nodemonstr\u0113t sp\u0113ku vismaz sav\u0101 puslod\u0113. Nu vai plan\u0113tas pl\u0101ce\u0146a vi\u0146\u0101 mal\u0101, k\u0101 kam lab\u0101k t\u012bk. Es gan vair\u0101k sliecos uz gr\u0113c\u012bg\u0101s zem\u012btes kartupe\u013ca versiju. Turkl\u0101t karsta kartupe\u013ca. P\u0113c ASV agresijas Venecu\u0113l\u0101 pa\u0161m\u0101j\u0101s b\u016btu godpr\u0101t\u012bgi piekori\u0123\u0113t tiesisko b\u0101zi.<\/p>\n<p>Varb\u016bt pien\u0101cis laiks p\u0101rst\u0101t t\u0113lot viltus taisn\u012bgumu un ar likuma sp\u0113ku nostiprin\u0101t dubultos standartus. Pand\u0113mijas af\u0113ra par\u0101d\u012bja, ka farm\u0101cijas karte\u013cu dienderi ir sp\u0113j\u012bgi piel\u0101got normat\u012bvos aktus diskrimin\u0101cijai p\u0113c medic\u012bnisk\u0101m paz\u012bm\u0113m. Man\u0101 uztver\u0113 \u2013 genoc\u012bdam, jo nepot\u0113tos izn\u012bcin\u0101ja k\u0101 \u0161\u0137iru. Liekul\u012bbas \u0161\u0137idrauta no\u0146em\u0161ana tikai celtu varas autorit\u0101ti viet\u0113jo me\u017eo\u0146u ac\u012bs.<\/p>\n<p>Lai sal\u0101gotu Krimin\u0101llikumu ar past\u0101vo\u0161o realit\u0101ti, pantus par genoc\u012bdu, noziegumiem pret cilv\u0113ci un naida kurin\u0101\u0161anu der\u0113tu papildin\u0101t ar uzskait\u012bjumu, kuras tautas vai \u013cau\u017eu grupas tie aizsarg\u0101. Kaut k\u0101 neesmu man\u012bjis, ka k\u0101du \u0146emtu aiz kr\u0101gas par aicin\u0101jumiem izn\u012bcin\u0101t krievus, vat\u0146ikus, orkus vai repres\u012bv\u0101m strukt\u016br\u0101m r\u016bp\u0113tu iedz\u012bvot\u0101ju attieksme pret indi\u0101\u0146u, aborig\u0113nu, palest\u012bnie\u0161u vai alav\u012btu likteni. Saprotams, ka neaizskaramo saraksts main\u012bsies atbilsto\u0161i politiskajai situ\u0101cijai. T\u0101p\u0113c v\u0113lams to pla\u0161i publiskot, lai leti\u0146\u0161 vienm\u0113r zin\u0101tu, kuri slakti\u0146i ir atbalst\u0101mi, bet kuri ne.<\/p>\n<p>Pantus par noziegumiem pret mieru, kara noziegumiem un terorismu var vienk\u0101r\u0161ot. Visas Krievijas darb\u012bbas ir neizprovoc\u0113tas un nosod\u0101mas, tostarp aizst\u0101v\u0113\u0161an\u0101s, jo ir neap\u0161aub\u0101mi, ka jebkur\u0161 uzbruc\u0113js un terorists tikai grib vien atbr\u012bvot krievzemie\u0161us no Krem\u013ca re\u017e\u012bma. Tikm\u0113r viss, ko ekstrateritori\u0101li dara kolekt\u012bvie Rietumi, Izra\u0113la un Ukraina, ir \u010dikiniek\u0101. Latvijas varne\u0161u attieksme pret Nord Stream\u00a0uzspridzin\u0101\u0161anu, Izra\u0113las peid\u017eeru epopeju, Ir\u0101nas zin\u0101tnieku slepkav\u012bb\u0101m un iebrukumu Venecu\u0113l\u0101 r\u0101da, ka praks\u0113 t\u0101 jau notiek. Tikai j\u0101pavelk apak\u0161\u0101 likumu b\u0101ze.<\/p>\n<p>Protams, nav \u0161aubu, ka kangar\u0101ts turpin\u0101s imit\u0113t tiesiskumu un objektivit\u0101ti, bet mani priek\u0161likumi ir skaudra sat\u012bra. M\u0113s joproj\u0101m dz\u012bvojam sovok\u0101 \u2013 vien\u012bgi liekul\u012bg\u0101k\u0101, mel\u012bg\u0101k\u0101 un samait\u0101t\u0101k\u0101. Ikviens, kas neredz, ka karalis ir kails, ir vai nu akluma sists vai varas b\u013codlai\u017ea, bet es vien naivs puika ar sirmu b\u0101rdu, kur\u0161 palai\u017e muti. J\u0101piemetina, ka Dievzem\u012bt\u0113 nek\u0101da kara\u013ca nav. Valda elit\u0101ras padibenes, kas labi apzin\u0101s, ka tauta redz vi\u0146u kaunu, ta\u010du iebaid\u012bta klus\u0113. Es politiskos pantus par viedokli atceltu visp\u0101r, bet par darb\u012bbu patie\u0161\u0101m preciz\u0113tu. Ta\u010du esmu tikai iedvesm\u012btis.<\/p>\n<p><a href=\"https:\/\/www.cnbc.com\/2026\/01\/03\/maduro-indictment-drugs-venezuela.html\" rel=\"nofollow noopener\" target=\"_blank\">https:\/\/www.cnbc.com\/2026\/01\/03\/maduro-indictment-drugs-venezuela.html<\/a><\/p>\n<p><a href=\"https:\/\/www.la.lv\/jo-talak-jo-trakak-tramps-pazino-par-venecuelas-prezidenta-maduro-sagustisanu-asv-operacija\" rel=\"nofollow noopener\" target=\"_blank\">https:\/\/www.la.lv\/jo-talak-jo-trakak-tramps-pazino-par-venecuelas-prezidenta-maduro-sagustisanu-asv-operacija<\/a><\/p>\n<p><a href=\"https:\/\/t.me\/ViedaisManels\/8414\" rel=\"nofollow\">https:\/\/t.me\/ViedaisManels\/8414<\/a><\/p>\n<p><a href=\"https:\/\/www.facebook.com\/photo?fbid=902544852101805&amp;set=a.114137660942532\" rel=\"nofollow noopener\" target=\"_blank\">https:\/\/www.facebook.com\/photo?fbid=902544852101805&amp;set=a.114137660942532<\/a><\/p>\n<p>Nov\u0113rt\u0113 \u0161o rakstu:<\/p>\n<p>70<\/p>\n<p>13<\/p>\n<p>                <script async src=\"https:\/\/platform.twitter.com\/widgets.js\" charset=\"utf-8\"><\/script><\/p>\n","protected":false},"excerpt":{"rendered":"Viedais Manels \u00b7 04.01.2026. \u00b7 Koment\u0101ri (154) Iesaki rakstu: \u201eVirs zemes nav taisn\u012bbas, d\u016brei tik sp\u0113ks, Kas varm\u0101k\u0101m&hellip;\n","protected":false},"author":2,"featured_media":94514,"comment_status":"","ping_status":"","sticky":false,"template":"","format":"standard","meta":{"footnotes":""},"categories":[14],"tags":[23,57,28,29,32,33,22,30,31,35,39,38,36,37,34,40,20,26,27,24,25,54,55,56,21,58],"class_list":{"0":"post-94662","1":"post","2":"type-post","3":"status-publish","4":"format-standard","5":"has-post-thumbnail","7":"category-zinas-no-arvalstim","8":"tag-aktualitates","9":"tag-arvalstim","10":"tag-breaking-news","11":"tag-breakingnews","12":"tag-featured-news","13":"tag-featurednews","14":"tag-headlines","15":"tag-latest-news","16":"tag-latestnews","17":"tag-latvia","18":"tag-latvian","19":"tag-latviesu","20":"tag-latviesu-valoda","21":"tag-latviesuvaloda","22":"tag-latvija","23":"tag-lv","24":"tag-news","25":"tag-popularakas-zinas","26":"tag-popularakaszinas","27":"tag-top-stories","28":"tag-topstories","29":"tag-world","30":"tag-world-news","31":"tag-worldnews","32":"tag-zinas","33":"tag-zinas-no-arvalstim"},"share_on_mastodon":{"url":"https:\/\/pubeurope.com\/@lv\/115840745703214834","error":""},"_links":{"self":[{"href":"https:\/\/www.europesays.com\/lv\/wp-json\/wp\/v2\/posts\/94662","targetHints":{"allow":["GET"]}}],"collection":[{"href":"https:\/\/www.europesays.com\/lv\/wp-json\/wp\/v2\/posts"}],"about":[{"href":"https:\/\/www.europesays.com\/lv\/wp-json\/wp\/v2\/types\/post"}],"author":[{"embeddable":true,"href":"https:\/\/www.europesays.com\/lv\/wp-json\/wp\/v2\/users\/2"}],"replies":[{"embeddable":true,"href":"https:\/\/www.europesays.com\/lv\/wp-json\/wp\/v2\/comments?post=94662"}],"version-history":[{"count":0,"href":"https:\/\/www.europesays.com\/lv\/wp-json\/wp\/v2\/posts\/94662\/revisions"}],"wp:featuredmedia":[{"embeddable":true,"href":"https:\/\/www.europesays.com\/lv\/wp-json\/wp\/v2\/media\/94514"}],"wp:attachment":[{"href":"https:\/\/www.europesays.com\/lv\/wp-json\/wp\/v2\/media?parent=94662"}],"wp:term":[{"taxonomy":"category","embeddable":true,"href":"https:\/\/www.europesays.com\/lv\/wp-json\/wp\/v2\/categories?post=94662"},{"taxonomy":"post_tag","embeddable":true,"href":"https:\/\/www.europesays.com\/lv\/wp-json\/wp\/v2\/tags?post=94662"}],"curies":[{"name":"wp","href":"https:\/\/api.w.org\/{rel}","templated":true}]}}