{"id":94663,"date":"2026-01-05T05:04:16","date_gmt":"2026-01-05T05:04:16","guid":{"rendered":"https:\/\/www.europesays.com\/lv\/94663\/"},"modified":"2026-01-05T05:04:16","modified_gmt":"2026-01-05T05:04:16","slug":"rozenvalds-pasreizeja-koalicija-visticamak-turpinas-darbu-lidz-saeimas-velesanam-2","status":"publish","type":"post","link":"https:\/\/www.europesays.com\/lv\/94663\/","title":{"rendered":"Rozenvalds: Pa\u0161reiz\u0113j\u0101 koal\u012bcija, visticam\u0101k, turpin\u0101s darbu l\u012bdz Saeimas v\u0113l\u0113\u0161an\u0101m"},"content":{"rendered":"<p>Vi\u0146apr\u0101t, koal\u012bcijas iek\u0161\u0113j\u0101s nesaska\u0146as, kas spilgti izpaudu\u0161\u0101s aizvad\u012bto m\u0113ne\u0161u laik\u0101, nekur nepazud\u012bs, tom\u0113r visas tr\u012bs koal\u012bcijas partijas &#8211; &#8220;Jaun\u0101 vienot\u012bba&#8221; (JV), &#8220;Progres\u012bvie&#8221; un Za\u013co un zemnieku savien\u012bba (ZZS), sprie\u017eot p\u0113c bud\u017eeta pie\u0146em\u0161anas, k\u0101 virsuzdevumu izvirz\u012bju\u0161as palik\u0161anu kop\u0101. Rozenvalda ieskat\u0101 JV \u0161aj\u0101 situ\u0101cij\u0101 ie\u0146em vidut\u0101ja lomu un ar\u012b turpm\u0101k cent\u012bsies mazin\u0101t konfliktus.<\/p>\n<p>Politologs atzina, ka alternat\u012bvu vald\u012bbas veido\u0161anas variantu ir maz. Opoz\u012bcijas veidota vald\u012bba, pat piesaistot ZZS, b\u016btu maz\u0101kuma vald\u012bba, ja vien netiktu iesaist\u012bta partija &#8220;Latvija pirmaj\u0101 viet\u0101&#8221; (LPV), kas, p\u0113c Rozenvalda teikt\u0101, var\u0113tu rad\u012bt reput\u0101cijas riskus, savuk\u0101rt partijas &#8220;Stabilit\u0101tei&#8221; iesaiste praktiski nav iesp\u0113jama. T\u0101pat vi\u0146\u0161 uzsv\u0113ra, ka \u0161\u0101dai vald\u012bbai b\u016btu j\u0101darbojas uz jau pie\u0146emt\u0101 bud\u017eeta pamata.<\/p>\n<p>Rozenvalds uzskata, ka visre\u0101listisk\u0101kais scen\u0101rijs ir eso\u0161\u0101s vald\u012bbas saglab\u0101\u0161ana, izvairoties no as\u0101m politisk\u0101m iniciat\u012bv\u0101m un jaut\u0101jumiem, kas var\u0113tu izrais\u012bt jaunas konfront\u0101cijas, t\u0101d\u0113j\u0101di vald\u012bbai darbojoties l\u012bdz v\u0113l\u0113\u0161an\u0101m.<\/p>\n<p>V\u0113rt\u0113jot politisko partiju reitingus, politologs nor\u0101d\u012bja, ka reitingu kritumu piedz\u012bvoju\u0161i visi Saeim\u0101 p\u0101rst\u0101v\u0113tie politiskie sp\u0113ki, kas biju\u0161i iesaist\u012bti jaun\u0101kajos politiskajos str\u012bdos, tostarp diskusij\u0101s par t\u0101 d\u0113v\u0113to Stambulas konvenciju.<\/p>\n<p>Rozenvalda ieskat\u0101 \u0161ie str\u012bdi veicin\u0101ju\u0161i v\u0113l\u0113t\u0101ju vil\u0161anos politik\u0101 kopum\u0101, par ko liecinot ar\u012b to cilv\u0113ku skaita pieaugums, kuri nezina, par ko balsot. Vi\u0146\u0161 pie\u013cauj, ka tas var\u0113tu attur\u0113t politiskos sp\u0113kus no p\u0101r\u0101k as\u0101m darb\u012bb\u0101m turpm\u0101k.<\/p>\n<p>Run\u0101jot par notikumu ap Stambulas konvenciju iesp\u0113jamo ietekmi uz parlamenta v\u0113l\u0113\u0161an\u0101m, politologs nor\u0101d\u012bja, ka Latvijas v\u0113l\u0113t\u0101jiem visp\u0101r\u012bgi cilv\u0113kties\u012bbu jaut\u0101jumi parasti nav tik noz\u012bm\u012bgi k\u0101 Rietumeirop\u0101. Vi\u0146apr\u0101t, da\u013c\u0101 sabiedr\u012bbas, izmantot\u0101 retorika rais\u012bjusi ba\u017eas par iesp\u0113jamu politisk\u0101 kursa mai\u0146u, k\u0101ds savulaik ir piedz\u012bvots gan Ung\u0101rij\u0101, gan Krievij\u0101. To, p\u0113c Rozenvalda teikt\u0101, apliecina ar\u012b protesti, tostarp pas\u0101kums Doma laukum\u0101, kur\u0101 piedal\u012bj\u0101s da\u017e\u0101da vecuma cilv\u0113ki.<\/p>\n<p>Jau zi\u0146ots, ka pag\u0101ju\u0161\u0101 gada ruden\u012b LPV Saeim\u0101 iesniedza likumprojektu par Stambulas konvencijas denons\u0113\u0161anu, un to atbalst\u012bja ne tikai citas opoz\u012bcijas partijas &#8211; Nacion\u0101l\u0101 apvien\u012bba, &#8220;Apvienotais saraksts&#8221; un &#8220;Stabilit\u0101tei&#8221; -, bet ar\u012b valdo\u0161aj\u0101 koal\u012bcij\u0101 ietilpsto\u0161\u0101 ZZS. Izst\u0101\u0161anos no konvencijas neatbalst\u012bja valdo\u0161aj\u0101 koal\u012bcij\u0101 eso\u0161\u0101 JV un &#8220;Progres\u012bvie&#8221;. Ar balsu vair\u0101kumu likumu izdev\u0101s pie\u0146emt.<\/p>\n<p>Iev\u0113rojama sabiedr\u012bbas da\u013ca izr\u0101d\u012bja neapmierin\u0101t\u012bbu par pie\u0146emto l\u0113mumu, un Valsts prezidents Edgars Rink\u0113vi\u010ds likumu par Stambulas konvencijas denons\u0113\u0161anu atdeva parlamentam otrreiz\u0113jai caurl\u016bko\u0161anai.<\/p>\n<p>Saeima prezidenta izbr\u0101\u0137\u0113to likumu nodeva skat\u012b\u0161anai \u0100rlietu komisij\u0101, nosakot par priek\u0161likumu iesnieg\u0161anas termi\u0146u vienu gadu. Tas faktiski noz\u012bm\u0113, ka likums par izst\u0101\u0161anos no konvencijas b\u016bs j\u0101p\u0101rskata n\u0101kamajam Saeimas sasaukumam.<\/p>\n<p>Vairums ekspertu un nevalstisko organiz\u0101ciju, kas str\u0101d\u0101 ar vardarb\u012bbas nov\u0113r\u0161anas jaut\u0101jumiem, iebilst pret ieceri izst\u0101ties no konvencijas, pau\u017eot ba\u017eas, ka tas mazin\u0101s cietu\u0161o aizst\u0101v\u0113\u0161anu pret vardarb\u012bbu un negat\u012bvi ietekm\u0113s Latvijas starptautisko t\u0113lu Rietumu sabiedroto ac\u012bs.<\/p>\n<p>Latvij\u0101 Eiropas Padomes Konvencija par vardarb\u012bbas pret sieviet\u0113m un vardarb\u012bbas \u0123imen\u0113 nov\u0113r\u0161anu un apkaro\u0161anu jeb t\u0101 d\u0113v\u0113t\u0101 Stambulas konvencija st\u0101j\u0101s sp\u0113k\u0101 pag\u0101ju\u0161\u0101 gada 1. maij\u0101. Tas ir starptautisks l\u012bgums, kas paredz, ka t\u0101 dal\u012bbvalst\u012bm ir j\u0101izstr\u0101d\u0101 saska\u0146ota politika, lai lab\u0101k var\u0113tu aizsarg\u0101t sievietes no visu veidu vardarb\u012bbas, k\u0101 ar\u012b sievietes un v\u012brie\u0161us no vardarb\u012bbas \u0123imen\u0113.<\/p>\n<p>Tostarp dal\u012bbvalst\u012bm ir j\u0101nodro\u0161ina cietu\u0161ajiem vispus\u012bga pal\u012bdz\u012bba un aizsardz\u012bba, kr\u012bzes centri, kr\u012bzes t\u0101lrunis, kas darbojas diennakti, specializ\u0113tie atbalsta centri no seksu\u0101las vardarb\u012bbas cietu\u0161\u0101m person\u0101m, j\u0101aizsarg\u0101 un j\u0101atbalsta b\u0113rni, kas ir vardarb\u012bbas liecinieki.<\/p>\n<ul class=\"d-inline-block list-inline\">\n<li class=\"list-inline-item\"><a href=\"https:\/\/lat.press.lv\/\" rel=\"nofollow noopener\" target=\"_blank\"><img decoding=\"async\" style=\"max-height: 35px;\" src=\"https:\/\/lat.press.lv\/themes\/press\/assets\/lat_press_logo.svg\" alt=\"Press.lv - \u041d\u043e\u0432\u043e\u0441\u0442\u0438, \u043a\u043e\u0442\u043e\u0440\u044b\u0435 \u043a\u0430\u0441\u0430\u044e\u0442\u0441\u044f \u0412\u0430\u0441!\"\/><\/a><\/li>\n<\/ul>\n","protected":false},"excerpt":{"rendered":"Vi\u0146apr\u0101t, koal\u012bcijas iek\u0161\u0113j\u0101s nesaska\u0146as, kas spilgti izpaudu\u0161\u0101s aizvad\u012bto m\u0113ne\u0161u laik\u0101, nekur nepazud\u012bs, tom\u0113r visas tr\u012bs koal\u012bcijas partijas &#8211;&hellip;\n","protected":false},"author":2,"featured_media":94664,"comment_status":"","ping_status":"","sticky":false,"template":"","format":"standard","meta":{"footnotes":""},"categories":[12],"tags":[23,28,29,32,33,22,30,31,35,39,38,36,37,34,40,20,26,27,24,25,21],"class_list":{"0":"post-94663","1":"post","2":"type-post","3":"status-publish","4":"format-standard","5":"has-post-thumbnail","7":"category-latvija","8":"tag-aktualitates","9":"tag-breaking-news","10":"tag-breakingnews","11":"tag-featured-news","12":"tag-featurednews","13":"tag-headlines","14":"tag-latest-news","15":"tag-latestnews","16":"tag-latvia","17":"tag-latvian","18":"tag-latviesu","19":"tag-latviesu-valoda","20":"tag-latviesuvaloda","21":"tag-latvija","22":"tag-lv","23":"tag-news","24":"tag-popularakas-zinas","25":"tag-popularakaszinas","26":"tag-top-stories","27":"tag-topstories","28":"tag-zinas"},"share_on_mastodon":{"url":"https:\/\/pubeurope.com\/@lv\/115840749635212363","error":""},"_links":{"self":[{"href":"https:\/\/www.europesays.com\/lv\/wp-json\/wp\/v2\/posts\/94663","targetHints":{"allow":["GET"]}}],"collection":[{"href":"https:\/\/www.europesays.com\/lv\/wp-json\/wp\/v2\/posts"}],"about":[{"href":"https:\/\/www.europesays.com\/lv\/wp-json\/wp\/v2\/types\/post"}],"author":[{"embeddable":true,"href":"https:\/\/www.europesays.com\/lv\/wp-json\/wp\/v2\/users\/2"}],"replies":[{"embeddable":true,"href":"https:\/\/www.europesays.com\/lv\/wp-json\/wp\/v2\/comments?post=94663"}],"version-history":[{"count":0,"href":"https:\/\/www.europesays.com\/lv\/wp-json\/wp\/v2\/posts\/94663\/revisions"}],"wp:featuredmedia":[{"embeddable":true,"href":"https:\/\/www.europesays.com\/lv\/wp-json\/wp\/v2\/media\/94664"}],"wp:attachment":[{"href":"https:\/\/www.europesays.com\/lv\/wp-json\/wp\/v2\/media?parent=94663"}],"wp:term":[{"taxonomy":"category","embeddable":true,"href":"https:\/\/www.europesays.com\/lv\/wp-json\/wp\/v2\/categories?post=94663"},{"taxonomy":"post_tag","embeddable":true,"href":"https:\/\/www.europesays.com\/lv\/wp-json\/wp\/v2\/tags?post=94663"}],"curies":[{"name":"wp","href":"https:\/\/api.w.org\/{rel}","templated":true}]}}