{"id":94667,"date":"2026-01-05T05:11:03","date_gmt":"2026-01-05T05:11:03","guid":{"rendered":"https:\/\/www.europesays.com\/lv\/94667\/"},"modified":"2026-01-05T05:11:03","modified_gmt":"2026-01-05T05:11:03","slug":"riga-saks-darboties-isais-vienotais-pasvaldibas-talruna-numurs-1201","status":"publish","type":"post","link":"https:\/\/www.europesays.com\/lv\/94667\/","title":{"rendered":"R\u012bg\u0101 s\u0101ks darboties \u012bsais vienotais pa\u0161vald\u012bbas t\u0101lru\u0146a numurs 1201"},"content":{"rendered":"<p>Numurs ir t\u0101ds pats k\u0101 R\u012bgas dibin\u0101\u0161anas gads.<\/p>\n<p>\u012asais numurs nodro\u0161ina \u0101tru, atpaz\u012bstamu un \u0113rtu sazi\u0146u. L\u012bdz\u012bga pieeja jau tiek izmantota daudz\u0101s lielaj\u0101s Eiropas pils\u0113t\u0101s &#8211; Var\u0161av\u0101 ir 19115, Kijiv\u0101 \u012bso numuru sist\u0113ma ir pla\u0161i att\u012bst\u012bta (1539, 1545, 1547), bet Vi\u013c\u0146\u0101 darbojas t\u0101lru\u0146a numurs 1664.<\/p>\n<p>Pa\u0161vald\u012bb\u0101 uzsver, ka \u012bsajiem numuriem ir b\u016btiska priek\u0161roc\u012bba &#8211; tos viegli atcer\u0113ties, \u012bpa\u0161i situ\u0101cij\u0101s, kad mobil\u0101 interneta darb\u012bba ir trauc\u0113ta un nav iesp\u0113jams \u0101tri samekl\u0113t garo numuru.<\/p>\n<p>R\u012bgas pa\u0161vald\u012bba jau no pag\u0101ju\u0161\u0101 gada 1. j\u016blija ir centraliz\u0113jusi sazi\u0146as sist\u0113mu, apvienojot vair\u0101kus l\u012bdz\u0161in\u0113jos informat\u012bvos t\u0101lru\u0146us vienot\u0101 bezmaksas numur\u0101 80001201. Tagad \u0161im bezmaksas t\u0101lrunim ieviests ar\u012b \u012bsais analogs &#8211; 1201, kas s\u0101ks darboties n\u0101kam\u0101 gada s\u0101kum\u0101. Abus numurus pagaid\u0101m var\u0113s izmantot paral\u0113li.<\/p>\n<p>Vienotais <a href=\"https:\/\/www.tvnet.lv\/term\/555806\/pasvaldibas\" class=\"topicLink\" target=\"_blank\" rel=\"nofollow noopener\">pa\u0161vald\u012bbas<\/a> t\u0101lrunis nodro\u0161ina inform\u0101ciju par pa\u0161vald\u012bbas pakalpojumiem darba dien\u0101s no plkst. 8 l\u012bdz 18, zi\u0146ojumu pie\u0146em\u0161anu par notikumiem pils\u0113tvid\u0113 24\/7 re\u017e\u012bm\u0101, operatora atzvana iesp\u0113ju.<\/p>\n<p>T\u0101lru\u0146a darbu nodro\u0161ina diennakts operators un vair\u0101ki operatori darba laik\u0101, nepiecie\u0161am\u012bbas gad\u012bjum\u0101 piesaistot papildu resursus. \u0160\u0101da sist\u0113ma \u013cauj pa\u0161vald\u012bbai \u0101tr\u0101k koordin\u0113t inform\u0101ciju un rea\u0123\u0113t kr\u012bzes br\u012b\u017eos.<\/p>\n<p>R\u012bgas pa\u0161vald\u012bbas uz\u0146\u0113mumu &#8211; &#8220;R\u012bgas satiksmes&#8221;, &#8220;R\u012bgas \u016bdens&#8221;, &#8220;R\u012bgas namu p\u0101rvaldnieks&#8221; &#8211; informat\u012bvie t\u0101lru\u0146i pagaid\u0101m netiek iek\u013cauti centraliz\u0113taj\u0101 sist\u0113m\u0101.<\/p>\n","protected":false},"excerpt":{"rendered":"Numurs ir t\u0101ds pats k\u0101 R\u012bgas dibin\u0101\u0161anas gads. \u012asais numurs nodro\u0161ina \u0101tru, atpaz\u012bstamu un \u0113rtu sazi\u0146u. L\u012bdz\u012bga pieeja&hellip;\n","protected":false},"author":2,"featured_media":94668,"comment_status":"","ping_status":"","sticky":false,"template":"","format":"standard","meta":{"footnotes":""},"categories":[5],"tags":[23,28,29,32,33,22,30,31,35,39,38,36,37,34,40,20,1860,26,27,172,24,25,21],"class_list":{"0":"post-94667","1":"post","2":"type-post","3":"status-publish","4":"format-standard","5":"has-post-thumbnail","7":"category-aktualitates","8":"tag-aktualitates","9":"tag-breaking-news","10":"tag-breakingnews","11":"tag-featured-news","12":"tag-featurednews","13":"tag-headlines","14":"tag-latest-news","15":"tag-latestnews","16":"tag-latvia","17":"tag-latvian","18":"tag-latviesu","19":"tag-latviesu-valoda","20":"tag-latviesuvaloda","21":"tag-latvija","22":"tag-lv","23":"tag-news","24":"tag-pasvaldibas","25":"tag-popularakas-zinas","26":"tag-popularakaszinas","27":"tag-riga","28":"tag-top-stories","29":"tag-topstories","30":"tag-zinas"},"share_on_mastodon":{"url":"https:\/\/pubeurope.com\/@lv\/115840777076250030","error":""},"_links":{"self":[{"href":"https:\/\/www.europesays.com\/lv\/wp-json\/wp\/v2\/posts\/94667","targetHints":{"allow":["GET"]}}],"collection":[{"href":"https:\/\/www.europesays.com\/lv\/wp-json\/wp\/v2\/posts"}],"about":[{"href":"https:\/\/www.europesays.com\/lv\/wp-json\/wp\/v2\/types\/post"}],"author":[{"embeddable":true,"href":"https:\/\/www.europesays.com\/lv\/wp-json\/wp\/v2\/users\/2"}],"replies":[{"embeddable":true,"href":"https:\/\/www.europesays.com\/lv\/wp-json\/wp\/v2\/comments?post=94667"}],"version-history":[{"count":0,"href":"https:\/\/www.europesays.com\/lv\/wp-json\/wp\/v2\/posts\/94667\/revisions"}],"wp:featuredmedia":[{"embeddable":true,"href":"https:\/\/www.europesays.com\/lv\/wp-json\/wp\/v2\/media\/94668"}],"wp:attachment":[{"href":"https:\/\/www.europesays.com\/lv\/wp-json\/wp\/v2\/media?parent=94667"}],"wp:term":[{"taxonomy":"category","embeddable":true,"href":"https:\/\/www.europesays.com\/lv\/wp-json\/wp\/v2\/categories?post=94667"},{"taxonomy":"post_tag","embeddable":true,"href":"https:\/\/www.europesays.com\/lv\/wp-json\/wp\/v2\/tags?post=94667"}],"curies":[{"name":"wp","href":"https:\/\/api.w.org\/{rel}","templated":true}]}}