{"id":94677,"date":"2026-01-05T05:22:08","date_gmt":"2026-01-05T05:22:08","guid":{"rendered":"https:\/\/www.europesays.com\/lv\/94677\/"},"modified":"2026-01-05T05:22:08","modified_gmt":"2026-01-05T05:22:08","slug":"kadi-izaicinajumi-gaidami-latvijas-darba-tirgu-2026-gada","status":"publish","type":"post","link":"https:\/\/www.europesays.com\/lv\/94677\/","title":{"rendered":"K\u0101di izaicin\u0101jumi gaid\u0101mi Latvijas darba tirg\u016b 2026. gad\u0101?"},"content":{"rendered":"<p>&#8220;SEB bankas&#8221; makroekonomikas eksperts Dainis Ga\u0161puitis a\u0123ent\u016brai LETA nor\u0101d\u012bja, ka galven\u0101 zi\u0146a attiec\u012bb\u0101 uz 2026. gadu ir, ka, sekojot ekonomikai, darba tirgus k\u013c\u016bs akt\u012bv\u0101ks.<\/p>\n<p>P\u0113c vi\u0146a teikt\u0101, b\u016btisks piepras\u012bjums gaid\u0101ms no apstr\u0101des r\u016bpniec\u012bbas un b\u016bvniec\u012bbas nozar\u0113m, k\u0101 ar\u012b akt\u012bv\u0101ka darbinieku piesaiste gaid\u0101ma pakalpojumu sf\u0113r\u0101. T\u0101d\u0113\u013c, augot piepras\u012bjumam, iesp\u0113jas iesaist\u012bties darba tirg\u016b uzlabosies. Viens no b\u016btisk\u0101kajiem izaicin\u0101jumiem &#8211; iesp\u0113ju un v\u0113lmju nesader\u012bba starp darba dev\u0113ju un darbinieku &#8211; saglab\u0101sies, kur j\u0101piestr\u0101d\u0101 ab\u0101m pus\u0113m, noteiktos aspektos piepal\u012bdzot ar\u012b valstij.<\/p>\n<p>&#8220;Sagaid\u0101ms, ka darba mekl\u0113t\u0101ju \u012bpatsvars samazin\u0101sies,&#8221; teica Ga\u0161puitis.<\/p>\n<p>Vi\u0146\u0161 ar\u012b atzina, ka ir gr\u016bti prognoz\u0113t, cik liela interese par\u0101d\u012bsies \u0161obr\u012bd ekonomiski neakt\u012bvo iedz\u012bvot\u0101ju vid\u016b s\u0101kt darba gaitas, kas ietekm\u0113 bezdarba l\u012bmeni. \u0160\u0101d\u0101 gad\u012bjum\u0101 bezdarba mazin\u0101\u0161an\u0101s var norit\u0113t l\u0113n\u012bg\u0101k, bet tas ir pozit\u012bvs aspekts.<\/p>\n<p>&#8220;Svar\u012bgi, ka 2026. gad\u0101 nodarbin\u0101t\u012bba pieaugs,&#8221; uzsv\u0113ra Ga\u0161puitis.<\/p>\n","protected":false},"excerpt":{"rendered":"&#8220;SEB bankas&#8221; makroekonomikas eksperts Dainis Ga\u0161puitis a\u0123ent\u016brai LETA nor\u0101d\u012bja, ka galven\u0101 zi\u0146a attiec\u012bb\u0101 uz 2026. gadu ir, ka,&hellip;\n","protected":false},"author":2,"featured_media":94678,"comment_status":"","ping_status":"","sticky":false,"template":"","format":"standard","meta":{"footnotes":""},"categories":[12],"tags":[23,4194,28,29,4603,32,33,22,30,31,35,39,38,36,37,34,40,23644,20,26,27,24,25,21],"class_list":{"0":"post-94677","1":"post","2":"type-post","3":"status-publish","4":"format-standard","5":"has-post-thumbnail","7":"category-latvija","8":"tag-aktualitates","9":"tag-bezdarbs","10":"tag-breaking-news","11":"tag-breakingnews","12":"tag-darba-tirgus","13":"tag-featured-news","14":"tag-featurednews","15":"tag-headlines","16":"tag-latest-news","17":"tag-latestnews","18":"tag-latvia","19":"tag-latvian","20":"tag-latviesu","21":"tag-latviesu-valoda","22":"tag-latviesuvaloda","23":"tag-latvija","24":"tag-lv","25":"tag-makroekonomika","26":"tag-news","27":"tag-popularakas-zinas","28":"tag-popularakaszinas","29":"tag-top-stories","30":"tag-topstories","31":"tag-zinas"},"share_on_mastodon":{"url":"https:\/\/pubeurope.com\/@lv\/115840820459856152","error":""},"_links":{"self":[{"href":"https:\/\/www.europesays.com\/lv\/wp-json\/wp\/v2\/posts\/94677","targetHints":{"allow":["GET"]}}],"collection":[{"href":"https:\/\/www.europesays.com\/lv\/wp-json\/wp\/v2\/posts"}],"about":[{"href":"https:\/\/www.europesays.com\/lv\/wp-json\/wp\/v2\/types\/post"}],"author":[{"embeddable":true,"href":"https:\/\/www.europesays.com\/lv\/wp-json\/wp\/v2\/users\/2"}],"replies":[{"embeddable":true,"href":"https:\/\/www.europesays.com\/lv\/wp-json\/wp\/v2\/comments?post=94677"}],"version-history":[{"count":0,"href":"https:\/\/www.europesays.com\/lv\/wp-json\/wp\/v2\/posts\/94677\/revisions"}],"wp:featuredmedia":[{"embeddable":true,"href":"https:\/\/www.europesays.com\/lv\/wp-json\/wp\/v2\/media\/94678"}],"wp:attachment":[{"href":"https:\/\/www.europesays.com\/lv\/wp-json\/wp\/v2\/media?parent=94677"}],"wp:term":[{"taxonomy":"category","embeddable":true,"href":"https:\/\/www.europesays.com\/lv\/wp-json\/wp\/v2\/categories?post=94677"},{"taxonomy":"post_tag","embeddable":true,"href":"https:\/\/www.europesays.com\/lv\/wp-json\/wp\/v2\/tags?post=94677"}],"curies":[{"name":"wp","href":"https:\/\/api.w.org\/{rel}","templated":true}]}}