{"id":94691,"date":"2026-01-05T05:31:05","date_gmt":"2026-01-05T05:31:05","guid":{"rendered":"https:\/\/www.europesays.com\/lv\/94691\/"},"modified":"2026-01-05T05:31:05","modified_gmt":"2026-01-05T05:31:05","slug":"laikapstakli-vinterberga-izraisa-izmainas-pasaules-kausa-skeletona-posma-lente-lv","status":"publish","type":"post","link":"https:\/\/www.europesays.com\/lv\/94691\/","title":{"rendered":"Laikapst\u0101k\u013ci Vinterberg\u0101 izraisa izmai\u0146as Pasaules kausa skeleton\u0101 posm\u0101\u00a0\u2014\u00a0Lente.lv"},"content":{"rendered":"<p>Slikti laikapst\u0101k\u013ci V\u0101cij\u0101 atce\u013c da\u013cu skeletona sacens\u012bbu<\/p>\n<p>Vinterbergas tras\u0113 V\u0101cij\u0101 piektdien, 2. janv\u0101r\u012b, tika atcelts Pasaules kausa posma skeleton\u0101 otrais brauciens v\u012brie\u0161iem un visas p\u0101ru sacens\u012bbas. K\u0101 inform\u0113 port\u0101ls jauns.lv, intens\u012bva snig\u0161ana un nelabv\u0113l\u012bgie laikapst\u0101k\u013ci b\u016btiski ietekm\u0113ju\u0161i trases sl\u012bdam\u012bbu, radot nep\u0101rvaramas gr\u016bt\u012bbas sacens\u012bbu r\u012bkot\u0101jiem.<\/p>\n<p>Izmai\u0146as v\u012brie\u0161u un p\u0101ru sacens\u012bb\u0101s<\/p>\n<p>Slikto laikapst\u0101k\u013cu d\u0113\u013c tika pie\u0146emts l\u0113mums atcelt v\u012brie\u0161u sacens\u012bbu otro braucienu, k\u0101 ar\u012b p\u0101rtraukt visas pl\u0101not\u0101s p\u0101ru sacens\u012bbas. Starptautisk\u0101 Bobsleja un skeletona feder\u0101cija (IBSF) v\u0113l nav sniegusi gal\u012bgu inform\u0101ciju par to, vai un k\u0101 tiks p\u0101rpl\u0101nots v\u012brie\u0161u kopv\u0113rt\u0113juma rezult\u0101ts. Intens\u012bv\u0101 snig\u0161ana Vinterberg\u0101 s\u0101kotn\u0113ji padar\u012bja trasi par piec\u0101m sekund\u0113m l\u0113n\u0101ku nek\u0101 ierasts, ta\u010du l\u012bdz pirm\u0101 brauciena beig\u0101m t\u0101 s\u0101ka sl\u012bd\u0113t lab\u0101k. Tom\u0113r, \u0146emot v\u0113r\u0101 dal\u012bbnieku dro\u0161\u012bbu un sacens\u012bbu god\u012bgumu, tika pie\u0146emti radik\u0101li l\u0113mumi.<\/p>\n<p>Latvijas sportistu rezult\u0101ti pirmaj\u0101 braucien\u0101<\/p>\n<p>P\u0113c pirm\u0101 brauciena v\u012brie\u0161u konkurenc\u0113 negaid\u012bti l\u012bderis bija austrietis Aleksandrs \u0160lintners, aiz sevis atst\u0101jot D\u017eiso Kimu no Dienvidkorejas un Rasmusu Johansenu no D\u0101nijas. No Latvijas sportistiem D\u0101vis Valdovskis ie\u0146\u0113ma 22. vietu, bet Em\u012bls Indriksons ierindoj\u0101s 30. poz\u012bcij\u0101. Lai ar\u012b Valdovskis kvalific\u0113j\u0101s otrajam braucienam, tas tika atcelts. Pasaules kausa kopv\u0113rt\u0113juma l\u012bderis Mets Vestons no Lielbrit\u0101nijas pirmaj\u0101 braucien\u0101 ie\u0146\u0113ma tikai 18. vietu.<\/p>\n<p>Sievie\u0161u sacens\u012bbu norise un Latvijas p\u0101rst\u0101vniec\u012bba<\/p>\n<p>Sievie\u0161u sacens\u012bbas tika p\u0101rceltas uz v\u0113l\u0101ku laiku un s\u0101ksies plkst. 15:00 p\u0113c Latvijas laika. Pirmaj\u0101 braucien\u0101 D\u0101rta Neimane ie\u0146\u0113ma 27. vietu, bet Marta And\u017e\u0101ne \u2013 28. vietu, l\u012bdz ar to abas latvie\u0161u skeletonistes nekvalific\u0113j\u0101s otrajam braucienam. Lai gan sievie\u0161u sacens\u012bbas tika aizvad\u012btas nepierastos laikapst\u0101k\u013cos, par posma uzvar\u0113t\u0101ju k\u013cuva austrietis Jan\u012bna Floka. S\u0101koties c\u012b\u0146ai par ce\u013caz\u012bm\u0113m uz 2026. gada olimpiskaj\u0101m sp\u0113l\u0113m, Pasaules kausa izc\u012b\u0146\u0101 skeleton\u0101 paredz\u0113ti v\u0113l septi\u0146i posmi.<\/p>\n<p>Visp\u0101r\u0113jais konteksts un turpm\u0101k\u0101s sacens\u012bbas<\/p>\n<p>\u0160is Pasaules kausa posms Vinterberg\u0101 ir piektais \u0161osezon un notiek laik\u0101, kad sportisti akt\u012bvi cen\u0161as nodro\u0161in\u0101t sev vietu 2026. gada Mil\u0101nas un Kort\u012bnas d&#8217;Ampeco olimpiskaj\u0101s sp\u0113l\u0113s. P\u0113c Vinterbergas posma sacens\u012bbas v\u0113l norisin\u0101sies Sanktmoric\u0101 un Altenberg\u0101, pirms sportisti dosies uz olimpiskaj\u0101m sp\u0113l\u0113m. Nelabv\u0113l\u012bgie laikapst\u0101k\u013ci skeleton\u0101 nav nekas jauns, un organizatoriem bie\u017ei n\u0101kas piel\u0101goties main\u012bgajiem apst\u0101k\u013ciem.<\/p>\n","protected":false},"excerpt":{"rendered":"Slikti laikapst\u0101k\u013ci V\u0101cij\u0101 atce\u013c da\u013cu skeletona sacens\u012bbu Vinterbergas tras\u0113 V\u0101cij\u0101 piektdien, 2. janv\u0101r\u012b, tika atcelts Pasaules kausa posma&hellip;\n","protected":false},"author":2,"featured_media":94692,"comment_status":"","ping_status":"","sticky":false,"template":"","format":"standard","meta":{"footnotes":""},"categories":[17],"tags":[397,35,39,38,36,37,34,1716,40,2560,11526,67,17763],"class_list":{"0":"post-94691","1":"post","2":"type-post","3":"status-publish","4":"format-standard","5":"has-post-thumbnail","7":"category-sports","8":"tag-laikapstakli","9":"tag-latvia","10":"tag-latvian","11":"tag-latviesu","12":"tag-latviesu-valoda","13":"tag-latviesuvaloda","14":"tag-latvija","15":"tag-latvijas-sportisti","16":"tag-lv","17":"tag-pasaules-kauss","18":"tag-skeletons","19":"tag-sports","20":"tag-vinterberga"},"share_on_mastodon":{"url":"https:\/\/pubeurope.com\/@lv\/115840855782109585","error":""},"_links":{"self":[{"href":"https:\/\/www.europesays.com\/lv\/wp-json\/wp\/v2\/posts\/94691","targetHints":{"allow":["GET"]}}],"collection":[{"href":"https:\/\/www.europesays.com\/lv\/wp-json\/wp\/v2\/posts"}],"about":[{"href":"https:\/\/www.europesays.com\/lv\/wp-json\/wp\/v2\/types\/post"}],"author":[{"embeddable":true,"href":"https:\/\/www.europesays.com\/lv\/wp-json\/wp\/v2\/users\/2"}],"replies":[{"embeddable":true,"href":"https:\/\/www.europesays.com\/lv\/wp-json\/wp\/v2\/comments?post=94691"}],"version-history":[{"count":0,"href":"https:\/\/www.europesays.com\/lv\/wp-json\/wp\/v2\/posts\/94691\/revisions"}],"wp:featuredmedia":[{"embeddable":true,"href":"https:\/\/www.europesays.com\/lv\/wp-json\/wp\/v2\/media\/94692"}],"wp:attachment":[{"href":"https:\/\/www.europesays.com\/lv\/wp-json\/wp\/v2\/media?parent=94691"}],"wp:term":[{"taxonomy":"category","embeddable":true,"href":"https:\/\/www.europesays.com\/lv\/wp-json\/wp\/v2\/categories?post=94691"},{"taxonomy":"post_tag","embeddable":true,"href":"https:\/\/www.europesays.com\/lv\/wp-json\/wp\/v2\/tags?post=94691"}],"curies":[{"name":"wp","href":"https:\/\/api.w.org\/{rel}","templated":true}]}}