{"id":94695,"date":"2026-01-05T05:34:09","date_gmt":"2026-01-05T05:34:09","guid":{"rendered":"https:\/\/www.europesays.com\/lv\/94695\/"},"modified":"2026-01-05T05:34:09","modified_gmt":"2026-01-05T05:34:09","slug":"cik-pelnisim-sogad-un-vai-gaidit-algas-pieaugumu-prognozes-un-algas-kalkulators","status":"publish","type":"post","link":"https:\/\/www.europesays.com\/lv\/94695\/","title":{"rendered":"Cik peln\u012bsim \u0161ogad un vai gaid\u012bt algas pieaugumu? Prognozes un algas kalkulators"},"content":{"rendered":"<p>Aizvad\u012btaj\u0101 gad\u0101 algas turpin\u0101ja k\u0101pt, piedz\u012bvojot pieaugumu par teju 8 %, tom\u0113r, k\u0101 atkl\u0101j aptaujas, daudzi str\u0101d\u0101jo\u0161ie nav sa\u0146\u0113mu\u0161i algas pielikumu. Ekonomisti paredz, ka algu k\u0101pums turpin\u0101sies ar\u012b \u0161aj\u0101 gad\u0101, tom\u0113r ar\u012b ne visiem. Vienlaikus daudziem str\u0101d\u0101jo\u0161ajiem ien\u0101kumi nedaudz tom\u0113r pieaugs.<\/p>\n<p class=\"m-0\">Seko &#8220;Delfi&#8221; ar\u012b  <a target=\"_blank\" href=\"https:\/\/www.instagram.com\/delfi.lv\/\" rel=\"nofollow noopener\">Instagram<\/a>  un <a target=\"_blank\" href=\"https:\/\/www.youtube.com\/channel\/UCw5foWtcJvAbUm64rv7jwUQ\" rel=\"nofollow noopener\">YouTube<\/a>  profil\u0101 \u2013 pievienojies, lai uzzin\u0101tu svar\u012bg\u0101ko un interesant\u0101ko pirmais!<\/p>\n<p>Publik\u0101cijas saturs vai t\u0101s jebk\u0101da apjoma da\u013ca ir aizsarg\u0101ts autorties\u012bbu objekts Autorties\u012bbu likuma izpratn\u0113, un t\u0101 izmanto\u0161ana bez izdev\u0113ja at\u013caujas ir aizliegta. Vair\u0101k lasi  <a target=\"_blank\" href=\"https:\/\/www.delfi.lv\/noteikumi#autortiesibas\" rel=\"nofollow noopener\">\u0161eit<\/a><script async src=\"\/\/www.instagram.com\/embed.js\"><\/script><\/p>\n","protected":false},"excerpt":{"rendered":"Aizvad\u012btaj\u0101 gad\u0101 algas turpin\u0101ja k\u0101pt, piedz\u012bvojot pieaugumu par teju 8 %, tom\u0113r, k\u0101 atkl\u0101j aptaujas, daudzi str\u0101d\u0101jo\u0161ie nav&hellip;\n","protected":false},"author":2,"featured_media":94696,"comment_status":"","ping_status":"","sticky":false,"template":"","format":"standard","meta":{"footnotes":""},"categories":[12],"tags":[23,28,29,18496,4603,10373,5728,32,33,22,30,31,35,39,38,36,37,34,40,20,4955,26,27,24,25,21],"class_list":{"0":"post-94695","1":"post","2":"type-post","3":"status-publish","4":"format-standard","5":"has-post-thumbnail","7":"category-latvija","8":"tag-aktualitates","9":"tag-breaking-news","10":"tag-breakingnews","11":"tag-darba-samaksa","12":"tag-darba-tirgus","13":"tag-delfi-bizness","14":"tag-delfi-plus","15":"tag-featured-news","16":"tag-featurednews","17":"tag-headlines","18":"tag-latest-news","19":"tag-latestnews","20":"tag-latvia","21":"tag-latvian","22":"tag-latviesu","23":"tag-latviesu-valoda","24":"tag-latviesuvaloda","25":"tag-latvija","26":"tag-lv","27":"tag-news","28":"tag-par-aktualo","29":"tag-popularakas-zinas","30":"tag-popularakaszinas","31":"tag-top-stories","32":"tag-topstories","33":"tag-zinas"},"share_on_mastodon":{"url":"https:\/\/pubeurope.com\/@lv\/115840867563579776","error":""},"_links":{"self":[{"href":"https:\/\/www.europesays.com\/lv\/wp-json\/wp\/v2\/posts\/94695","targetHints":{"allow":["GET"]}}],"collection":[{"href":"https:\/\/www.europesays.com\/lv\/wp-json\/wp\/v2\/posts"}],"about":[{"href":"https:\/\/www.europesays.com\/lv\/wp-json\/wp\/v2\/types\/post"}],"author":[{"embeddable":true,"href":"https:\/\/www.europesays.com\/lv\/wp-json\/wp\/v2\/users\/2"}],"replies":[{"embeddable":true,"href":"https:\/\/www.europesays.com\/lv\/wp-json\/wp\/v2\/comments?post=94695"}],"version-history":[{"count":0,"href":"https:\/\/www.europesays.com\/lv\/wp-json\/wp\/v2\/posts\/94695\/revisions"}],"wp:featuredmedia":[{"embeddable":true,"href":"https:\/\/www.europesays.com\/lv\/wp-json\/wp\/v2\/media\/94696"}],"wp:attachment":[{"href":"https:\/\/www.europesays.com\/lv\/wp-json\/wp\/v2\/media?parent=94695"}],"wp:term":[{"taxonomy":"category","embeddable":true,"href":"https:\/\/www.europesays.com\/lv\/wp-json\/wp\/v2\/categories?post=94695"},{"taxonomy":"post_tag","embeddable":true,"href":"https:\/\/www.europesays.com\/lv\/wp-json\/wp\/v2\/tags?post=94695"}],"curies":[{"name":"wp","href":"https:\/\/api.w.org\/{rel}","templated":true}]}}