{"id":94716,"date":"2026-01-05T05:52:03","date_gmt":"2026-01-05T05:52:03","guid":{"rendered":"https:\/\/www.europesays.com\/lv\/94716\/"},"modified":"2026-01-05T05:52:03","modified_gmt":"2026-01-05T05:52:03","slug":"sestdien-rigas-doma-notiks-atvadisanas-no-imanta-freiberga","status":"publish","type":"post","link":"https:\/\/www.europesays.com\/lv\/94716\/","title":{"rendered":"Sestdien R\u012bgas Dom\u0101 notiks atvad\u012b\u0161an\u0101s no Imanta Freiberga"},"content":{"rendered":"<p>K\u0101 liecina a\u0123ent\u016bras LETA arh\u012bvs, Freibergs dzimis 1934. gada 12. mart\u0101 Valmier\u0101. 1944. gad\u0101 b\u0113g\u013cu gait\u0101s non\u0101cis V\u0101cijas nometn\u0113s. 1948. gad\u0101 p\u0101rc\u0113l\u0101s uz Franciju.<\/p>\n<p>Publiski pieejam\u0101 inform\u0101cija liecina, ka Freibergs un V\u012b\u0137e-Freiberga apprec\u0113j\u0101s 1960. gada 16. j\u016bnij\u0101.<\/p>\n<p>V\u012b\u0137e-Freiberga bija Latvijas Valsts prezidente divus termi\u0146us &#8211; no 1999. gada l\u012bdz 2003. gadam un no 2003. gada l\u012bdz 2007. gadam.<\/p>\n<p>Freibergs bija datorzin\u0101tnieks. Vi\u0146\u0161 str\u0101d\u0101jis Kvebekas universit\u0101t\u0113 Monre\u0101l\u0101, kur vad\u012bjis inform\u0101tikas studiju programmas, bijis profesors Monpelj\u0113 universit\u0101t\u0113 Francij\u0101 un Oksfordas universit\u0101t\u0113 Anglij\u0101, un str\u0101d\u0101jis ar\u012b Latvijas Universit\u0101t\u0113. Vi\u0146\u0161 bijis ar\u012b Latvijas Inform\u0101cijas tehnolo\u0123iju un telekomunik\u0101ciju asoci\u0101cijas prezidents.<\/p>\n<p>Freibergs piedal\u012bjies Pirmo latvie\u0161u jaunatnes sv\u0113tku organiz\u0101cijas padomes darb\u0101. Vi\u0146\u0161 ir Latvijas Zin\u0101t\u0146u akad\u0113mijas loceklis. Sa\u0146\u0113mis pirm\u0101s \u0161\u0137iras Triju Zvaig\u017e\u0146u ordeni.<\/p>\n","protected":false},"excerpt":{"rendered":"K\u0101 liecina a\u0123ent\u016bras LETA arh\u012bvs, Freibergs dzimis 1934. gada 12. mart\u0101 Valmier\u0101. 1944. gad\u0101 b\u0113g\u013cu gait\u0101s non\u0101cis V\u0101cijas&hellip;\n","protected":false},"author":2,"featured_media":92009,"comment_status":"","ping_status":"","sticky":false,"template":"","format":"standard","meta":{"footnotes":""},"categories":[12],"tags":[23,14062,28,29,32,33,22,30,31,35,39,38,36,37,34,40,6803,20,26,27,6086,24,25,10308,21],"class_list":{"0":"post-94716","1":"post","2":"type-post","3":"status-publish","4":"format-standard","5":"has-post-thumbnail","7":"category-latvija","8":"tag-aktualitates","9":"tag-atvadisanas","10":"tag-breaking-news","11":"tag-breakingnews","12":"tag-featured-news","13":"tag-featurednews","14":"tag-headlines","15":"tag-latest-news","16":"tag-latestnews","17":"tag-latvia","18":"tag-latvian","19":"tag-latviesu","20":"tag-latviesu-valoda","21":"tag-latviesuvaloda","22":"tag-latvija","23":"tag-lv","24":"tag-muziba","25":"tag-news","26":"tag-popularakas-zinas","27":"tag-popularakaszinas","28":"tag-rigas-doms","29":"tag-top-stories","30":"tag-topstories","31":"tag-vaira-vike-freiberga","32":"tag-zinas"},"share_on_mastodon":{"url":"https:\/\/pubeurope.com\/@lv\/115840938487611763","error":""},"_links":{"self":[{"href":"https:\/\/www.europesays.com\/lv\/wp-json\/wp\/v2\/posts\/94716","targetHints":{"allow":["GET"]}}],"collection":[{"href":"https:\/\/www.europesays.com\/lv\/wp-json\/wp\/v2\/posts"}],"about":[{"href":"https:\/\/www.europesays.com\/lv\/wp-json\/wp\/v2\/types\/post"}],"author":[{"embeddable":true,"href":"https:\/\/www.europesays.com\/lv\/wp-json\/wp\/v2\/users\/2"}],"replies":[{"embeddable":true,"href":"https:\/\/www.europesays.com\/lv\/wp-json\/wp\/v2\/comments?post=94716"}],"version-history":[{"count":0,"href":"https:\/\/www.europesays.com\/lv\/wp-json\/wp\/v2\/posts\/94716\/revisions"}],"wp:featuredmedia":[{"embeddable":true,"href":"https:\/\/www.europesays.com\/lv\/wp-json\/wp\/v2\/media\/92009"}],"wp:attachment":[{"href":"https:\/\/www.europesays.com\/lv\/wp-json\/wp\/v2\/media?parent=94716"}],"wp:term":[{"taxonomy":"category","embeddable":true,"href":"https:\/\/www.europesays.com\/lv\/wp-json\/wp\/v2\/categories?post=94716"},{"taxonomy":"post_tag","embeddable":true,"href":"https:\/\/www.europesays.com\/lv\/wp-json\/wp\/v2\/tags?post=94716"}],"curies":[{"name":"wp","href":"https:\/\/api.w.org\/{rel}","templated":true}]}}