{"id":94717,"date":"2026-01-05T05:53:20","date_gmt":"2026-01-05T05:53:20","guid":{"rendered":"https:\/\/www.europesays.com\/lv\/94717\/"},"modified":"2026-01-05T05:53:20","modified_gmt":"2026-01-05T05:53:20","slug":"rigas-pasvaldiba-aicina-spradziena-cietusas-ekas-iedzivotajus-pieteikties-krizes-pabalstam-un-pagaidu-majoklim","status":"publish","type":"post","link":"https:\/\/www.europesays.com\/lv\/94717\/","title":{"rendered":"R\u012bgas pa\u0161vald\u012bba aicina spr\u0101dzien\u0101 cietu\u0161\u0101s \u0113kas iedz\u012bvot\u0101jus pieteikties kr\u012bzes pabalstam un pagaidu m\u0101joklim"},"content":{"rendered":"<p class=\"text-align-justify\">R\u012bgas pa\u0161vald\u012bba aicina g\u0101zes spr\u0101dzien\u0101 cietu\u0161\u0101s Bauskas ielas \u0113kas iedz\u012bvot\u0101jus pieteikties kr\u012bzes pabalstam un pagaidu m\u0101joklim.<\/p>\n<p class=\"text-align-justify\">Evaku\u0113tajiem iedz\u012bvot\u0101jiem ir ties\u012bbas pa\u0161vald\u012bb\u0101 sa\u0146emt kr\u012bzes pabalstu, kuru var piepras\u012bt divu m\u0113ne\u0161u laik\u0101 no kr\u012bzes situ\u0101cijas ra\u0161an\u0101s dienas. Iedz\u012bvot\u0101ji var v\u0113rsties ar iesniegumu kr\u012bzes pabalsta sa\u0146em\u0161anai R\u012bgas Soci\u0101laj\u0101 dienest\u0101, sazinoties pa t\u0101lruni <a data-external-link=\"FALSE\" href=\"https:\/\/www.riga.lv\/lv\/jaunums\/+37180001201\" rel=\"noopener nofollow\" target=\"_blank\">80001201<\/a>.<\/p>\n<p class=\"text-align-justify\">T\u0101pat iedz\u012bvot\u0101ji aicin\u0101ti v\u0113rsties Soci\u0101laj\u0101 dienest\u0101, ja nepiecie\u0161ama k\u0101da cita pal\u012bdz\u012bba, piem\u0113ram, ap\u0123\u0113rbs, dokumentu atjauno\u0161ana, vai v\u0113l k\u0101ds cits soci\u0101lais atbalsts. Pla\u0161\u0101ka inform\u0101cija par soci\u0101l\u0101s pal\u012bdz\u012bbas iesp\u0113j\u0101m pieejama pa t\u0101lruni <a data-external-link=\"FALSE\" href=\"https:\/\/www.riga.lv\/lv\/jaunums\/tel:+37180001201\" rel=\"nofollow noopener\" target=\"_blank\">80001201<\/a>.<\/p>\n<p class=\"text-align-justify\">Iedz\u012bvot\u0101jiem, kam nepiecie\u0161ama pagaidu dz\u012bvojam\u0101 telpa, vispirms tiek pied\u0101v\u0101ta istaba pa\u0161vald\u012bbas viesn\u012bc\u0101 (l\u012bdz 5 dien\u0101m), bet p\u0113c tam ir iesp\u0113ja pieteikties uz izmitin\u0101\u0161anu pa\u0161vald\u012bbas dz\u012bvokl\u012b. Lai sa\u0146emtu pa\u0161vald\u012bbas iz\u012br\u0113tu dz\u012bvojamo telpu, kur var uztur\u0113ties l\u012bdz se\u0161iem m\u0113ne\u0161iem, bet ne ilg\u0101k par gadu, iedz\u012bvot\u0101jiem j\u0101v\u0113r\u0161as \u00a0ar iesniegumu R\u012bgas domes M\u0101jok\u013cu un vides departament\u0101 Br\u012bv\u012bbas iel\u0101 49\/53.\u00a0<\/p>\n<p class=\"text-align-justify\">Piektdien, 2. janv\u0101r\u012b, piecst\u0101vu daudzdz\u012bvok\u013cu \u0113k\u0101 Tor\u0146akaln\u0101, Bauskas iel\u0101 15, boj\u0101ta g\u0101zes vada d\u0113\u013c notika spr\u0101dziens, k\u0101 rezult\u0101t\u0101 sagruvis \u0113kas ceturtais un piektais st\u0101vs, k\u0101 ar\u012b jumts. Boj\u0101 g\u0101ja divi cilv\u0113ki un vair\u0101ki ievainoti. Patlaban \u0113ku nedr\u012bkst ekspluat\u0113t, t\u0101 ir no\u017eogota un tiek apsarg\u0101ta.<\/p>\n<p class=\"text-align-justify\">Inform\u0101ciju sagatavoja: M\u0101rti\u0146\u0161 Vilemsons, R\u012bgas pa\u0161vald\u012bbas \u0100r\u0113j\u0101s komunik\u0101cijas noda\u013cas projektu koordinators, e-pasts: <a href=\"https:\/\/www.riga.lv\/lv\/jaunums\/mailto:martins.vilemsons@riga.lv\" rel=\"nofollow noopener\" target=\"_blank\">martins.vilemsons@riga.lv<\/a>.<\/p>\n","protected":false},"excerpt":{"rendered":"R\u012bgas pa\u0161vald\u012bba aicina g\u0101zes spr\u0101dzien\u0101 cietu\u0161\u0101s Bauskas ielas \u0113kas iedz\u012bvot\u0101jus pieteikties kr\u012bzes pabalstam un pagaidu m\u0101joklim. Evaku\u0113tajiem iedz\u012bvot\u0101jiem&hellip;\n","protected":false},"author":2,"featured_media":94718,"comment_status":"","ping_status":"","sticky":false,"template":"","format":"standard","meta":{"footnotes":""},"categories":[5],"tags":[23,28,29,32,33,22,30,31,35,39,38,36,37,34,40,20,26,27,24,25,21],"class_list":{"0":"post-94717","1":"post","2":"type-post","3":"status-publish","4":"format-standard","5":"has-post-thumbnail","7":"category-aktualitates","8":"tag-aktualitates","9":"tag-breaking-news","10":"tag-breakingnews","11":"tag-featured-news","12":"tag-featurednews","13":"tag-headlines","14":"tag-latest-news","15":"tag-latestnews","16":"tag-latvia","17":"tag-latvian","18":"tag-latviesu","19":"tag-latviesu-valoda","20":"tag-latviesuvaloda","21":"tag-latvija","22":"tag-lv","23":"tag-news","24":"tag-popularakas-zinas","25":"tag-popularakaszinas","26":"tag-top-stories","27":"tag-topstories","28":"tag-zinas"},"share_on_mastodon":{"url":"https:\/\/pubeurope.com\/@lv\/115840942237251037","error":""},"_links":{"self":[{"href":"https:\/\/www.europesays.com\/lv\/wp-json\/wp\/v2\/posts\/94717","targetHints":{"allow":["GET"]}}],"collection":[{"href":"https:\/\/www.europesays.com\/lv\/wp-json\/wp\/v2\/posts"}],"about":[{"href":"https:\/\/www.europesays.com\/lv\/wp-json\/wp\/v2\/types\/post"}],"author":[{"embeddable":true,"href":"https:\/\/www.europesays.com\/lv\/wp-json\/wp\/v2\/users\/2"}],"replies":[{"embeddable":true,"href":"https:\/\/www.europesays.com\/lv\/wp-json\/wp\/v2\/comments?post=94717"}],"version-history":[{"count":0,"href":"https:\/\/www.europesays.com\/lv\/wp-json\/wp\/v2\/posts\/94717\/revisions"}],"wp:featuredmedia":[{"embeddable":true,"href":"https:\/\/www.europesays.com\/lv\/wp-json\/wp\/v2\/media\/94718"}],"wp:attachment":[{"href":"https:\/\/www.europesays.com\/lv\/wp-json\/wp\/v2\/media?parent=94717"}],"wp:term":[{"taxonomy":"category","embeddable":true,"href":"https:\/\/www.europesays.com\/lv\/wp-json\/wp\/v2\/categories?post=94717"},{"taxonomy":"post_tag","embeddable":true,"href":"https:\/\/www.europesays.com\/lv\/wp-json\/wp\/v2\/tags?post=94717"}],"curies":[{"name":"wp","href":"https:\/\/api.w.org\/{rel}","templated":true}]}}