{"id":94719,"date":"2026-01-05T05:59:08","date_gmt":"2026-01-05T05:59:08","guid":{"rendered":"https:\/\/www.europesays.com\/lv\/94719\/"},"modified":"2026-01-05T05:59:08","modified_gmt":"2026-01-05T05:59:08","slug":"apskatnieks-iespejams-abola-ieprieksejie-mainas-biedri-vilka-vinu-uz-leju","status":"publish","type":"post","link":"https:\/\/www.europesays.com\/lv\/94719\/","title":{"rendered":"Apskatnieks: Iesp\u0113jams, \u0100bola iepriek\u0161\u0113jie mai\u0146as biedri vilka vi\u0146u uz leju"},"content":{"rendered":"<p>                                <img decoding=\"async\" src=\"https:\/\/www.europesays.com\/lv\/wp-content\/uploads\/2025\/10\/rodrigo-abols-sportazinas-com-1-750x450.jpg\"   alt=\"Rodrigo \u0100bols\" class=\"post-featured-image\"\/><\/p>\n<p>Rodrigo \u0100bols | Foto: Filadelfijas &#8220;Flyers&#8221;<\/p>\n<p>Zieme\u013camerikas medija \u201cThe Athletic\u201d Kevins Kurcs <a href=\"https:\/\/www.nytimes.com\/athletic\/6936378\/2026\/01\/03\/flyers-zegras-michkov-contract-trade\/\" target=\"_blank\" rel=\"noreferrer noopener nofollow\">paudis viedokli<\/a> par to, ka Nacion\u0101l\u0101s hokeja l\u012bgas (NHL) uzbruc\u0113js Rodrigo \u0100bols demonstr\u0113 lab\u0101ku sniegumu p\u0113c tam, kad vi\u0146am main\u012bju\u0161ies mai\u0146as partneri.<\/p>\n<p>Jau v\u0113st\u012bts, ka aizvad\u012btaj\u0101 nakt\u012b \u0100bola p\u0101rst\u0101v\u0113t\u0101 \u201cFlyers\u201d ar 5:2 p\u0101rsp\u0113ja Edmontonas \u201cOilers\u201d. Tre\u0161aj\u0101 tre\u0161da\u013c\u0101 \u0100bols uzvar\u0113ja iemetienu un ripa non\u0101ca pie vi\u0146a komandas biedra Nika S\u012blera, kur\u0161 ar metienu no zil\u0101s l\u012bnijas pan\u0101ca 4:2.<\/p>\n<p>\u0160osezon \u0100bols 35 sp\u0113l\u0113s sakr\u0101jis asto\u0146us (2+6) rezultativit\u0101tes punktus, uz ledus pavadot vid\u0113ji desmit min\u016btes un 38 sekundes.<\/p>\n<p>Atbildot uz las\u012bt\u0101ja ies\u016bt\u012bto jaut\u0101jumu par to, vai \u201cFlyers\u201d mekl\u0113 pastiprin\u0101jumu centra uzbruc\u0113ja poz\u012bcijai, apskatnieks atbild, ka situ\u0101cija k\u013cuvusi lab\u0101ka. \u201cPar to paldies Rodrigo, jo, iesp\u0113jams, vi\u0146i vilka uz leju visai neefekt\u012bvie uzbruc\u0113ji Niks Dosleroj\u0113 un Gartnets Hetevejs, kurus kop\u0161 t\u0101 br\u012b\u017ea pamatsast\u0101v\u0101 nomain\u012bja \u0145ikita Grebenkins un K\u0101rls Grundstrems,\u201d raksta \u017eurn\u0101lists.<\/p>\n","protected":false},"excerpt":{"rendered":"Rodrigo \u0100bols | Foto: Filadelfijas &#8220;Flyers&#8221; Zieme\u013camerikas medija \u201cThe Athletic\u201d Kevins Kurcs paudis viedokli par to, ka Nacion\u0101l\u0101s&hellip;\n","protected":false},"author":2,"featured_media":29354,"comment_status":"","ping_status":"","sticky":false,"template":"","format":"standard","meta":{"footnotes":""},"categories":[5],"tags":[23,28,29,32,33,22,30,31,35,39,38,36,37,34,40,20,26,27,24,25,21],"class_list":{"0":"post-94719","1":"post","2":"type-post","3":"status-publish","4":"format-standard","5":"has-post-thumbnail","7":"category-aktualitates","8":"tag-aktualitates","9":"tag-breaking-news","10":"tag-breakingnews","11":"tag-featured-news","12":"tag-featurednews","13":"tag-headlines","14":"tag-latest-news","15":"tag-latestnews","16":"tag-latvia","17":"tag-latvian","18":"tag-latviesu","19":"tag-latviesu-valoda","20":"tag-latviesuvaloda","21":"tag-latvija","22":"tag-lv","23":"tag-news","24":"tag-popularakas-zinas","25":"tag-popularakaszinas","26":"tag-top-stories","27":"tag-topstories","28":"tag-zinas"},"share_on_mastodon":{"url":"https:\/\/pubeurope.com\/@lv\/115840965857890800","error":""},"_links":{"self":[{"href":"https:\/\/www.europesays.com\/lv\/wp-json\/wp\/v2\/posts\/94719","targetHints":{"allow":["GET"]}}],"collection":[{"href":"https:\/\/www.europesays.com\/lv\/wp-json\/wp\/v2\/posts"}],"about":[{"href":"https:\/\/www.europesays.com\/lv\/wp-json\/wp\/v2\/types\/post"}],"author":[{"embeddable":true,"href":"https:\/\/www.europesays.com\/lv\/wp-json\/wp\/v2\/users\/2"}],"replies":[{"embeddable":true,"href":"https:\/\/www.europesays.com\/lv\/wp-json\/wp\/v2\/comments?post=94719"}],"version-history":[{"count":0,"href":"https:\/\/www.europesays.com\/lv\/wp-json\/wp\/v2\/posts\/94719\/revisions"}],"wp:featuredmedia":[{"embeddable":true,"href":"https:\/\/www.europesays.com\/lv\/wp-json\/wp\/v2\/media\/29354"}],"wp:attachment":[{"href":"https:\/\/www.europesays.com\/lv\/wp-json\/wp\/v2\/media?parent=94719"}],"wp:term":[{"taxonomy":"category","embeddable":true,"href":"https:\/\/www.europesays.com\/lv\/wp-json\/wp\/v2\/categories?post=94719"},{"taxonomy":"post_tag","embeddable":true,"href":"https:\/\/www.europesays.com\/lv\/wp-json\/wp\/v2\/tags?post=94719"}],"curies":[{"name":"wp","href":"https:\/\/api.w.org\/{rel}","templated":true}]}}