{"id":94728,"date":"2026-01-05T06:17:06","date_gmt":"2026-01-05T06:17:06","guid":{"rendered":"https:\/\/www.europesays.com\/lv\/94728\/"},"modified":"2026-01-05T06:17:06","modified_gmt":"2026-01-05T06:17:06","slug":"latvija-cilvekam-kurs-nedzer-joprojam-prasa-kas-ar-tevi-nav-kartiba-sakas-jauns-izaicinajums","status":"publish","type":"post","link":"https:\/\/www.europesays.com\/lv\/94728\/","title":{"rendered":"&#8220;Latvij\u0101 cilv\u0113kam, kur\u0161 nedzer, joproj\u0101m prasa &#8211; kas ar tevi nav k\u0101rt\u012bb\u0101?&#8221; S\u0101kas jauns izaicin\u0101jums"},"content":{"rendered":"<p>&#8220;Latvij\u0101 cilv\u0113kam, kur\u0161 nedzer, bie\u017ei joproj\u0101m prasa \u2014 kas ar tevi nav k\u0101rt\u012bb\u0101,&#8221; saka Ansis Klintsons. Tie\u0161i \u0161o sabiedr\u012bb\u0101 dzi\u013ci iesak\u0146oju\u0161os normu vi\u0146\u0161 kop\u0101 ar projekta &#8220;1000 dienas skaidr\u0101&#8221; autoru Agri Startu nol\u0113mis izaicin\u0101t.\u00a0&#8220;Alkohols pie mums ir teju neapsprie\u017eama norma \u2014 pas\u0101kumos, sv\u0113tkos, pat ikdien\u0101. M\u0113s vienk\u0101r\u0161i aicin\u0101m uzdot jaut\u0101jumu: vai tas tie\u0161\u0101m man dod to, ko es dom\u0101ju?&#8221; saka Agris Starts.<\/p>\n","protected":false},"excerpt":{"rendered":"&#8220;Latvij\u0101 cilv\u0113kam, kur\u0161 nedzer, bie\u017ei joproj\u0101m prasa \u2014 kas ar tevi nav k\u0101rt\u012bb\u0101,&#8221; saka Ansis Klintsons. Tie\u0161i \u0161o&hellip;\n","protected":false},"author":2,"featured_media":94729,"comment_status":"","ping_status":"","sticky":false,"template":"","format":"standard","meta":{"footnotes":""},"categories":[5],"tags":[23,28,29,32,33,22,30,31,35,39,38,36,37,34,40,20,26,27,24,25,21],"class_list":{"0":"post-94728","1":"post","2":"type-post","3":"status-publish","4":"format-standard","5":"has-post-thumbnail","7":"category-aktualitates","8":"tag-aktualitates","9":"tag-breaking-news","10":"tag-breakingnews","11":"tag-featured-news","12":"tag-featurednews","13":"tag-headlines","14":"tag-latest-news","15":"tag-latestnews","16":"tag-latvia","17":"tag-latvian","18":"tag-latviesu","19":"tag-latviesu-valoda","20":"tag-latviesuvaloda","21":"tag-latvija","22":"tag-lv","23":"tag-news","24":"tag-popularakas-zinas","25":"tag-popularakaszinas","26":"tag-top-stories","27":"tag-topstories","28":"tag-zinas"},"share_on_mastodon":{"url":"https:\/\/pubeurope.com\/@lv\/115841036646555247","error":""},"_links":{"self":[{"href":"https:\/\/www.europesays.com\/lv\/wp-json\/wp\/v2\/posts\/94728","targetHints":{"allow":["GET"]}}],"collection":[{"href":"https:\/\/www.europesays.com\/lv\/wp-json\/wp\/v2\/posts"}],"about":[{"href":"https:\/\/www.europesays.com\/lv\/wp-json\/wp\/v2\/types\/post"}],"author":[{"embeddable":true,"href":"https:\/\/www.europesays.com\/lv\/wp-json\/wp\/v2\/users\/2"}],"replies":[{"embeddable":true,"href":"https:\/\/www.europesays.com\/lv\/wp-json\/wp\/v2\/comments?post=94728"}],"version-history":[{"count":0,"href":"https:\/\/www.europesays.com\/lv\/wp-json\/wp\/v2\/posts\/94728\/revisions"}],"wp:featuredmedia":[{"embeddable":true,"href":"https:\/\/www.europesays.com\/lv\/wp-json\/wp\/v2\/media\/94729"}],"wp:attachment":[{"href":"https:\/\/www.europesays.com\/lv\/wp-json\/wp\/v2\/media?parent=94728"}],"wp:term":[{"taxonomy":"category","embeddable":true,"href":"https:\/\/www.europesays.com\/lv\/wp-json\/wp\/v2\/categories?post=94728"},{"taxonomy":"post_tag","embeddable":true,"href":"https:\/\/www.europesays.com\/lv\/wp-json\/wp\/v2\/tags?post=94728"}],"curies":[{"name":"wp","href":"https:\/\/api.w.org\/{rel}","templated":true}]}}