{"id":94731,"date":"2026-01-05T06:22:11","date_gmt":"2026-01-05T06:22:11","guid":{"rendered":"https:\/\/www.europesays.com\/lv\/94731\/"},"modified":"2026-01-05T06:22:11","modified_gmt":"2026-01-05T06:22:11","slug":"katrs-otrais-uznemums-nav-pieejams-cilvekiem-ar-funkcionaliem-traucejumiem-2","status":"publish","type":"post","link":"https:\/\/www.europesays.com\/lv\/94731\/","title":{"rendered":"katrs otrais uz\u0146\u0113mums nav pieejams cilv\u0113kiem ar funkcion\u0101liem trauc\u0113jumiem"},"content":{"rendered":"<p>Saska\u0146\u0101 ar 2025. gada Centr\u0101l\u0101s statistikas p\u0101rvaldes datiem Latvij\u0101 ir vair\u0101k nek\u0101 215 t\u016bksto\u0161i pieaugu\u0161o ar invalidit\u0101ti, kas veido aptuveni desmito da\u013cu Latvijas iedz\u012bvot\u0101ju, un vienlaikus sabiedr\u012bba strauji noveco \u2014 seniori veido gandr\u012bz 22 % iedz\u012bvot\u0101ju. Tas noz\u012bm\u0113, ka ir milz\u012bga da\u013ca sabiedr\u012bbas, kurai ikdien\u0101 ir gr\u016bt\u012bbas piek\u013c\u016bt da\u017e\u0101du uz\u0146\u0113mumu sniegtajiem pakalpojumiem.<\/p>\n<p>\u201cA komanda\u201d ir apvien\u012bbas \u201cApeirons\u201d izveidota iniciat\u012bva \u2013 t\u0101 ir 4-5 cilv\u0113ku ar funkcion\u0101liem trauc\u0113jumiem komanda, kura, izmantojot \u201cslepen\u0101 pirc\u0113ja\u201d metodi, sniedz iesp\u0113ju uz\u0146\u0113mumiem praktiski p\u0101rbaud\u012bt, vai piek\u013c\u016bstam\u012bbas risin\u0101jumi, kurus tas ieviesis, patie\u0161\u0101m str\u0101d\u0101 un atbilst cilv\u0113ku ar funkcion\u0101liem ierobe\u017eojumiem vajadz\u012bb\u0101m, vienlaikus sniedzot ieteikumus, k\u0101di uzlabojumi ir nepiecie\u0161ami.<\/p>\n<p>\u201cPiek\u013c\u016bstam\u012bba nav tikai tehnisks uzdevums vai \u0137eks\u012btis pl\u0101na izpild\u0113 \u2013 t\u0101 ir attieksmes un dom\u0101\u0161anas mai\u0146a, kas ietekm\u0113 ikvienu uz\u0146\u0113muma, organiz\u0101cijas, ar\u012b valsts iest\u0101\u017eu klientu. Slepen\u0101 pirc\u0113ja metode pal\u012bdz uz\u0146\u0113mumiem paskat\u012bties uz sevi ar cilv\u0113ku ac\u012bm, kuriem ir redzes, dzirdes vai kust\u012bbu trauc\u0113jumi, un saprast, ar k\u0101diem \u0161\u0137\u0113r\u0161\u013ciem vi\u0146i paties\u012bb\u0101 saskaras. Tie\u0161i \u0161ie praktiskie \u0161\u0137\u0113r\u0161\u013ci, nevis form\u0101la atbilst\u012bba, nosaka, vai pakalpojums ir pieejams. M\u0113s redzam, ka probl\u0113mas joproj\u0101m par\u0101d\u0101s gan digit\u0101laj\u0101, gan fiziskaj\u0101 vid\u0113 \u2013 neskatoties uz to, ka \u0161ogad ir st\u0101jies sp\u0113k\u0101 pre\u010du un pakalpojumu piek\u013c\u016bstam\u012bbas likums,\u201d st\u0101sta Ivars Balodis.<\/p>\n","protected":false},"excerpt":{"rendered":"Saska\u0146\u0101 ar 2025. gada Centr\u0101l\u0101s statistikas p\u0101rvaldes datiem Latvij\u0101 ir vair\u0101k nek\u0101 215 t\u016bksto\u0161i pieaugu\u0161o ar invalidit\u0101ti, kas&hellip;\n","protected":false},"author":2,"featured_media":94543,"comment_status":"","ping_status":"","sticky":false,"template":"","format":"standard","meta":{"footnotes":""},"categories":[12],"tags":[23,65,28,29,1900,1901,32,33,1898,22,760,1899,90,1897,30,31,35,39,38,36,37,34,40,20,26,27,1896,67,1895,24,25,285,21],"class_list":{"0":"post-94731","1":"post","2":"type-post","3":"status-publish","4":"format-standard","5":"has-post-thumbnail","7":"category-latvija","8":"tag-aktualitates","9":"tag-auto","10":"tag-breaking-news","11":"tag-breakingnews","12":"tag-brivbridis","13":"tag-daba-un-dzivnieki","14":"tag-featured-news","15":"tag-featurednews","16":"tag-galerijas","17":"tag-headlines","18":"tag-horoskopi","19":"tag-itech","20":"tag-izklaide","21":"tag-kriminalzinas","22":"tag-latest-news","23":"tag-latestnews","24":"tag-latvia","25":"tag-latvian","26":"tag-latviesu","27":"tag-latviesu-valoda","28":"tag-latviesuvaloda","29":"tag-latvija","30":"tag-lv","31":"tag-news","32":"tag-popularakas-zinas","33":"tag-popularakaszinas","34":"tag-sieviete","35":"tag-sports","36":"tag-tava-balss","37":"tag-top-stories","38":"tag-topstories","39":"tag-zala-dzive","40":"tag-zinas"},"share_on_mastodon":{"url":"https:\/\/pubeurope.com\/@lv\/115841056516000137","error":""},"_links":{"self":[{"href":"https:\/\/www.europesays.com\/lv\/wp-json\/wp\/v2\/posts\/94731","targetHints":{"allow":["GET"]}}],"collection":[{"href":"https:\/\/www.europesays.com\/lv\/wp-json\/wp\/v2\/posts"}],"about":[{"href":"https:\/\/www.europesays.com\/lv\/wp-json\/wp\/v2\/types\/post"}],"author":[{"embeddable":true,"href":"https:\/\/www.europesays.com\/lv\/wp-json\/wp\/v2\/users\/2"}],"replies":[{"embeddable":true,"href":"https:\/\/www.europesays.com\/lv\/wp-json\/wp\/v2\/comments?post=94731"}],"version-history":[{"count":0,"href":"https:\/\/www.europesays.com\/lv\/wp-json\/wp\/v2\/posts\/94731\/revisions"}],"wp:featuredmedia":[{"embeddable":true,"href":"https:\/\/www.europesays.com\/lv\/wp-json\/wp\/v2\/media\/94543"}],"wp:attachment":[{"href":"https:\/\/www.europesays.com\/lv\/wp-json\/wp\/v2\/media?parent=94731"}],"wp:term":[{"taxonomy":"category","embeddable":true,"href":"https:\/\/www.europesays.com\/lv\/wp-json\/wp\/v2\/categories?post=94731"},{"taxonomy":"post_tag","embeddable":true,"href":"https:\/\/www.europesays.com\/lv\/wp-json\/wp\/v2\/tags?post=94731"}],"curies":[{"name":"wp","href":"https:\/\/api.w.org\/{rel}","templated":true}]}}