{"id":94732,"date":"2026-01-05T06:23:14","date_gmt":"2026-01-05T06:23:14","guid":{"rendered":"https:\/\/www.europesays.com\/lv\/94732\/"},"modified":"2026-01-05T06:23:14","modified_gmt":"2026-01-05T06:23:14","slug":"dzivokli-bauskas-iela-dienu-pirms-tragedijas-demonteta-gazes-iekarta","status":"publish","type":"post","link":"https:\/\/www.europesays.com\/lv\/94732\/","title":{"rendered":"Dz\u012bvokl\u012b Bauskas iel\u0101 dienu pirms tra\u0123\u0113dijas demont\u0113ta g\u0101zes iek\u0101rta"},"content":{"rendered":"<p>Daudzdz\u012bvok\u013cu m\u0101j\u0101 Bauskas iel\u0101 dienu pirms tra\u0123\u0113dijas, kur\u0101 dz\u012bv\u012bbu zaud\u0113ja divi cilv\u0113ki, dienu iepriek\u0161 &#8220;<a rel=\"noopener nofollow\" target=\"_blank\" href=\"https:\/\/www.delfi.lv\/temas\/54498830\/gaso\" tag-id=\"54498830\">Gaso<\/a>&#8221; darbinieki atsl\u0113dza g\u0101zi un demont\u0113ja g\u0101zes st\u0101vvadu, reiz\u0113 ar\u012b konstat\u0113jot nelikum\u012bgu g\u0101zes piesl\u0113gumu, raid\u012bjumam &#8220;R\u012bta panor\u0101ma&#8221; past\u0101st\u012bja &#8220;Gaso&#8221; valdes priek\u0161s\u0113d\u0113t\u0101ja <a rel=\"noopener nofollow\" target=\"_blank\" href=\"https:\/\/www.delfi.lv\/temas\/47057269\/ilze-petersone-godmane\" tag-id=\"47057269\">Ilze P\u0113tersone-Godmane<\/a>. <\/p>\n<p>Vi\u0146a nor\u0101d\u012bja, ka dz\u012bvok\u013cos un m\u0101j\u0101s profilaktisk\u0101 g\u0101zes piesl\u0113guma p\u0101rbaude notiek regul\u0101ri un ar\u012b \u0161aj\u0101 dz\u012bvokl\u012b t\u0101da ir bijusi. <\/p>\n<p>P\u0113tersone-Godmane noraid\u012bja soci\u0101lajos t\u012bklos izskan\u0113ju\u0161\u0101s ba\u017eas, ka &#8220;Gaso&#8221; darbinieki konkr\u0113taj\u0101 adres\u0113 biju\u0161i jau dienu iepriek\u0161 un kaut kas neesot izdar\u012bts l\u012bdz galam. Vi\u0146a atkl\u0101ja, ka patie\u0161\u0101m &#8220;Gaso&#8221; darbinieki dienu iepriek\u0161 bija ieradu\u0161ies dz\u012bvokl\u012b ar uzdevumu atsl\u0113gt g\u0101zi \u2013 vai nu klients nebija samaks\u0101jis r\u0113\u0137inu vai bija beidzies l\u012bgums. <\/p>\n<p>Darbinieki notikuma viet\u0101 konstat\u0113ja aizdom\u012bgi augstu g\u0101zes koncentr\u0101ciju un, atvelkot virtuves skap\u012b\u0161us, konstat\u0113ja nelikum\u012bgu g\u0101zes piesl\u0113gumu. K\u0101 pauda P\u0113tersone-Godmane, tra\u0123\u0113dijas absurds ir mazaj\u0101 ieguvum\u0101, jo cilv\u0113ks nelikum\u012bgo piesl\u0113gumu izmantoja g\u0101zes pl\u012btij. <\/p>\n<p>Dienu pirms tra\u0123\u0113dijas &#8220;Gaso&#8221; darbinieki ar\u012b demont\u0113ja skait\u012bt\u0101ju un visu citu, kas \u013cautu izmantot g\u0101zi, paskaidroja uz\u0146\u0113muma p\u0101rst\u0101ve.<\/p>\n<p>Savuk\u0101rt tra\u0123\u0113dijas dien\u0101, izsaucot av\u0101rijas dienestu, kaimi\u0146iene paudusi, ka kaimi\u0146\u0161 veic remontdarbus un ir alkohola reibum\u0101.<\/p>\n<p>Savuk\u0101rt R\u012bgas m\u0113rs Viesturs Kleinbergs (P) Latvijas radio pirmdienas r\u012bt\u0101 pauda, ka nekas neliecin\u0101ja, ka kaimi\u0146\u0161 ar m\u0101jas soli netiktu gal\u0101 \u2013 konkr\u0113tais dz\u012bvoklis apsekots pirms diviem gadiem, boj\u0101g\u0101ju\u0161ais ar\u012b nav sa\u0146\u0113mis pabalstus no pa\u0161vald\u012bbas. <\/p>\n<p>Kleinbergs nor\u0101d\u012bja, ka pa\u0161vald\u012bba v\u0113rt\u0113s, k\u0101 var\u0113tu iesaist\u012bties m\u0101jas atjauno\u0161an\u0101 un sol\u012bja, ka konkr\u0113t\u0101 m\u0101ja neb\u016bs t\u0101ds pats paraugs k\u0101 m\u0101ja Melnsila iel\u0101, kur pirms pieciem gadiem notika l\u012bdz\u012bgs negad\u012bjums. <\/p>\n<p>Patlaban pa\u0161vald\u012bba gaida, ko par m\u0101jas atjauno\u0161anas iesp\u0113j\u0101m teiks b\u016bvin\u017eenieris un tad lemt, ko dar\u012bt. <\/p>\n<p>K\u0101 zi\u0146ots, g\u0101zes spr\u0101dzien\u0101 Tor\u0146akaln\u0101 g\u0101ja boj\u0101 divi cilv\u0113ki \u2013 persona, kas k\u0101d\u0101 dz\u012bvokl\u012b veica neleg\u0101las darb\u012bbas ar g\u0101zes vadu, un g\u0101zes apg\u0101des komp\u0101nijas &#8220;Gaso&#8221; Av\u0101rijas dienesta darbinieks, kur\u0161 bija ieradies uz izsaukumu par iesp\u0113jamu g\u0101zes nopl\u016bdi. V\u0113l divi cilv\u0113ki cietu\u0161i.<\/p>\n<p>No \u0113kas saviem sp\u0113kiem pirms <a rel=\"noopener nofollow\" target=\"_blank\" href=\"https:\/\/www.delfi.lv\/temas\/37195259\/vugd\" tag-id=\"37195259\">VUGD<\/a> iera\u0161an\u0101s evaku\u0113j\u0101s 35 cilv\u0113ki, bet v\u0113l 11 cilv\u0113kus evaku\u0113ja ugunsdz\u0113s\u0113ji.<\/p>\n<p>Spr\u0101dziens piecst\u0101vu dz\u012bvojam\u0101 m\u0101j\u0101 notika neleg\u0101li saboj\u0101ta g\u0101zes vada d\u0113\u013c. Spr\u0101dzien\u0101 sagruvis \u0113kas ceturtais un piektais st\u0101vs, k\u0101 ar\u012b jumts.<\/p>\n<p>\u0112ku apsaimnieko SIA &#8220;Latvijas namsaimnieks&#8221;, taj\u0101 ir 74 dz\u012bvok\u013ci, no kuriem \u010detri pieder pa\u0161vald\u012bbai. P\u0113c pagaid\u0101m ofici\u0101li neapstiprin\u0101tas inform\u0101cijas spr\u0101dziens noticis neleg\u0101la g\u0101zes piesl\u0113guma d\u0113\u013c pa\u0161vald\u012bbai piedero\u0161\u0101 dz\u012bvokl\u012b.<\/p>\n<p class=\"m-0\">Seko &#8220;Delfi&#8221; ar\u012b  <a target=\"_blank\" href=\"https:\/\/www.instagram.com\/delfi.lv\/\" rel=\"nofollow noopener\">Instagram<\/a>  un <a target=\"_blank\" href=\"https:\/\/www.youtube.com\/channel\/UCw5foWtcJvAbUm64rv7jwUQ\" rel=\"nofollow noopener\">YouTube<\/a>  profil\u0101 \u2013 pievienojies, lai uzzin\u0101tu svar\u012bg\u0101ko un interesant\u0101ko pirmais!<\/p>\n<p>Publik\u0101cijas saturs vai t\u0101s jebk\u0101da apjoma da\u013ca ir aizsarg\u0101ts autorties\u012bbu objekts Autorties\u012bbu likuma izpratn\u0113, un t\u0101 izmanto\u0161ana bez izdev\u0113ja at\u013caujas ir aizliegta. Vair\u0101k lasi  <a target=\"_blank\" href=\"https:\/\/www.delfi.lv\/noteikumi#autortiesibas\" rel=\"nofollow noopener\">\u0161eit<\/a><script async src=\"\/\/www.instagram.com\/embed.js\"><\/script><\/p>\n","protected":false},"excerpt":{"rendered":"Daudzdz\u012bvok\u013cu m\u0101j\u0101 Bauskas iel\u0101 dienu pirms tra\u0123\u0113dijas, kur\u0101 dz\u012bv\u012bbu zaud\u0113ja divi cilv\u0113ki, dienu iepriek\u0161 &#8220;Gaso&#8221; darbinieki atsl\u0113dza g\u0101zi&hellip;\n","protected":false},"author":2,"featured_media":94733,"comment_status":"","ping_status":"","sticky":false,"template":"","format":"standard","meta":{"footnotes":""},"categories":[5],"tags":[23,28,29,32,33,5666,22,23647,30,31,35,39,38,36,37,34,40,20,26,27,24,25,4908,21],"class_list":{"0":"post-94732","1":"post","2":"type-post","3":"status-publish","4":"format-standard","5":"has-post-thumbnail","7":"category-aktualitates","8":"tag-aktualitates","9":"tag-breaking-news","10":"tag-breakingnews","11":"tag-featured-news","12":"tag-featurednews","13":"tag-gaso","14":"tag-headlines","15":"tag-ilze-petersone-godmane","16":"tag-latest-news","17":"tag-latestnews","18":"tag-latvia","19":"tag-latvian","20":"tag-latviesu","21":"tag-latviesu-valoda","22":"tag-latviesuvaloda","23":"tag-latvija","24":"tag-lv","25":"tag-news","26":"tag-popularakas-zinas","27":"tag-popularakaszinas","28":"tag-top-stories","29":"tag-topstories","30":"tag-vugd","31":"tag-zinas"},"share_on_mastodon":{"url":"https:\/\/pubeurope.com\/@lv\/115841060217597420","error":""},"_links":{"self":[{"href":"https:\/\/www.europesays.com\/lv\/wp-json\/wp\/v2\/posts\/94732","targetHints":{"allow":["GET"]}}],"collection":[{"href":"https:\/\/www.europesays.com\/lv\/wp-json\/wp\/v2\/posts"}],"about":[{"href":"https:\/\/www.europesays.com\/lv\/wp-json\/wp\/v2\/types\/post"}],"author":[{"embeddable":true,"href":"https:\/\/www.europesays.com\/lv\/wp-json\/wp\/v2\/users\/2"}],"replies":[{"embeddable":true,"href":"https:\/\/www.europesays.com\/lv\/wp-json\/wp\/v2\/comments?post=94732"}],"version-history":[{"count":0,"href":"https:\/\/www.europesays.com\/lv\/wp-json\/wp\/v2\/posts\/94732\/revisions"}],"wp:featuredmedia":[{"embeddable":true,"href":"https:\/\/www.europesays.com\/lv\/wp-json\/wp\/v2\/media\/94733"}],"wp:attachment":[{"href":"https:\/\/www.europesays.com\/lv\/wp-json\/wp\/v2\/media?parent=94732"}],"wp:term":[{"taxonomy":"category","embeddable":true,"href":"https:\/\/www.europesays.com\/lv\/wp-json\/wp\/v2\/categories?post=94732"},{"taxonomy":"post_tag","embeddable":true,"href":"https:\/\/www.europesays.com\/lv\/wp-json\/wp\/v2\/tags?post=94732"}],"curies":[{"name":"wp","href":"https:\/\/api.w.org\/{rel}","templated":true}]}}