{"id":94738,"date":"2026-01-05T06:28:11","date_gmt":"2026-01-05T06:28:11","guid":{"rendered":"https:\/\/www.europesays.com\/lv\/94738\/"},"modified":"2026-01-05T06:28:11","modified_gmt":"2026-01-05T06:28:11","slug":"skds-par-mes-mainam-noteikumus-saeimas-velesanas-balsotu-26","status":"publish","type":"post","link":"https:\/\/www.europesays.com\/lv\/94738\/","title":{"rendered":"SKDS: Par &#8220;M\u0113s main\u0101m noteikumus&#8221; Saeimas v\u0113l\u0113\u0161an\u0101s balsotu 26%"},"content":{"rendered":"<p class=\"descr\">&#8220;26% b\u016btu balsoju\u0161i par manis vad\u012bto kust\u012bbu, ja v\u0113l\u0113\u0161anas notiktu pirms 10 dien\u0101m un ja m\u0113s taj\u0101s piedal\u012btos&#8221;, koment\u0113jot SKDS aptaujas rezult\u0101tus uzsv\u0113ra partijas &#8220;M\u0113s main\u0101m noteikumus&#8221; vad\u012bt\u0101js, Jaun\u0101 R\u012bgas te\u0101tra m\u0101kslinieciskais vad\u012bt\u0101js Alvis Hermanis.<\/p>\n<p>SKDS veikt\u0101 aptauja decembr\u012b liecina, ka par kust\u012bbu &#8220;Bez partij\u0101m&#8221; (tagad &#8220;M\u0113s main\u0101m noteikumus&#8221;) Saeimas v\u0113l\u0113\u0161an\u0101s balsotu 25,9% aptauj\u0101to.<\/p>\n<p>  <img decoding=\"async\" style=\"max-width: 600px;\" src=\"https:\/\/www.europesays.com\/lv\/wp-content\/uploads\/2026\/01\/782659_87f30baab0.jpg\" alt=\"\"\/> <\/p>\n<p class=\"descr-author\">Ekr\u0101nuz\u0146\u0113mums<\/p>\n<p>Sal\u012bdzin\u0101\u0161anai, 2025. gada novembra partiju reiting\u0101 visliel\u0101ko atbalstu guvus\u012b &#8220;Latvija pirmaj\u0101 viet\u0101&#8221; b\u016btu ieguvusi tikai 8,6% v\u0113l\u0113t\u0101ju atbalstu. Tai novembr\u012b ,sal\u012bdzinot ar oktobri, bijis atbalsta kritums, liecina LSM.lv aptaujas dati.<\/p>\n<p>  <img decoding=\"async\" style=\"max-width: 600px;\" src=\"https:\/\/www.europesays.com\/lv\/wp-content\/uploads\/2026\/01\/782675_7ce61298e9.jpg\" alt=\"\"\/> <\/p>\n<p class=\"descr-author\">Ekr\u0101nuz\u0146\u0113mums<\/p>\n<p>&#8220;J\u0101\u0146em v\u0113r\u0101, ka nek\u0101du kampa\u0146u v\u0113l nebij\u0101m s\u0101ku\u0161i un m\u016bsu vid\u016b tad v\u0113l bija da\u017ei \u201ctoksiskie\u201d jeb viltus biedri. Tagad turpin\u0101sim bez vi\u0146iem un no baltas lapas. Ideja un m\u0113r\u0137i tie pa\u0161i (v\u0113l\u0113\u0161anu k\u0101rt\u012bbas mai\u0146a un 10 punkti k\u0101 uzlabot valsti). Bet b\u016bs jauna taktika un jauns nosaukums -&#8220;M\u0112S MAIN\u0100M NOTEIKUMUS\u201d. Jo tagad mums b\u016bs sava partija, ar kuru to visu var\u0113s ar\u012b realiz\u0113t,&#8221; soci\u0101lajos t\u012bklos raksta Alvis Hermanis.<\/p>\n","protected":false},"excerpt":{"rendered":"&#8220;26% b\u016btu balsoju\u0161i par manis vad\u012bto kust\u012bbu, ja v\u0113l\u0113\u0161anas notiktu pirms 10 dien\u0101m un ja m\u0113s taj\u0101s piedal\u012btos&#8221;,&hellip;\n","protected":false},"author":2,"featured_media":94739,"comment_status":"","ping_status":"","sticky":false,"template":"","format":"standard","meta":{"footnotes":""},"categories":[12],"tags":[23,28,29,32,33,22,30,31,35,39,38,36,37,34,40,20,26,27,24,25,21],"class_list":{"0":"post-94738","1":"post","2":"type-post","3":"status-publish","4":"format-standard","5":"has-post-thumbnail","7":"category-latvija","8":"tag-aktualitates","9":"tag-breaking-news","10":"tag-breakingnews","11":"tag-featured-news","12":"tag-featurednews","13":"tag-headlines","14":"tag-latest-news","15":"tag-latestnews","16":"tag-latvia","17":"tag-latvian","18":"tag-latviesu","19":"tag-latviesu-valoda","20":"tag-latviesuvaloda","21":"tag-latvija","22":"tag-lv","23":"tag-news","24":"tag-popularakas-zinas","25":"tag-popularakaszinas","26":"tag-top-stories","27":"tag-topstories","28":"tag-zinas"},"share_on_mastodon":{"url":"https:\/\/pubeurope.com\/@lv\/115841079894429411","error":""},"_links":{"self":[{"href":"https:\/\/www.europesays.com\/lv\/wp-json\/wp\/v2\/posts\/94738","targetHints":{"allow":["GET"]}}],"collection":[{"href":"https:\/\/www.europesays.com\/lv\/wp-json\/wp\/v2\/posts"}],"about":[{"href":"https:\/\/www.europesays.com\/lv\/wp-json\/wp\/v2\/types\/post"}],"author":[{"embeddable":true,"href":"https:\/\/www.europesays.com\/lv\/wp-json\/wp\/v2\/users\/2"}],"replies":[{"embeddable":true,"href":"https:\/\/www.europesays.com\/lv\/wp-json\/wp\/v2\/comments?post=94738"}],"version-history":[{"count":0,"href":"https:\/\/www.europesays.com\/lv\/wp-json\/wp\/v2\/posts\/94738\/revisions"}],"wp:featuredmedia":[{"embeddable":true,"href":"https:\/\/www.europesays.com\/lv\/wp-json\/wp\/v2\/media\/94739"}],"wp:attachment":[{"href":"https:\/\/www.europesays.com\/lv\/wp-json\/wp\/v2\/media?parent=94738"}],"wp:term":[{"taxonomy":"category","embeddable":true,"href":"https:\/\/www.europesays.com\/lv\/wp-json\/wp\/v2\/categories?post=94738"},{"taxonomy":"post_tag","embeddable":true,"href":"https:\/\/www.europesays.com\/lv\/wp-json\/wp\/v2\/tags?post=94738"}],"curies":[{"name":"wp","href":"https:\/\/api.w.org\/{rel}","templated":true}]}}