{"id":94749,"date":"2026-01-05T06:39:07","date_gmt":"2026-01-05T06:39:07","guid":{"rendered":"https:\/\/www.europesays.com\/lv\/94749\/"},"modified":"2026-01-05T06:39:07","modified_gmt":"2026-01-05T06:39:07","slug":"venecuelas-pagaidu-prezidente-velas-atbrivot-maduro-jauns-lv","status":"publish","type":"post","link":"https:\/\/www.europesays.com\/lv\/94749\/","title":{"rendered":"Venecu\u0113las pagaidu prezidente v\u0113las atbr\u012bvot Maduro &#8211; Jauns.lv"},"content":{"rendered":"<ol>\n<li><a href=\"https:\/\/news.google.com\/rss\/articles\/CBMilAFBVV95cUxNdzB0SEEtN0ZORklXWVhjQ2k2LWhqYllIS055VWRGWW8zWF8zYUpjNEVQNHRPdmF5eXMzRGJsTURSNEl6OTd5UndjVEpHYk1NRHlaeW5Xa3hta29JODlJMmx6YlJzMFhBV203NUVzb3dPUW9RVmx6R2h5bHZMNTIyYXBxTlZmcnlTNGpUSF8zUWpCZl8y?oc=5\" target=\"_blank\" rel=\"nofollow noopener\">Venecu\u0113las pagaidu prezidente v\u0113las atbr\u012bvot Maduro<\/a>&nbsp;&nbsp;Jauns.lv<\/li>\n<li><a href=\"https:\/\/news.google.com\/rss\/articles\/CBMixgFBVV95cUxPUnFJNElJLWNmSWw0VUlTOHZqYWM0QVN4QVJzQWV4TWJzODZuNmhmR0lFTlVxS2VtTUZUbVhYOUpmTENISS1seTVLUlJCOUExbTk5WHdQa1pjTTFoaXZQQXA0TXJpZ29mQTRfcTAwbm9YRGJVeDE3WWdiSHE2bnN0NG5aR1E4cFktNUpPQ1hRRlhGdTlZQTlRaGFwYmlxX2JVMlVFbW43ZmQyM19DT3RuLVJFN1dzUjgySGJ6TFAtNy1aM0dicXc?oc=5\" target=\"_blank\" rel=\"nofollow noopener\">Tramps mudina pagaidu Venecu\u0113las prezidenti pak\u013cauties ASV pras\u012bb\u0101m \/ Raksts<\/a>&nbsp;&nbsp;LSM<\/li>\n<li><a href=\"https:\/\/news.google.com\/rss\/articles\/CBMimwFBVV95cUxNd2lESTBBdkNURzUxbkl1S3U1UmtXNHZ1SEhlektjRENqc2xNaVVzNkZjTFlhQ0l1Mi1wSU9relRwZGdKWHVsWGE0WjJYeVNURVRjTXp2Z0JGVko5Y3RMdkRrdE1SMm1NOXZ5UTRrNDBhNHhxbEJwRWxFalhpc3Fya1V6NnU5OU5LUE1OMWZFX1RBMG1POVdjYjZSdw?oc=5\" target=\"_blank\" rel=\"nofollow noopener\">Venecu\u0113las pagaidu prezidente izveido komisiju Maduro atbr\u012bvo\u0161anai<\/a>&nbsp;&nbsp;TVNET<\/li>\n<li><a href=\"https:\/\/news.google.com\/rss\/articles\/CBMixAFBVV95cUxPWFZ6alNBdVV0VmFDSndIazlnWUJ5MHk1dG5HRVI1dXE4c3VheERTRDU4aFloMWJJajRiMFdXdG5pa1VTQjUwNWt0TC1xejBZZXZBNU9UR3pqUlRqN1RId2FncXp4NDJuajkzemZxZGN1eXRaMXpLaVRvUEtESnBmZmRMVks3ck9BSGtUcEc5VjBTd1NyWmF2RTlHV252eXQ4YWlzeTZEQlNuX0Z0XzFCMGxlTXdNdy1FRGEyeXFITmNval9Z?oc=5\" target=\"_blank\" rel=\"nofollow noopener\">&#8220;Cerams, ka neiespr\u016bd\u012bsim uz salas.&#8221; Lauris Reiniks par saspringto situ\u0101ciju Puertoriko un Venecu\u0113l\u0101<\/a>&nbsp;&nbsp;Apollo.lv<\/li>\n<li><a href=\"https:\/\/news.google.com\/rss\/articles\/CBMi6AFBVV95cUxPaHdPaDdBYWNXeTFobHZwcU56cy15RlhZblFWdVdFa0dqMldSbzJxa1JHYmdEUmw5bmRaYzFCTHo2dnhkLXVqYUNYcy13OW1kdDdhNXc1cnR5NWxvdDMyMGhINDZrUFdKRS1yZUtOenI2dlBSbHptckR1ZTR4LVFQMDFsMjlUYWNsbUZlcTBNLUN4Y05SWlVheU5SSzFpSTlhMzB5dWo3c016VVo5SmhGZHczVlV5TkN4T041c0hReUtSUDNzY2N0LWZ6ejc3RDN3SS1wa200aThENnhuLTVjbnV0QkxfN0hT?oc=5\" target=\"_blank\" rel=\"nofollow noopener\">\u201cSergej, ja tu skaties &#8211; priec\u012bgus Ziemassv\u0113tkus!\u201d Rubio komiski pazemo Kremli un Maskavas reakciju uz noris\u0113m Venecu\u0113l\u0101<\/a>&nbsp;&nbsp;Jauns.lv<\/li>\n<\/ol>\n","protected":false},"excerpt":{"rendered":"Venecu\u0113las pagaidu prezidente v\u0113las atbr\u012bvot Maduro&nbsp;&nbsp;Jauns.lv Tramps mudina pagaidu Venecu\u0113las prezidenti pak\u013cauties ASV pras\u012bb\u0101m \/ Raksts&nbsp;&nbsp;LSM Venecu\u0113las pagaidu&hellip;\n","protected":false},"author":2,"featured_media":94750,"comment_status":"","ping_status":"","sticky":false,"template":"","format":"standard","meta":{"footnotes":""},"categories":[14],"tags":[23,57,28,29,32,33,22,30,31,35,39,38,36,37,34,40,20,26,27,24,25,54,55,56,21,58],"class_list":{"0":"post-94749","1":"post","2":"type-post","3":"status-publish","4":"format-standard","5":"has-post-thumbnail","7":"category-zinas-no-arvalstim","8":"tag-aktualitates","9":"tag-arvalstim","10":"tag-breaking-news","11":"tag-breakingnews","12":"tag-featured-news","13":"tag-featurednews","14":"tag-headlines","15":"tag-latest-news","16":"tag-latestnews","17":"tag-latvia","18":"tag-latvian","19":"tag-latviesu","20":"tag-latviesu-valoda","21":"tag-latviesuvaloda","22":"tag-latvija","23":"tag-lv","24":"tag-news","25":"tag-popularakas-zinas","26":"tag-popularakaszinas","27":"tag-top-stories","28":"tag-topstories","29":"tag-world","30":"tag-world-news","31":"tag-worldnews","32":"tag-zinas","33":"tag-zinas-no-arvalstim"},"share_on_mastodon":{"url":"https:\/\/pubeurope.com\/@lv\/115841123146908943","error":""},"_links":{"self":[{"href":"https:\/\/www.europesays.com\/lv\/wp-json\/wp\/v2\/posts\/94749","targetHints":{"allow":["GET"]}}],"collection":[{"href":"https:\/\/www.europesays.com\/lv\/wp-json\/wp\/v2\/posts"}],"about":[{"href":"https:\/\/www.europesays.com\/lv\/wp-json\/wp\/v2\/types\/post"}],"author":[{"embeddable":true,"href":"https:\/\/www.europesays.com\/lv\/wp-json\/wp\/v2\/users\/2"}],"replies":[{"embeddable":true,"href":"https:\/\/www.europesays.com\/lv\/wp-json\/wp\/v2\/comments?post=94749"}],"version-history":[{"count":0,"href":"https:\/\/www.europesays.com\/lv\/wp-json\/wp\/v2\/posts\/94749\/revisions"}],"wp:featuredmedia":[{"embeddable":true,"href":"https:\/\/www.europesays.com\/lv\/wp-json\/wp\/v2\/media\/94750"}],"wp:attachment":[{"href":"https:\/\/www.europesays.com\/lv\/wp-json\/wp\/v2\/media?parent=94749"}],"wp:term":[{"taxonomy":"category","embeddable":true,"href":"https:\/\/www.europesays.com\/lv\/wp-json\/wp\/v2\/categories?post=94749"},{"taxonomy":"post_tag","embeddable":true,"href":"https:\/\/www.europesays.com\/lv\/wp-json\/wp\/v2\/tags?post=94749"}],"curies":[{"name":"wp","href":"https:\/\/api.w.org\/{rel}","templated":true}]}}