{"id":94765,"date":"2026-01-05T06:58:07","date_gmt":"2026-01-05T06:58:07","guid":{"rendered":"https:\/\/www.europesays.com\/lv\/94765\/"},"modified":"2026-01-05T06:58:07","modified_gmt":"2026-01-05T06:58:07","slug":"rigas-mers-namam-bauskas-iela-sola-citadu-likteni-neka-2020-gada-gazes-spradziena-bojatajai-ekai-agenskalna","status":"publish","type":"post","link":"https:\/\/www.europesays.com\/lv\/94765\/","title":{"rendered":"R\u012bgas m\u0113rs namam Bauskas iel\u0101 sola cit\u0101du likteni nek\u0101 2020. gad\u0101 g\u0101zes spr\u0101dzien\u0101 boj\u0101tajai \u0113kai \u0100genskaln\u0101"},"content":{"rendered":"<p>T\u0101pat iedz\u012bvot\u0101ji aicin\u0101ti v\u0113rsties Soci\u0101laj\u0101 dienest\u0101, ja nepiecie\u0161ama k\u0101da cita pal\u012bdz\u012bba, piem\u0113ram, ap\u0123\u0113rbs, p\u0101rtikas pakas, dokumentu atjauno\u0161ana, vai v\u0113l k\u0101ds cits soci\u0101lais atbalsts.<\/p>\n<p>Tikm\u0113r risku apdro\u0161in\u0101t\u0101ja &#8220;Balta&#8221; inform\u0113, ka komp\u0101nij\u0101 apdro\u0161in\u0101ti asto\u0146i dz\u012bvok\u013ci, kas atrodas \u0161aj\u0101 m\u0101j\u0101. Apdro\u0161in\u0101to dz\u012bvok\u013cu \u012bpa\u0161nieki var\u0113s sa\u0146emt atl\u012bdz\u012bbu.<\/p>\n<p>Sv\u0113tdien Pr\u016b\u0161u ielas viesn\u012bc\u0101 uztur\u0113j\u0101s 26 iedz\u012bvot\u0101ji, kuri paliku\u0161i bez pajumtes g\u0101zes spr\u0101dziena d\u0113\u013c.<\/p>\n<p>K\u0101 zi\u0146ots, g\u0101zes spr\u0101dzien\u0101 Tor\u0146akaln\u0101 g\u0101ja boj\u0101 divi cilv\u0113ki &#8211; persona, kas k\u0101d\u0101 dz\u012bvokl\u012b veica neleg\u0101las darb\u012bbas ar g\u0101zes vadu, un g\u0101zes apg\u0101des komp\u0101nijas &#8220;Gaso&#8221; Av\u0101rijas dienesta darbinieks, kur\u0161 bija ieradies uz izsaukumu par iesp\u0113jamu g\u0101zes nopl\u016bdi. V\u0113l divi cilv\u0113ki cietu\u0161i.<\/p>\n<p>No \u0113kas saviem sp\u0113kiem pirms VUGD iera\u0161an\u0101s evaku\u0113j\u0101s 35 cilv\u0113ki, bet v\u0113l 11 cilv\u0113kus evaku\u0113ja ugunsdz\u0113s\u0113ji.<\/p>\n<p>Spr\u0101dziens piecst\u0101vu dz\u012bvojam\u0101 m\u0101j\u0101 notika neleg\u0101li saboj\u0101ta g\u0101zes vada d\u0113\u013c. Spr\u0101dzien\u0101 sagruvis \u0113kas ceturtais un piektais st\u0101vs, k\u0101 ar\u012b jumts.<\/p>\n<p>\u0112ku apsaimnieko SIA &#8220;Latvijas namsaimnieks&#8221;, taj\u0101 ir 74 dz\u012bvok\u013ci, no kuriem \u010detri pieder pa\u0161vald\u012bbai. P\u0113c pagaid\u0101m ofici\u0101li neapstiprin\u0101tas inform\u0101cijas spr\u0101dziens noticis neleg\u0101la g\u0101zes piesl\u0113guma d\u0113\u013c pa\u0161vald\u012bbai piedero\u0161\u0101 dz\u012bvokl\u012b.<\/p>\n","protected":false},"excerpt":{"rendered":"T\u0101pat iedz\u012bvot\u0101ji aicin\u0101ti v\u0113rsties Soci\u0101laj\u0101 dienest\u0101, ja nepiecie\u0161ama k\u0101da cita pal\u012bdz\u012bba, piem\u0113ram, ap\u0123\u0113rbs, p\u0101rtikas pakas, dokumentu atjauno\u0161ana, vai&hellip;\n","protected":false},"author":2,"featured_media":94143,"comment_status":"","ping_status":"","sticky":false,"template":"","format":"standard","meta":{"footnotes":""},"categories":[12],"tags":[23,23494,28,29,32,33,5666,3568,22,30,31,35,39,38,36,37,34,40,20,26,27,5981,24,25,21],"class_list":{"0":"post-94765","1":"post","2":"type-post","3":"status-publish","4":"format-standard","5":"has-post-thumbnail","7":"category-latvija","8":"tag-aktualitates","9":"tag-bauskas-iela","10":"tag-breaking-news","11":"tag-breakingnews","12":"tag-featured-news","13":"tag-featurednews","14":"tag-gaso","15":"tag-gaze","16":"tag-headlines","17":"tag-latest-news","18":"tag-latestnews","19":"tag-latvia","20":"tag-latvian","21":"tag-latviesu","22":"tag-latviesu-valoda","23":"tag-latviesuvaloda","24":"tag-latvija","25":"tag-lv","26":"tag-news","27":"tag-popularakas-zinas","28":"tag-popularakaszinas","29":"tag-spradziens","30":"tag-top-stories","31":"tag-topstories","32":"tag-zinas"},"share_on_mastodon":{"url":"https:\/\/pubeurope.com\/@lv\/115841197882973687","error":""},"_links":{"self":[{"href":"https:\/\/www.europesays.com\/lv\/wp-json\/wp\/v2\/posts\/94765","targetHints":{"allow":["GET"]}}],"collection":[{"href":"https:\/\/www.europesays.com\/lv\/wp-json\/wp\/v2\/posts"}],"about":[{"href":"https:\/\/www.europesays.com\/lv\/wp-json\/wp\/v2\/types\/post"}],"author":[{"embeddable":true,"href":"https:\/\/www.europesays.com\/lv\/wp-json\/wp\/v2\/users\/2"}],"replies":[{"embeddable":true,"href":"https:\/\/www.europesays.com\/lv\/wp-json\/wp\/v2\/comments?post=94765"}],"version-history":[{"count":0,"href":"https:\/\/www.europesays.com\/lv\/wp-json\/wp\/v2\/posts\/94765\/revisions"}],"wp:featuredmedia":[{"embeddable":true,"href":"https:\/\/www.europesays.com\/lv\/wp-json\/wp\/v2\/media\/94143"}],"wp:attachment":[{"href":"https:\/\/www.europesays.com\/lv\/wp-json\/wp\/v2\/media?parent=94765"}],"wp:term":[{"taxonomy":"category","embeddable":true,"href":"https:\/\/www.europesays.com\/lv\/wp-json\/wp\/v2\/categories?post=94765"},{"taxonomy":"post_tag","embeddable":true,"href":"https:\/\/www.europesays.com\/lv\/wp-json\/wp\/v2\/tags?post=94765"}],"curies":[{"name":"wp","href":"https:\/\/api.w.org\/{rel}","templated":true}]}}