{"id":94807,"date":"2026-01-05T07:34:08","date_gmt":"2026-01-05T07:34:08","guid":{"rendered":"https:\/\/www.europesays.com\/lv\/94807\/"},"modified":"2026-01-05T07:34:08","modified_gmt":"2026-01-05T07:34:08","slug":"brivdienas-sola-stindzinosu-aukstumu-1188-lv","status":"publish","type":"post","link":"https:\/\/www.europesays.com\/lv\/94807\/","title":{"rendered":"Br\u012bvdien\u0101s sola stindzino\u0161u aukstumu &#8211; 1188.lv"},"content":{"rendered":"<ol>\n<li><a href=\"https:\/\/news.google.com\/rss\/articles\/CBMid0FVX3lxTFBRbXM4Z0RIX21UUTZteEtFaUxXNUZWeU9VcVlFc3VDR1NucVhSSnpiNDFDWUY0R0doN3JSN2RpYXl6bnhuMk1UdmJuUmZna2Y0QmpqMmlKeDFGOGZ0aS0xMWt4dno0Z0s4Y2pHZDNEdVZhdlRLaVJj?oc=5\" target=\"_blank\" rel=\"nofollow noopener\">Br\u012bvdien\u0101s sola stindzino\u0161u aukstumu<\/a>&nbsp;&nbsp;1188.lv<\/li>\n<li><a href=\"https:\/\/news.google.com\/rss\/articles\/CBMi5AFBVV95cUxQeVg1NjBCLV9rRHN4bjRKZV9JVzV1RUlpb21nMGpvTWpwVXRxUVBidy1RRVBFN1p0ekZVOTJPNWxNLWVwMDVoU1BSMmM5OGd1bjI0S0V1aEhjbFpxdUt5XzhrUlFLYlZjckNJbzdFSEpiLTlpbjV6dXQ2RDFDeGNzR0NWd09saDVLVzBhaU53Ml9iOXdXYVBiVWVLdlZnLVFEN1BYUTJucXpqcWY3b0pUUVFlMTBHM0pGX1hvOFJHV1dNaXVtZ3Nob1A4Mk5fWXFUc1BpTm5VWVBGbXpDdWRQcWNwMng?oc=5\" target=\"_blank\" rel=\"nofollow noopener\">Saruna ar LTV laika zi\u0146u redaktoru Tomu Brici \/ 05.01.2026 \/ Ieraksts<\/a>&nbsp;&nbsp;REplay.lv<\/li>\n<li><a href=\"https:\/\/news.google.com\/rss\/articles\/CBMifEFVX3lxTE4zbHlXaWVqZmFMcG1nUmNCNEdKSHVocDdsS2N0emk4cVB3azgxdXJuYm5LdDRwMF9ZcUVKc3pzaXBxSlY5cG9JWUtGdmlhbGhHaDhoQlQ0S0MxdExSVE5PcE9GbXJaVFBrX0lmN3JMTXYyTEhsSHlvX1pSdlc?oc=5\" target=\"_blank\" rel=\"nofollow noopener\">Pat -20 gr\u0101di. K\u0101ds b\u016bs janv\u0101ris?<\/a>&nbsp;&nbsp;Inbox.lv<\/li>\n<li><a href=\"https:\/\/news.google.com\/rss\/articles\/CBMixwFBVV95cUxQbGU0TmN3RzJWLUd4S0VvY0xMQmxyTkU4QUFFUGVtNUdockNLc2Z6T3c1emUwRlNJNGlNT2xyV0FvY2JMOHVTTVNlVzMyVWN4Q3lNNWNLMi1uUGJMaFlvT2lwT1Bha25qX1lLQ3FGbVcxaWJ0TEREVXYzU0s2c1BSUWtqY1dLRmszMkNNYTVGRWxTOWhUcTJPbDlZWGdUVGRkeUxlWEsyT1lFeU9tS21EWThZdDNyWk1kUjh5SmJFelNkbVhpcFVZ?oc=5\" target=\"_blank\" rel=\"nofollow noopener\">Vai ziema jau tuvojas beig\u0101m &#8211; meteorologi atkl\u0101j prognozi no 5.janv\u0101ra un tas b\u016bs atmi\u0146\u0101 palieko\u0161i<\/a>&nbsp;&nbsp;Dzentlmenis.lv<\/li>\n<li><a href=\"https:\/\/news.google.com\/rss\/articles\/CBMipwFBVV95cUxNSXJmaVFMRGpTak9fVWQ0aEVhNVY5ZEFyZWRsd0E0Y19mdmdWeVZDWS1CMkpwcjQ5OXdyak5Xd2NLdUt1MExDc1ptekdiQ1B6NlNjeW1LY0F6ZVU3ZUtFVXBqdllxZC1FaXRwaE9ieGJyNFZiRGZnb1QxWUsyNlpWWGhjaDAyaUVmSzJBYndTcXpabE95cVFPMzhLaUllZjlacDlMQ3A3MA?oc=5\" target=\"_blank\" rel=\"nofollow noopener\">Dabas v\u0113rot\u0101js Vilis Buk\u0161s prognoz\u0113, k\u0101ds laiks b\u016bs ziemas valdnieka janv\u0101ra m\u0113nes\u012b<\/a>&nbsp;&nbsp;ReKurZeme.lv<\/li>\n<\/ol>\n","protected":false},"excerpt":{"rendered":"Br\u012bvdien\u0101s sola stindzino\u0161u aukstumu&nbsp;&nbsp;1188.lv Saruna ar LTV laika zi\u0146u redaktoru Tomu Brici \/ 05.01.2026 \/ Ieraksts&nbsp;&nbsp;REplay.lv Pat -20&hellip;\n","protected":false},"author":2,"featured_media":94808,"comment_status":"","ping_status":"","sticky":false,"template":"","format":"standard","meta":{"footnotes":""},"categories":[12],"tags":[129,3333,23,28,29,32,33,22,30,31,35,39,38,36,37,34,40,20,26,27,3334,3335,24,25,21],"class_list":{"0":"post-94807","1":"post","2":"type-post","3":"status-publish","4":"format-standard","5":"has-post-thumbnail","7":"category-latvija","8":"tag-__typenameadvicekeyword","9":"tag-id563","10":"tag-aktualitates","11":"tag-breaking-news","12":"tag-breakingnews","13":"tag-featured-news","14":"tag-featurednews","15":"tag-headlines","16":"tag-latest-news","17":"tag-latestnews","18":"tag-latvia","19":"tag-latvian","20":"tag-latviesu","21":"tag-latviesu-valoda","22":"tag-latviesuvaloda","23":"tag-latvija","24":"tag-lv","25":"tag-news","26":"tag-popularakas-zinas","27":"tag-popularakaszinas","28":"tag-sluglaika-zina","29":"tag-titlelaika-zina","30":"tag-top-stories","31":"tag-topstories","32":"tag-zinas"},"share_on_mastodon":{"url":"https:\/\/pubeurope.com\/@lv\/115841339447337404","error":""},"_links":{"self":[{"href":"https:\/\/www.europesays.com\/lv\/wp-json\/wp\/v2\/posts\/94807","targetHints":{"allow":["GET"]}}],"collection":[{"href":"https:\/\/www.europesays.com\/lv\/wp-json\/wp\/v2\/posts"}],"about":[{"href":"https:\/\/www.europesays.com\/lv\/wp-json\/wp\/v2\/types\/post"}],"author":[{"embeddable":true,"href":"https:\/\/www.europesays.com\/lv\/wp-json\/wp\/v2\/users\/2"}],"replies":[{"embeddable":true,"href":"https:\/\/www.europesays.com\/lv\/wp-json\/wp\/v2\/comments?post=94807"}],"version-history":[{"count":0,"href":"https:\/\/www.europesays.com\/lv\/wp-json\/wp\/v2\/posts\/94807\/revisions"}],"wp:featuredmedia":[{"embeddable":true,"href":"https:\/\/www.europesays.com\/lv\/wp-json\/wp\/v2\/media\/94808"}],"wp:attachment":[{"href":"https:\/\/www.europesays.com\/lv\/wp-json\/wp\/v2\/media?parent=94807"}],"wp:term":[{"taxonomy":"category","embeddable":true,"href":"https:\/\/www.europesays.com\/lv\/wp-json\/wp\/v2\/categories?post=94807"},{"taxonomy":"post_tag","embeddable":true,"href":"https:\/\/www.europesays.com\/lv\/wp-json\/wp\/v2\/tags?post=94807"}],"curies":[{"name":"wp","href":"https:\/\/api.w.org\/{rel}","templated":true}]}}