{"id":94811,"date":"2026-01-05T07:39:07","date_gmt":"2026-01-05T07:39:07","guid":{"rendered":"https:\/\/www.europesays.com\/lv\/94811\/"},"modified":"2026-01-05T07:39:07","modified_gmt":"2026-01-05T07:39:07","slug":"irana-nerimst-protesti-pret-valdoso-rezimu-kops-to-sakuma-aresteti-vismaz-582-cilveki-raksts","status":"publish","type":"post","link":"https:\/\/www.europesays.com\/lv\/94811\/","title":{"rendered":"Ir\u0101n\u0101 nerimst protesti pret valdo\u0161o re\u017e\u012bmu; kop\u0161 to s\u0101kuma arest\u0113ti vismaz 582 cilv\u0113ki \/ Raksts"},"content":{"rendered":"<p>Ir\u0101n\u0101 nenorimst vair\u0101k nek\u0101 ned\u0113\u013cu ilgu\u0161ie protesti pret valdo\u0161o re\u017e\u012bmu. Ar\u012b sv\u0113tdien galvaspils\u0113t\u0101 Teher\u0101n\u0101, valsts dienvidu pils\u0113t\u0101 \u0160iraz\u0101 un Ir\u0101nas rietumos notika demonstr\u0101cijas, kuru laik\u0101 izc\u0113l\u0101s sadursmes starp protest\u0113t\u0101jiem un dro\u0161\u012bbas sp\u0113kiem.<\/p>\n<p>\u0160obr\u012bd nav zi\u0146u par sv\u0113tdien notiku\u0161ajos protestos ievainotajiem vai nogalin\u0101tajiem, bet kop\u0161 protestu s\u0101kuma 28. decembr\u012b ir nogalin\u0101ti vismaz 12 cilv\u0113ki, ar\u012b dro\u0161\u012bbas sp\u0113ku darbinieki.<\/p>\n<blockquote>\n<p>Cilv\u0113kties\u012bbu aizst\u0101vji apgalvo, ka pag\u0101ju\u0161aj\u0101 ned\u0113\u013c\u0101 protestu laik\u0101 ir arest\u0113ti vismaz 582 cilv\u0113ki.<\/p>\n<\/blockquote>\n<p>\u0160ie ir pla\u0161\u0101kie protesti Isl\u0101ma Republik\u0101 kop\u0161 2022. un 2023. gad\u0101 pieredz\u0113tajiem protestiem, kurus izsauca jaunas sievietes Mahsas Amini n\u0101ve apcietin\u0101jum\u0101, kur vi\u0146a bija non\u0101kusi par to, ka neiev\u0113roja Ir\u0101n\u0101 sp\u0113k\u0101 eso\u0161os stingros \u0123\u0113rb\u0161an\u0101s noteikumus sieviet\u0113m .<\/p>\n<p>Pa\u0161reiz\u0113jos protestus izrais\u012bja iedz\u012bvot\u0101ju neapmierin\u0101t\u012bba ar dz\u012bves d\u0101rdz\u012bbu un valsts ekonomiskaj\u0101m gr\u016bt\u012bb\u0101m, kas liel\u0101 m\u0113r\u0101 ir saist\u012btas ar starptautiskaj\u0101m sankcij\u0101m.<\/p>\n<p>ASV\u00a0prezidents Donalds Tramps sv\u0113tdien pazi\u0146oja, ka Va\u0161ingtona \u013coti uzman\u012bgi seko l\u012bdzi notikumiem Ir\u0101n\u0101 un br\u012bdin\u0101ja Ir\u0101nas re\u017e\u012bmu, ka tas sa\u0146ems &#8220;\u013coti smagu sitienu&#8221; no ASV, ja ies boj\u0101 v\u0113l vair\u0101k protest\u0113t\u0101ju.<\/p>\n<p>                    Valodas k\u013c\u016bda rakst\u0101?<\/p>\n<p class=\"d-none d-md-block\">Iez\u012bm\u0113jiet tekstu un spiediet Ctrl+Enter, lai nos\u016bt\u012btu labojamo teksta fragmentu redaktoram! Par faktu k\u013c\u016bd\u0101m l\u016bdzam zi\u0146ot e-past\u0101 <a href=\"https:\/\/www.lsm.lv\/cdn-cgi\/l\/email-protection\" class=\"__cf_email__\" data-cfemail=\"acdec9c8cdc7cfc5c6cdecc0dfc182c0da\" rel=\"nofollow noopener\" target=\"_blank\">[email\u00a0protected]<\/a>.<\/p>\n<p class=\"d-md-none\">Iez\u012bm\u0113jiet tekstu un spiediet uz Zi\u0146ot par k\u013c\u016bdu pogas, lai nos\u016bt\u012btu labojamo teksta fragmentu redaktoram!<\/p>\n<p>\n                    Zi\u0146ot par k\u013c\u016bdu\n                <\/p>\n","protected":false},"excerpt":{"rendered":"Ir\u0101n\u0101 nenorimst vair\u0101k nek\u0101 ned\u0113\u013cu ilgu\u0161ie protesti pret valdo\u0161o re\u017e\u012bmu. Ar\u012b sv\u0113tdien galvaspils\u0113t\u0101 Teher\u0101n\u0101, valsts dienvidu pils\u0113t\u0101 \u0160iraz\u0101&hellip;\n","protected":false},"author":2,"featured_media":94812,"comment_status":"","ping_status":"","sticky":false,"template":"","format":"standard","meta":{"footnotes":""},"categories":[14],"tags":[23,57,28,29,32,33,22,30,31,35,39,38,36,37,34,40,20,26,27,24,25,54,55,56,21,58],"class_list":{"0":"post-94811","1":"post","2":"type-post","3":"status-publish","4":"format-standard","5":"has-post-thumbnail","7":"category-zinas-no-arvalstim","8":"tag-aktualitates","9":"tag-arvalstim","10":"tag-breaking-news","11":"tag-breakingnews","12":"tag-featured-news","13":"tag-featurednews","14":"tag-headlines","15":"tag-latest-news","16":"tag-latestnews","17":"tag-latvia","18":"tag-latvian","19":"tag-latviesu","20":"tag-latviesu-valoda","21":"tag-latviesuvaloda","22":"tag-latvija","23":"tag-lv","24":"tag-news","25":"tag-popularakas-zinas","26":"tag-popularakaszinas","27":"tag-top-stories","28":"tag-topstories","29":"tag-world","30":"tag-world-news","31":"tag-worldnews","32":"tag-zinas","33":"tag-zinas-no-arvalstim"},"share_on_mastodon":{"url":"https:\/\/pubeurope.com\/@lv\/115841359100894913","error":""},"_links":{"self":[{"href":"https:\/\/www.europesays.com\/lv\/wp-json\/wp\/v2\/posts\/94811","targetHints":{"allow":["GET"]}}],"collection":[{"href":"https:\/\/www.europesays.com\/lv\/wp-json\/wp\/v2\/posts"}],"about":[{"href":"https:\/\/www.europesays.com\/lv\/wp-json\/wp\/v2\/types\/post"}],"author":[{"embeddable":true,"href":"https:\/\/www.europesays.com\/lv\/wp-json\/wp\/v2\/users\/2"}],"replies":[{"embeddable":true,"href":"https:\/\/www.europesays.com\/lv\/wp-json\/wp\/v2\/comments?post=94811"}],"version-history":[{"count":0,"href":"https:\/\/www.europesays.com\/lv\/wp-json\/wp\/v2\/posts\/94811\/revisions"}],"wp:featuredmedia":[{"embeddable":true,"href":"https:\/\/www.europesays.com\/lv\/wp-json\/wp\/v2\/media\/94812"}],"wp:attachment":[{"href":"https:\/\/www.europesays.com\/lv\/wp-json\/wp\/v2\/media?parent=94811"}],"wp:term":[{"taxonomy":"category","embeddable":true,"href":"https:\/\/www.europesays.com\/lv\/wp-json\/wp\/v2\/categories?post=94811"},{"taxonomy":"post_tag","embeddable":true,"href":"https:\/\/www.europesays.com\/lv\/wp-json\/wp\/v2\/tags?post=94811"}],"curies":[{"name":"wp","href":"https:\/\/api.w.org\/{rel}","templated":true}]}}