{"id":94833,"date":"2026-01-05T08:03:07","date_gmt":"2026-01-05T08:03:07","guid":{"rendered":"https:\/\/www.europesays.com\/lv\/94833\/"},"modified":"2026-01-05T08:03:07","modified_gmt":"2026-01-05T08:03:07","slug":"tramps-netic-ka-ukrainas-droni-uzbrukusi-putina-rezidencei","status":"publish","type":"post","link":"https:\/\/www.europesays.com\/lv\/94833\/","title":{"rendered":"Tramps netic, ka Ukrainas droni uzbruku\u0161i Putina rezidencei"},"content":{"rendered":"<p>&#8220;Es neticu, ka \u0161is uzbrukums notika,&#8221; sac\u012bja Tramps \u017eurn\u0101listiem prezidenta lidma\u0161\u012bn\u0101, atgrie\u017eoties no Floridas.<\/p>\n<p>Tramps teica, ka &#8220;kaut kas&#8221; notika net\u0101lu no Putina rezidences, ta\u010du p\u0113c pier\u0101d\u012bjumu izv\u0113rt\u0113\u0161anas amerik\u0101\u0146u amatpersonas secin\u0101ju\u0161as, ka Ukraina nav uzbrukusi rezidencei.<\/p>\n<p>Jau v\u0113st\u012bts, ka par to, ka ASV Centr\u0101l\u0101 izl\u016bko\u0161anas p\u0101rvalde (CIP) secin\u0101jusi, ka, pret\u0113ji Krievijas apgalvojumiem, Ukraina nav veikusi bezpilota lidapar\u0101tu uzbrukumu Putina rezidencei Novgorodas apgabal\u0101, ASV amatpersonas \u017eurn\u0101listiem pav\u0113st\u012bja pag\u0101ju\u0161aj\u0101 ned\u0113\u013c\u0101.<\/p>\n<p>S\u0101kotn\u0113ji Tramps p\u0113c telefonsarunas ar Putinu kritiz\u0113ja Ukrainu par to, ka t\u0101 esot veikusi \u0161\u0101du uzbrukumu.<\/p>\n<p>Savuk\u0101rt Kijiva kategoriski noliedza, ka t\u0101 b\u016btu veikusi \u0161\u0101du uzbrukumu.<\/p>\n<p>Atsaucoties uz ASV amatperson\u0101m, laikraksts &#8220;Wall Street Journal&#8221; pag\u0101ju\u0161aj\u0101 ned\u0113l\u0101 zi\u0146oja, ka Ukrainas dronu uzbrukums bijis v\u0113rsts pret milit\u0101ru m\u0113r\u0137i taj\u0101 pa\u0161\u0101 re\u0123ion\u0101, kur atrodas viena no Putina rezidenc\u0113m, bet ne net\u0101lu no \u0161\u012bs rezidences. To apstiprin\u0101jusi CIP anal\u012bze.<\/p>\n<p>Raidorganiz\u0101cijas PBS un CNN v\u0113st\u012bja, ka tre\u0161dien Trampu par izl\u016bkdienestu secin\u0101jumiem inform\u0113jis CIP direktors D\u017eons Retklifs.<\/p>\n<p>P\u0113c tik\u0161an\u0101s ar Retklifu Tramps sav\u0101 platform\u0101 &#8220;Truth Social&#8221; dal\u012bj\u0101s ar tablo\u012bda &#8220;New York Post&#8221; koment\u0101ru, kas bija \u013coti kritisks attiec\u012bb\u0101 pret Krieviju. &#8220;New York Post&#8221; publik\u0101cij\u0101 Putins raksturots k\u0101 patiess \u0161\u0137\u0113rslis ce\u013c\u0101 uz mieru.<\/p>\n","protected":false},"excerpt":{"rendered":"&#8220;Es neticu, ka \u0161is uzbrukums notika,&#8221; sac\u012bja Tramps \u017eurn\u0101listiem prezidenta lidma\u0161\u012bn\u0101, atgrie\u017eoties no Floridas. Tramps teica, ka &#8220;kaut&hellip;\n","protected":false},"author":2,"featured_media":94834,"comment_status":"","ping_status":"","sticky":false,"template":"","format":"standard","meta":{"footnotes":""},"categories":[14],"tags":[23,57,28,29,542,75,32,33,22,30,31,35,39,38,36,37,34,40,20,26,27,24,25,235,54,55,56,21,58],"class_list":{"0":"post-94833","1":"post","2":"type-post","3":"status-publish","4":"format-standard","5":"has-post-thumbnail","7":"category-zinas-no-arvalstim","8":"tag-aktualitates","9":"tag-arvalstim","10":"tag-breaking-news","11":"tag-breakingnews","12":"tag-donalds-tramps","13":"tag-droni","14":"tag-featured-news","15":"tag-featurednews","16":"tag-headlines","17":"tag-latest-news","18":"tag-latestnews","19":"tag-latvia","20":"tag-latvian","21":"tag-latviesu","22":"tag-latviesu-valoda","23":"tag-latviesuvaloda","24":"tag-latvija","25":"tag-lv","26":"tag-news","27":"tag-popularakas-zinas","28":"tag-popularakaszinas","29":"tag-top-stories","30":"tag-topstories","31":"tag-vladimirs-putins","32":"tag-world","33":"tag-world-news","34":"tag-worldnews","35":"tag-zinas","36":"tag-zinas-no-arvalstim"},"share_on_mastodon":{"url":"https:\/\/pubeurope.com\/@lv\/115841453626614812","error":""},"_links":{"self":[{"href":"https:\/\/www.europesays.com\/lv\/wp-json\/wp\/v2\/posts\/94833","targetHints":{"allow":["GET"]}}],"collection":[{"href":"https:\/\/www.europesays.com\/lv\/wp-json\/wp\/v2\/posts"}],"about":[{"href":"https:\/\/www.europesays.com\/lv\/wp-json\/wp\/v2\/types\/post"}],"author":[{"embeddable":true,"href":"https:\/\/www.europesays.com\/lv\/wp-json\/wp\/v2\/users\/2"}],"replies":[{"embeddable":true,"href":"https:\/\/www.europesays.com\/lv\/wp-json\/wp\/v2\/comments?post=94833"}],"version-history":[{"count":0,"href":"https:\/\/www.europesays.com\/lv\/wp-json\/wp\/v2\/posts\/94833\/revisions"}],"wp:featuredmedia":[{"embeddable":true,"href":"https:\/\/www.europesays.com\/lv\/wp-json\/wp\/v2\/media\/94834"}],"wp:attachment":[{"href":"https:\/\/www.europesays.com\/lv\/wp-json\/wp\/v2\/media?parent=94833"}],"wp:term":[{"taxonomy":"category","embeddable":true,"href":"https:\/\/www.europesays.com\/lv\/wp-json\/wp\/v2\/categories?post=94833"},{"taxonomy":"post_tag","embeddable":true,"href":"https:\/\/www.europesays.com\/lv\/wp-json\/wp\/v2\/tags?post=94833"}],"curies":[{"name":"wp","href":"https:\/\/api.w.org\/{rel}","templated":true}]}}