{"id":94845,"date":"2026-01-05T08:10:11","date_gmt":"2026-01-05T08:10:11","guid":{"rendered":"https:\/\/www.europesays.com\/lv\/94845\/"},"modified":"2026-01-05T08:10:11","modified_gmt":"2026-01-05T08:10:11","slug":"liepaja-planots-izveidot-jaunu-majdzivnieku-kapsetu-risinot-nelegalo-apbedijumu-problemu-lente-lv","status":"publish","type":"post","link":"https:\/\/www.europesays.com\/lv\/94845\/","title":{"rendered":"Liep\u0101j\u0101 pl\u0101nots izveidot jaunu m\u0101jdz\u012bvnieku kaps\u0113tu, risinot neleg\u0101lo apbed\u012bjumu probl\u0113mu\u00a0\u2014\u00a0Lente.lv"},"content":{"rendered":"<p>Liep\u0101j\u0101 top jauna m\u0101jdz\u012bvnieku kaps\u0113ta<\/p>\n<p>Liep\u0101jas pils\u0113tas pa\u0161vald\u012bba ir uzs\u0101kusi darbu pie jaunas m\u0101jdz\u012bvnieku kaps\u0113tas izveides, paredzot t\u0101s atkl\u0101\u0161anu 2027. gad\u0101. \u0160is projekts tiek \u012bstenots, lai sniegtu leg\u0101lu un piem\u0113rotu atdusas vietu pils\u0113tas iedz\u012bvot\u0101ju m\u012blu\u013ciem, k\u0101 ar\u012b lai risin\u0101tu gadiem past\u0101vo\u0161o neleg\u0101lo apbed\u012bjumu probl\u0113mu k\u0101p\u0101s. K\u0101 inform\u0113 Latvijas Sabiedriskie Mediji, pa\u0161vald\u012bba pl\u0101no ar laiku nojaukt ar\u012b izveidoju\u0161os neleg\u0101lo kaps\u0113tu. Liep\u0101j\u0101 re\u0123istr\u0113ti vair\u0101k nek\u0101 8000 su\u0146i un ka\u0137i, ta\u010du re\u0101lais m\u0101jdz\u012bvnieku skaits pils\u0113t\u0101 ir v\u0113l liel\u0101ks, jo ne visi saimnieki savus m\u012blu\u013cus ir ofici\u0101li re\u0123istr\u0113ju\u0161i. \u0160obr\u012bd Latvij\u0101 leg\u0101lo dz\u012bvnieku kaps\u0113tu skaits ir neliels, liekot daudziem iedz\u012bvot\u0101jiem savus miru\u0161os m\u012blu\u013cus apglab\u0101t neleg\u0101li, p\u0101rk\u0101pjot past\u0101vo\u0161os noteikumus.<\/p>\n<p>Neleg\u0101lo apbed\u012bjumu probl\u0113ma un t\u0101s sekas<\/p>\n<p>Liep\u0101j\u0101, pils\u0113tas k\u0101pu zon\u0101 pie Dienvidu kapiem, gadu desmitiem past\u0101v neleg\u0101la m\u0101jdz\u012bvnieku kaps\u0113ta, kur\u0101 apglab\u0101ti jau vair\u0101ki simti dz\u012bvnieku. \u0160\u012bs vietas nav izveidotas saska\u0146\u0101 ar vides un higi\u0113nas norm\u0101m, radot potenci\u0101lus draudus apk\u0101rt\u0113jai videi un grunts\u016bde\u0146iem. Liep\u0101jas domes izpilddirektora vietnieks Didzis J\u0113ri\u0146\u0161 uzsv\u0113ra, ka dz\u012bvnieku kaps\u0113t\u0101m ir stingri noteikti nosac\u012bjumi, tostarp par grunts\u016bdens dzi\u013cumu un biolo\u0123isk\u0101 pies\u0101r\u0146ojuma nov\u0113r\u0161anu. L\u012bdz \u0161im nav bijusi iesp\u0113ja legaliz\u0113t eso\u0161o apbed\u012bjumu vietu k\u0101p\u0101s, jo t\u0101 atrodas aizsargjosl\u0101, un t\u0101s nojauk\u0161ana rad\u012btu sp\u0113c\u012bgus iedz\u012bvot\u0101ju protestus, k\u0101 liecina iepriek\u0161\u0113jie nov\u0113rojumi. Pa\u0161vald\u012bba ir apzin\u0101jusi, ka iedz\u012bvot\u0101jiem ir nepiecie\u0161ama ofici\u0101la un sak\u0101rtota vieta m\u012blu\u013cu atvad\u0101m, jo daudzi izv\u0113las apglab\u0101t dz\u012bvniekus savos d\u0101rzos vai me\u017eos, kas nav pareizi.<\/p>\n<p>Projekta gaita un finans\u0113jums<\/p>\n<p>Dz\u012bvnieku kaps\u0113tas projekta realiz\u0101cija Liep\u0101j\u0101 ir iecer\u0113ta vair\u0101k\u0101s k\u0101rt\u0101s, jo s\u0101kotn\u0113ji projekta izmaksas tika v\u0113rt\u0113tas k\u0101 \u013coti augstas, radot ba\u017eas par pa\u0161vald\u012bbas sp\u0113ju t\u0101s segt vien\u0101 pieg\u0101jien\u0101. K\u0101 skaidroja Liep\u0101jas pa\u0161vald\u012bbas a\u0123ent\u016bras direktors Vairis \u0160alms, projekta pirm\u0101s k\u0101rtas finans\u0113jums tiek gaid\u012bts 2026. gad\u0101, lai var\u0113tu uzs\u0101kt pirm\u0101s b\u016bvniec\u012bbas f\u0101zes realiz\u0101ciju. \u0160aj\u0101 pirmaj\u0101 k\u0101rt\u0101 paredz\u0113ts izb\u016bv\u0113t piebraucamo ce\u013cu un uzb\u0113rt divu metru virsk\u0101rtu, kas izmaks\u0101s aptuveni 60 000 eiro. Projekta s\u0101kotn\u0113j\u0101s ieceres ietv\u0113ra ar\u012b krematorijas un kolumb\u0101rija izveidi, ta\u010du pa\u0161vald\u012bba \u0161obr\u012bd par konkr\u0113t\u0101m izmaks\u0101m un finans\u0113juma avotiem pla\u0161\u0101k nekoment\u0113. Lok\u0101lpl\u0101nojums ofici\u0101lai dz\u012bvnieku kaps\u0113tai tika izstr\u0101d\u0101ts jau 2020. gad\u0101 un nodots sabiedriskajai apsprie\u0161anai, un tiek pl\u0101nots, ka t\u0101 b\u016bs v\u0113rien\u012bg\u0101k\u0101 kaps\u0113ta Kurzem\u0113.<\/p>\n<p>Likumdo\u0161ana un alternat\u012bvas m\u0101jdz\u012bvnieku apbed\u012b\u0161anai<\/p>\n<p>Latvijas likumdo\u0161ana aizliedz m\u0101jdz\u012bvnieku apglab\u0101\u0161anu neat\u013caut\u0101s viet\u0101s, piem\u0113ram, priv\u0101tajos d\u0101rzos vai me\u017eos, par ko var piem\u0113rot administrat\u012bvo sodu no 7 l\u012bdz 350 eiro. Ja dz\u012bvnieks miris aizdom\u0101s par infekcijas slim\u012bbu, j\u0101inform\u0113 veterin\u0101r\u0101rsts. Likum\u012bg\u0101s alternat\u012bvas ietver nog\u0101d\u0101\u0161anu uz veterin\u0101ro kl\u012bniku krem\u0101cijai (gan individu\u0101lai, gan kop\u0113jai) vai apbed\u012b\u0161anu speci\u0101li ier\u012bkot\u0101s dz\u012bvnieku kaps\u0113t\u0101s. Latvij\u0101 ir ierobe\u017eots skaits leg\u0101lo dz\u012bvnieku kaps\u0113tu, tostarp t\u0101das atrodas Bab\u012bt\u0113, C\u0113s\u012bs, Priekul\u0113 un Gulben\u0113. Dz\u012bvnieku krem\u0101cija ir k\u013cuvusi par arvien popul\u0101r\u0101ku alternat\u012bvu, jo t\u0101 ir videi draudz\u012bga un \u013cauj \u012bpa\u0161niekiem saglab\u0101t sava m\u012blu\u013ca pelnus piemi\u0146ai. Neskatoties uz to, ka Liep\u0101j\u0101 jau ilgsto\u0161i past\u0101v neleg\u0101l\u0101 kaps\u0113ta, pa\u0161vald\u012bbas ilggad\u0113j\u0101 nesp\u0113ja vienoties par finans\u0113jumu un piem\u0113rotas zemes atra\u0161ana ir kav\u0113jusi leg\u0101las kaps\u0113tas izveidi.<\/p>\n","protected":false},"excerpt":{"rendered":"Liep\u0101j\u0101 top jauna m\u0101jdz\u012bvnieku kaps\u0113ta Liep\u0101jas pils\u0113tas pa\u0161vald\u012bba ir uzs\u0101kusi darbu pie jaunas m\u0101jdz\u012bvnieku kaps\u0113tas izveides, paredzot t\u0101s&hellip;\n","protected":false},"author":2,"featured_media":94846,"comment_status":"","ping_status":"","sticky":false,"template":"","format":"standard","meta":{"footnotes":""},"categories":[12],"tags":[23,28,29,23658,32,33,22,30,31,35,39,38,36,37,34,444,40,23657,20,794,26,27,24,25,21],"class_list":{"0":"post-94845","1":"post","2":"type-post","3":"status-publish","4":"format-standard","5":"has-post-thumbnail","7":"category-latvija","8":"tag-aktualitates","9":"tag-breaking-news","10":"tag-breakingnews","11":"tag-dzivnieku-apbedisana","12":"tag-featured-news","13":"tag-featurednews","14":"tag-headlines","15":"tag-latest-news","16":"tag-latestnews","17":"tag-latvia","18":"tag-latvian","19":"tag-latviesu","20":"tag-latviesu-valoda","21":"tag-latviesuvaloda","22":"tag-latvija","23":"tag-liepaja","24":"tag-lv","25":"tag-majdzivnieku-kapseta","26":"tag-news","27":"tag-pasvaldiba","28":"tag-popularakas-zinas","29":"tag-popularakaszinas","30":"tag-top-stories","31":"tag-topstories","32":"tag-zinas"},"share_on_mastodon":{"url":"https:\/\/pubeurope.com\/@lv\/115841480983766127","error":""},"_links":{"self":[{"href":"https:\/\/www.europesays.com\/lv\/wp-json\/wp\/v2\/posts\/94845","targetHints":{"allow":["GET"]}}],"collection":[{"href":"https:\/\/www.europesays.com\/lv\/wp-json\/wp\/v2\/posts"}],"about":[{"href":"https:\/\/www.europesays.com\/lv\/wp-json\/wp\/v2\/types\/post"}],"author":[{"embeddable":true,"href":"https:\/\/www.europesays.com\/lv\/wp-json\/wp\/v2\/users\/2"}],"replies":[{"embeddable":true,"href":"https:\/\/www.europesays.com\/lv\/wp-json\/wp\/v2\/comments?post=94845"}],"version-history":[{"count":0,"href":"https:\/\/www.europesays.com\/lv\/wp-json\/wp\/v2\/posts\/94845\/revisions"}],"wp:featuredmedia":[{"embeddable":true,"href":"https:\/\/www.europesays.com\/lv\/wp-json\/wp\/v2\/media\/94846"}],"wp:attachment":[{"href":"https:\/\/www.europesays.com\/lv\/wp-json\/wp\/v2\/media?parent=94845"}],"wp:term":[{"taxonomy":"category","embeddable":true,"href":"https:\/\/www.europesays.com\/lv\/wp-json\/wp\/v2\/categories?post=94845"},{"taxonomy":"post_tag","embeddable":true,"href":"https:\/\/www.europesays.com\/lv\/wp-json\/wp\/v2\/tags?post=94845"}],"curies":[{"name":"wp","href":"https:\/\/api.w.org\/{rel}","templated":true}]}}