{"id":94847,"date":"2026-01-05T08:11:07","date_gmt":"2026-01-05T08:11:07","guid":{"rendered":"https:\/\/www.europesays.com\/lv\/94847\/"},"modified":"2026-01-05T08:11:07","modified_gmt":"2026-01-05T08:11:07","slug":"spradziena-cietusajai-majai-bauskas-iela-sola-citu-likteni-neka-melnsila-ielas-graustam","status":"publish","type":"post","link":"https:\/\/www.europesays.com\/lv\/94847\/","title":{"rendered":"Spr\u0101dzien\u0101 cietu\u0161ajai m\u0101jai Bauskas iel\u0101 sola citu likteni nek\u0101 Melnsila ielas graustam"},"content":{"rendered":"<p>K\u0101 zi\u0146ots, g\u0101zes spr\u0101dzien\u0101 Tor\u0146akaln\u0101, daudzdz\u012bvok\u013cu nam\u0101 Bauskas iel\u0101, g\u0101ja boj\u0101 divi cilv\u0113ki &#8211; persona, kas k\u0101d\u0101 dz\u012bvokl\u012b veica neleg\u0101las darb\u012bbas ar g\u0101zes vadu, un g\u0101zes apg\u0101des komp\u0101nijas &#8220;Gaso&#8221; Av\u0101rijas dienesta darbinieks, kur\u0161 bija ieradies uz izsaukumu par iesp\u0113jamu g\u0101zes nopl\u016bdi. V\u0113l divi cilv\u0113ki cietu\u0161i.<\/p>\n<p>Spr\u0101dziens piecst\u0101vu dz\u012bvojam\u0101 m\u0101j\u0101 notika neleg\u0101li saboj\u0101ta g\u0101zes vada d\u0113\u013c. Spr\u0101dzien\u0101 da\u013c\u0113ji sagruvis \u0113kas ceturtais un piektais st\u0101vs, k\u0101 ar\u012b jumts.<\/p>\n<p>\u0112ku apsaimnieko SIA &#8220;Latvijas namsaimnieks&#8221;, taj\u0101 ir 74 dz\u012bvok\u013ci, no kuriem \u010detri pieder pa\u0161vald\u012bbai. P\u0113c pagaid\u0101m ofici\u0101li neapstiprin\u0101tas inform\u0101cijas spr\u0101dziens noticis neleg\u0101la g\u0101zes piesl\u0113guma d\u0113\u013c pa\u0161vald\u012bbai piedero\u0161\u0101 dz\u012bvokl\u012b.<\/p>\n<p>P\u0113c spr\u0101dziena m\u0101jai noteikts av\u0101rijas st\u0101voklis, un t\u0101s ekspluat\u0101cija aizliegta. Pa\u0161vald\u012bbas Pils\u0113tas att\u012bst\u012bbas departaments \u0113kas \u012bpa\u0161niekiem uzdevis nekav\u0113joties pieaicin\u0101t sertific\u0113tu b\u016bvspeci\u0101listu un veikt \u0113kas tehnisko apseko\u0161anu. Tas nepiecie\u0161ams, lai noteiktu boj\u0101jumu apm\u0113ru, k\u0101 ar\u012b nosac\u012bjumus \u0113kas da\u013c\u0113jas ekspluat\u0101cijas pie\u013caujam\u012bbai un iesp\u0113jamos atjauno\u0161anas scen\u0101rijus.<\/p>\n","protected":false},"excerpt":{"rendered":"K\u0101 zi\u0146ots, g\u0101zes spr\u0101dzien\u0101 Tor\u0146akaln\u0101, daudzdz\u012bvok\u013cu nam\u0101 Bauskas iel\u0101, g\u0101ja boj\u0101 divi cilv\u0113ki &#8211; persona, kas k\u0101d\u0101 dz\u012bvokl\u012b&hellip;\n","protected":false},"author":2,"featured_media":94848,"comment_status":"","ping_status":"","sticky":false,"template":"","format":"standard","meta":{"footnotes":""},"categories":[5],"tags":[23,28,29,32,33,23521,22,30,31,35,39,38,36,37,34,40,20,26,27,5981,24,25,2187,21],"class_list":{"0":"post-94847","1":"post","2":"type-post","3":"status-publish","4":"format-standard","5":"has-post-thumbnail","7":"category-aktualitates","8":"tag-aktualitates","9":"tag-breaking-news","10":"tag-breakingnews","11":"tag-featured-news","12":"tag-featurednews","13":"tag-gazes-spradziens-tornakalna","14":"tag-headlines","15":"tag-latest-news","16":"tag-latestnews","17":"tag-latvia","18":"tag-latvian","19":"tag-latviesu","20":"tag-latviesu-valoda","21":"tag-latviesuvaloda","22":"tag-latvija","23":"tag-lv","24":"tag-news","25":"tag-popularakas-zinas","26":"tag-popularakaszinas","27":"tag-spradziens","28":"tag-top-stories","29":"tag-topstories","30":"tag-viesturs-kleinbergs","31":"tag-zinas"},"share_on_mastodon":{"url":"https:\/\/pubeurope.com\/@lv\/115841484890788670","error":""},"_links":{"self":[{"href":"https:\/\/www.europesays.com\/lv\/wp-json\/wp\/v2\/posts\/94847","targetHints":{"allow":["GET"]}}],"collection":[{"href":"https:\/\/www.europesays.com\/lv\/wp-json\/wp\/v2\/posts"}],"about":[{"href":"https:\/\/www.europesays.com\/lv\/wp-json\/wp\/v2\/types\/post"}],"author":[{"embeddable":true,"href":"https:\/\/www.europesays.com\/lv\/wp-json\/wp\/v2\/users\/2"}],"replies":[{"embeddable":true,"href":"https:\/\/www.europesays.com\/lv\/wp-json\/wp\/v2\/comments?post=94847"}],"version-history":[{"count":0,"href":"https:\/\/www.europesays.com\/lv\/wp-json\/wp\/v2\/posts\/94847\/revisions"}],"wp:featuredmedia":[{"embeddable":true,"href":"https:\/\/www.europesays.com\/lv\/wp-json\/wp\/v2\/media\/94848"}],"wp:attachment":[{"href":"https:\/\/www.europesays.com\/lv\/wp-json\/wp\/v2\/media?parent=94847"}],"wp:term":[{"taxonomy":"category","embeddable":true,"href":"https:\/\/www.europesays.com\/lv\/wp-json\/wp\/v2\/categories?post=94847"},{"taxonomy":"post_tag","embeddable":true,"href":"https:\/\/www.europesays.com\/lv\/wp-json\/wp\/v2\/tags?post=94847"}],"curies":[{"name":"wp","href":"https:\/\/api.w.org\/{rel}","templated":true}]}}