{"id":94853,"date":"2026-01-05T08:15:06","date_gmt":"2026-01-05T08:15:06","guid":{"rendered":"https:\/\/www.europesays.com\/lv\/94853\/"},"modified":"2026-01-05T08:15:06","modified_gmt":"2026-01-05T08:15:06","slug":"vacija-varejusi-noklausities-asv-eksprezidenta-obamas-telefonsarunas-air-force-one-lidmasina-raksts-2","status":"publish","type":"post","link":"https:\/\/www.europesays.com\/lv\/94853\/","title":{"rendered":"V\u0101cija var\u0113jusi noklaus\u012bties ASV eksprezidenta Obamas telefonsarunas \u00abAir Force One\u00bb lidma\u0161\u012bn\u0101 \/ Raksts"},"content":{"rendered":"<p>V\u0101cijas Feder\u0101lais izl\u016bko\u0161anas dienests gadiem var\u0113jis noklaus\u012bties Baraka Obamas telefonsarunas, kad vi\u0146\u0161 bija ASV\u00a0prezidents, v\u0113sta izdevums &#8220;Die Zeit&#8221;.<\/p>\n<p>Runa ir par telefonsarun\u0101m, kuras Obama veica no ASV prezidenta ofici\u0101l\u0101s lidma\u0161\u012bnas jeb &#8220;Air Force One&#8221;. Tas bija iesp\u0113jams, jo sakaru \u0161ifr\u0113\u0161ana prezidenta lidma\u0161\u012bn\u0101 nebija pietiekami aizsarg\u0101ta.\u00a0<\/p>\n<blockquote>\n<p>Telefonsarun\u0101m izmantoja aptuveni desmit frekvences, kas bija zin\u0101mas V\u0101cijas izl\u016bkdienestam, t\u0101p\u0113c tas var\u0113ja regul\u0101ri noklaus\u012bties Obamas sarunas.\u00a0<\/p>\n<\/blockquote>\n<p>Liel\u0101k\u0101 da\u013ca no t\u0101m bija ASV prezidenta sarunas ar citu valstu l\u012bderiem un vi\u0146a administr\u0101cijas locek\u013ciem.<\/p>\n<p>&#8220;Die Zeit&#8221; r\u012bc\u012bb\u0101 nav inform\u0101cijas par to, kad V\u0101cijas izl\u016bkdienests ieguva piek\u013cuvi &#8220;Air Force One&#8221; sazi\u0146as kan\u0101liem, bet ir iesp\u0113jams, ka tas notika jau Obamas priek\u0161te\u010da D\u017eord\u017ea Bu\u0161a jaun\u0101k\u0101 prezident\u016bras laik\u0101.<\/p>\n<p>Noklaus\u012b\u0161anos p\u0101rtrauca 2014. gad\u0101, kad k\u013cuva zin\u0101ms, ka V\u0101cijas izl\u016bkdienests var\u0113tu b\u016bt noklaus\u012bjies ASV valsts sekret\u0101res Hilarijas Klintones telefonsarunas, un toreiz\u0113j\u0101s V\u0101cijas kancleres Angelas Merkeles administr\u0101cija deva r\u012bkojumu p\u0101rtraukt \u0161\u0101das darb\u012bbas.<\/p>\n<p>                    Valodas k\u013c\u016bda rakst\u0101?<\/p>\n<p class=\"d-none d-md-block\">Iez\u012bm\u0113jiet tekstu un spiediet Ctrl+Enter, lai nos\u016bt\u012btu labojamo teksta fragmentu redaktoram! Par faktu k\u013c\u016bd\u0101m l\u016bdzam zi\u0146ot e-past\u0101 <a href=\"https:\/\/www.lsm.lv\/cdn-cgi\/l\/email-protection\" class=\"__cf_email__\" data-cfemail=\"f6849392979d959f9c97b69a859bd89a80\" rel=\"nofollow noopener\" target=\"_blank\">[email\u00a0protected]<\/a>.<\/p>\n<p class=\"d-md-none\">Iez\u012bm\u0113jiet tekstu un spiediet uz Zi\u0146ot par k\u013c\u016bdu pogas, lai nos\u016bt\u012btu labojamo teksta fragmentu redaktoram!<\/p>\n<p>\n                    Zi\u0146ot par k\u013c\u016bdu\n                <\/p>\n","protected":false},"excerpt":{"rendered":"V\u0101cijas Feder\u0101lais izl\u016bko\u0161anas dienests gadiem var\u0113jis noklaus\u012bties Baraka Obamas telefonsarunas, kad vi\u0146\u0161 bija ASV\u00a0prezidents, v\u0113sta izdevums &#8220;Die Zeit&#8221;.&hellip;\n","protected":false},"author":2,"featured_media":94844,"comment_status":"","ping_status":"","sticky":false,"template":"","format":"standard","meta":{"footnotes":""},"categories":[14],"tags":[23,57,28,29,32,33,22,30,31,35,39,38,36,37,34,40,20,26,27,24,25,54,55,56,21,58],"class_list":{"0":"post-94853","1":"post","2":"type-post","3":"status-publish","4":"format-standard","5":"has-post-thumbnail","7":"category-zinas-no-arvalstim","8":"tag-aktualitates","9":"tag-arvalstim","10":"tag-breaking-news","11":"tag-breakingnews","12":"tag-featured-news","13":"tag-featurednews","14":"tag-headlines","15":"tag-latest-news","16":"tag-latestnews","17":"tag-latvia","18":"tag-latvian","19":"tag-latviesu","20":"tag-latviesu-valoda","21":"tag-latviesuvaloda","22":"tag-latvija","23":"tag-lv","24":"tag-news","25":"tag-popularakas-zinas","26":"tag-popularakaszinas","27":"tag-top-stories","28":"tag-topstories","29":"tag-world","30":"tag-world-news","31":"tag-worldnews","32":"tag-zinas","33":"tag-zinas-no-arvalstim"},"share_on_mastodon":{"url":"https:\/\/pubeurope.com\/@lv\/115841500712490264","error":""},"_links":{"self":[{"href":"https:\/\/www.europesays.com\/lv\/wp-json\/wp\/v2\/posts\/94853","targetHints":{"allow":["GET"]}}],"collection":[{"href":"https:\/\/www.europesays.com\/lv\/wp-json\/wp\/v2\/posts"}],"about":[{"href":"https:\/\/www.europesays.com\/lv\/wp-json\/wp\/v2\/types\/post"}],"author":[{"embeddable":true,"href":"https:\/\/www.europesays.com\/lv\/wp-json\/wp\/v2\/users\/2"}],"replies":[{"embeddable":true,"href":"https:\/\/www.europesays.com\/lv\/wp-json\/wp\/v2\/comments?post=94853"}],"version-history":[{"count":0,"href":"https:\/\/www.europesays.com\/lv\/wp-json\/wp\/v2\/posts\/94853\/revisions"}],"wp:featuredmedia":[{"embeddable":true,"href":"https:\/\/www.europesays.com\/lv\/wp-json\/wp\/v2\/media\/94844"}],"wp:attachment":[{"href":"https:\/\/www.europesays.com\/lv\/wp-json\/wp\/v2\/media?parent=94853"}],"wp:term":[{"taxonomy":"category","embeddable":true,"href":"https:\/\/www.europesays.com\/lv\/wp-json\/wp\/v2\/categories?post=94853"},{"taxonomy":"post_tag","embeddable":true,"href":"https:\/\/www.europesays.com\/lv\/wp-json\/wp\/v2\/tags?post=94853"}],"curies":[{"name":"wp","href":"https:\/\/api.w.org\/{rel}","templated":true}]}}