{"id":94854,"date":"2026-01-05T08:16:17","date_gmt":"2026-01-05T08:16:17","guid":{"rendered":"https:\/\/www.europesays.com\/lv\/94854\/"},"modified":"2026-01-05T08:16:17","modified_gmt":"2026-01-05T08:16:17","slug":"liepaja-un-jelgava-sagaiditi-si-gada-pirmie-bernini-1188-lv-2","status":"publish","type":"post","link":"https:\/\/www.europesays.com\/lv\/94854\/","title":{"rendered":"Liep\u0101j\u0101 un Jelgav\u0101 sagaid\u012bti \u0161\u012b gada pirmie b\u0113rni\u0146i &#8211; 1188.lv"},"content":{"rendered":"<ol>\n<li><a href=\"https:\/\/news.google.com\/rss\/articles\/CBMijgFBVV95cUxNTlRYZzhQTUg3RTEzYzZ1cGpWWUlSdlJsc2FaME84VHRkcE5GTW82OXQ4NFRBYWhBcm4tbVlpdkxxa2hpUjl4QkQxU1BTQmtSMXgwamQtT2kzZUVGQVZyWS1Wd1p5V0RpQ2R2anVuVVlNLW5MUnpEN0tZeTgxakV4OVNhOGRNbGY1UEY1VnN3?oc=5\" target=\"_blank\" rel=\"nofollow noopener\">Liep\u0101j\u0101 un Jelgav\u0101 sagaid\u012bti \u0161\u012b gada pirmie b\u0113rni\u0146i<\/a>&nbsp;&nbsp;1188.lv<\/li>\n<li><a href=\"https:\/\/news.google.com\/rss\/articles\/CBMinwFBVV95cUxQYUYzRmZyNHlhRFVqQWsyb2ZjWDRONVFoMkd1dlhxTWNZakNQYlc4WG1hakJ2WHhnTnpYem9YM1M2TGhvOGtVYmg3NU5EQ3BoZUV4UnA4Z1J4NHdVNHkxOWVhQjJaT1NXVDBZbGZCaFdxLVdick00NUhFU0xvcXJzRWlreHR0a0hGNExBT0JlNEJFMHVuMjlON09NeERSTDg?oc=5\" target=\"_blank\" rel=\"nofollow noopener\">\u0160\u012b gada pirmie b\u0113rni pasaul\u0113 n\u0101ku\u0161i Liep\u0101j\u0101 un Jelgav\u0101<\/a>&nbsp;&nbsp;Delfi<\/li>\n<li><a href=\"https:\/\/news.google.com\/rss\/articles\/CBMiuAFBVV95cUxPQVJMWUlLVExsQTdQU2lGd1JNcUJqVUJwR3RUb0w5Skk2NElWajdxenBEZDA1cXRwRnBmZ1ViNnVnajJ6R0tnV2VDNzVCU19iOWRYSzJqek5YUk51MmVrUGdxaENYUS13Wk52QkprVGZERmhsbm5XQ2I2YlJiSnRRckhlRmZmVURabjJsend6WndtZW9fSDRrS2ZMYTdkVVR5dFJHb2M1aGFOdFBGVmYwbnZnZTNRSEZ6?oc=5\" target=\"_blank\" rel=\"nofollow noopener\">1. janv\u0101r\u012b Liep\u0101jas Re\u0123ion\u0101l\u0101s slimn\u012bcas Dzemd\u012bbu noda\u013c\u0101 pasaul\u0113 n\u0101ku\u0161i divi mazu\u013ci<\/a>&nbsp;&nbsp;tv3.lv<\/li>\n<li><a href=\"https:\/\/news.google.com\/rss\/articles\/CBMikgFBVV95cUxQaVBOR2p2anBLc1g5NnJKOGpqV0lzZkNyV0pqOXlsdmF6MHU0aFBQbTE2emp2eFZKQloxQl9jVEdYUFFsMDZnalNob25DNllOZEdvN19LY0h6SF9KcFZZQ2JtTGFwRXctay1zbXVJakwzcGVqSHpBZTdWTUVHbkxyRFp2RHFyU2ZlcnR4eXhWV01xUQ?oc=5\" target=\"_blank\" rel=\"nofollow noopener\">Jelgavas slimn\u012bc\u0101 2026. gad\u0101 pirmais piedzimis puika<\/a>&nbsp;&nbsp;Jauns.lv<\/li>\n<li><a href=\"https:\/\/news.google.com\/rss\/articles\/CBMiywFBVV95cUxNYkRTa19YM0duOE5GRk1KckZjZHM3a0g5V1BLd2k4TTNLMk9wY3ZYeGpoM214M1lSUVZPQnd0aV9mSVVKQThlMzhJZzdsM2RhZDNDYk5nNVlhaU9ZZFlQSEtNb0Rhd0F1TzRuMDY1dHlYSUx4SzdVenBIRlpYckhPbjB3SG81RjZUOFRseU02TjByeFFTMTJnYXJ1N0MwV3dmcXVhYzNPbGVyTWdNc25iMXBsNzB6ajRCOFoyb09KVmFaYmlhcm8ycUtCZw?oc=5\" target=\"_blank\" rel=\"nofollow noopener\">1. janv\u0101r\u012b Liep\u0101j\u0101 pasaul\u0113 n\u0101ku\u0161i divi mazu\u013ci \u2013 puis\u012btis un meiten\u012bte<\/a>&nbsp;&nbsp;liepajniekiem.lv<\/li>\n<\/ol>\n","protected":false},"excerpt":{"rendered":"Liep\u0101j\u0101 un Jelgav\u0101 sagaid\u012bti \u0161\u012b gada pirmie b\u0113rni\u0146i&nbsp;&nbsp;1188.lv \u0160\u012b gada pirmie b\u0113rni pasaul\u0113 n\u0101ku\u0161i Liep\u0101j\u0101 un Jelgav\u0101&nbsp;&nbsp;Delfi 1.&hellip;\n","protected":false},"author":2,"featured_media":94411,"comment_status":"","ping_status":"","sticky":false,"template":"","format":"standard","meta":{"footnotes":""},"categories":[12],"tags":[129,2031,23,28,29,32,33,22,30,31,35,39,38,36,37,34,40,20,26,27,2032,2033,24,25,21],"class_list":{"0":"post-94854","1":"post","2":"type-post","3":"status-publish","4":"format-standard","5":"has-post-thumbnail","7":"category-latvija","8":"tag-__typenameadvicekeyword","9":"tag-id1052","10":"tag-aktualitates","11":"tag-breaking-news","12":"tag-breakingnews","13":"tag-featured-news","14":"tag-featurednews","15":"tag-headlines","16":"tag-latest-news","17":"tag-latestnews","18":"tag-latvia","19":"tag-latvian","20":"tag-latviesu","21":"tag-latviesu-valoda","22":"tag-latviesuvaloda","23":"tag-latvija","24":"tag-lv","25":"tag-news","26":"tag-popularakas-zinas","27":"tag-popularakaszinas","28":"tag-slugberni","29":"tag-titleberni","30":"tag-top-stories","31":"tag-topstories","32":"tag-zinas"},"share_on_mastodon":{"url":"https:\/\/pubeurope.com\/@lv\/115841504633246432","error":""},"_links":{"self":[{"href":"https:\/\/www.europesays.com\/lv\/wp-json\/wp\/v2\/posts\/94854","targetHints":{"allow":["GET"]}}],"collection":[{"href":"https:\/\/www.europesays.com\/lv\/wp-json\/wp\/v2\/posts"}],"about":[{"href":"https:\/\/www.europesays.com\/lv\/wp-json\/wp\/v2\/types\/post"}],"author":[{"embeddable":true,"href":"https:\/\/www.europesays.com\/lv\/wp-json\/wp\/v2\/users\/2"}],"replies":[{"embeddable":true,"href":"https:\/\/www.europesays.com\/lv\/wp-json\/wp\/v2\/comments?post=94854"}],"version-history":[{"count":0,"href":"https:\/\/www.europesays.com\/lv\/wp-json\/wp\/v2\/posts\/94854\/revisions"}],"wp:featuredmedia":[{"embeddable":true,"href":"https:\/\/www.europesays.com\/lv\/wp-json\/wp\/v2\/media\/94411"}],"wp:attachment":[{"href":"https:\/\/www.europesays.com\/lv\/wp-json\/wp\/v2\/media?parent=94854"}],"wp:term":[{"taxonomy":"category","embeddable":true,"href":"https:\/\/www.europesays.com\/lv\/wp-json\/wp\/v2\/categories?post=94854"},{"taxonomy":"post_tag","embeddable":true,"href":"https:\/\/www.europesays.com\/lv\/wp-json\/wp\/v2\/tags?post=94854"}],"curies":[{"name":"wp","href":"https:\/\/api.w.org\/{rel}","templated":true}]}}