{"id":94857,"date":"2026-01-05T08:21:10","date_gmt":"2026-01-05T08:21:10","guid":{"rendered":"https:\/\/www.europesays.com\/lv\/94857\/"},"modified":"2026-01-05T08:21:10","modified_gmt":"2026-01-05T08:21:10","slug":"auli-kopa-ar-ganiesu-dziedataju-abianu-laidusi-klaja-muzikas-video","status":"publish","type":"post","link":"https:\/\/www.europesays.com\/lv\/94857\/","title":{"rendered":"&#8220;Au\u013ci&#8221; kop\u0101 ar ganie\u0161u dzied\u0101t\u0101ju Abianu laidu\u0161i klaj\u0101 m\u016bzikas video"},"content":{"rendered":"<p><img decoding=\"async\" class=\"figure__image\" onclick=\"triggerEvent('articleImageClick', { id: 17372423, focus: 'single-image', focusIndex: '17372423' })\" onkeydown=\"if (event.key === 'Enter') {&#10;        triggerEvent('articleImageClick', { id: 17372423, focus: 'single-image', focusIndex: '17372423' })&#10;        }\" role=\"button\" tabindex=\"0\" data-focus-from=\"single-image\" data-focus-index=\"17372423\" src=\"https:\/\/www.europesays.com\/lv\/wp-content\/uploads\/2026\/01\/17372423t1h99f8.jpg\"  onload=\"this.parentElement.classList.remove('figure__image-loading')\" alt=\"Epizode no m\u016bzikas video uz\u0146em\u0161anas.\"\/>Epizode no m\u016bzikas video uz\u0146em\u0161anas. Foto: Jekabs Vilkarsis<\/p>\n<p>\u201cApmekl\u0113jot pasaules m\u016bzikas forumu \u201cWOMEX\u201d 2024. gad\u0101 Anglijas pils\u0113t\u0101 Man\u010destr\u0101, iepazinos ar Ganas vado\u0161\u0101s m\u016bzikas distrib\u016bcijas platformas Apprise Music vad\u012bt\u0101ju Maiklu Bamfo,\u201d st\u0101sta Kaspars B\u0101rbals. \u201cVi\u0146\u0161 past\u0101st\u012bja par lielisko \u0161\u012bs valsts dzied\u0101t\u0101ju Abianu, kura ne tikai p\u0101rzina Ganas tradicion\u0101lo m\u016bziku, bet ar\u012b dzied tr\u012bs da\u017e\u0101dos dialektos. Rezult\u0101t\u0101 m\u016bs aizr\u0101va iesp\u0113ja izp\u0113t\u012bt, k\u0101 tad turienes <a href=\"https:\/\/sejas.tvnet.lv\/term\/557039\/tautas-muzika\" class=\"topicLink\" target=\"_blank\" rel=\"nofollow noopener\">tautas m\u016bzika<\/a> var\u0113tu sav\u012bties ar latvie\u0161u muzik\u0101laj\u0101 mantojum\u0101 balst\u012bto \u201cAu\u013cu\u201d jaunradi.\u201d<\/p>\n<p><img decoding=\"async\" class=\"figure__image\" onclick=\"triggerEvent('articleImageClick', { id: 17372422, focus: 'single-image', focusIndex: '17372422' })\" onkeydown=\"if (event.key === 'Enter') {&#10;        triggerEvent('articleImageClick', { id: 17372422, focus: 'single-image', focusIndex: '17372422' })&#10;        }\" role=\"button\" tabindex=\"0\" data-focus-from=\"single-image\" data-focus-index=\"17372422\" src=\"https:\/\/www.europesays.com\/lv\/wp-content\/uploads\/2026\/01\/17372422t1ha7fa.jpg\"  onload=\"this.parentElement.classList.remove('figure__image-loading')\" alt=\"Ganie\u0161u dzied\u0101t\u0101ja Abiana.\"\/>Ganie\u0161u dzied\u0101t\u0101ja Abiana. Foto: Jekabs Vilkarsis<\/p>\n<p>Abiana jeb Elda N\u0101 Abiana Diksone ir popul\u0101ra Ganas dzied\u0101t\u0101ja un dziesmu autore, kura sa\u0146\u0113musi ar\u012b \u0161\u012bs muzik\u0101li pies\u0101tin\u0101t\u0101s valsts lab\u0101k\u0101s vok\u0101listes balvu un p\u0101rst\u0101v soul-life, hi-life un neo soul stilistiku. Darbs pie ganie\u0161u dziesmu minialbuma notika att\u0101lin\u0101ti, ta\u010du video tap\u0161ana jau bija kop\u012bgs muzik\u0101lais piedz\u012bvojums Rietum\u0101frik\u0101.<\/p>\n<p>\u201cBija lieliski satikt Abianu kl\u0101tien\u0113 film\u0113\u0161anas laik\u0101, ta\u010du v\u0113l vair\u0101k izbaud\u012bju darbu ierakstu studij\u0101,\u201d piebilst \u201cAu\u013cu\u201d dal\u012bbnieks M\u0101rti\u0146\u0161 Mi\u013cevskis. \u201cVienu dienu velt\u012bj\u0101m ar\u012b tr\u012bs latvie\u0161u tautasdziesmu ierakstam, kur\u0101s piedal\u012bj\u0101s ar\u012b Abiana un kas b\u016bs dzirdamas \u201cSen\u010du balsu\u201d otraj\u0101 album\u0101.\u201d \u0100frikas viz\u012btes nosl\u0113gum\u0101 \u201cAu\u013ci\u201d kop\u0101 ar Abianu uzst\u0101j\u0101s ar\u012b \u201cRocAfrik\u201d m\u016bzikas un m\u0101kslas festiv\u0101l\u0101 Ganas galvaspils\u0113t\u0101 Akr\u0101.<\/p>\n<p><img decoding=\"async\" class=\"figure__image\" onclick=\"triggerEvent('articleImageClick', { id: 17372426, focus: 'single-image', focusIndex: '17372426' })\" onkeydown=\"if (event.key === 'Enter') {&#10;        triggerEvent('articleImageClick', { id: 17372426, focus: 'single-image', focusIndex: '17372426' })&#10;        }\" role=\"button\" tabindex=\"0\" data-focus-from=\"single-image\" data-focus-index=\"17372426\" src=\"https:\/\/www.europesays.com\/lv\/wp-content\/uploads\/2026\/01\/17372426t1h52c6.jpg\"  onload=\"this.parentElement.classList.remove('figure__image-loading')\" alt=\"&quot;Au\u013cu&quot; un Abianas kop\u012bg\u0101 uzst\u0101\u0161an\u0101s festiv\u0101l\u0101 &quot;RocAfrik&quot;.\"\/>&#8220;Au\u013cu&#8221; un Abianas kop\u012bg\u0101 uzst\u0101\u0161an\u0101s festiv\u0101l\u0101 &#8220;RocAfrik&#8221;. Foto: Publicit\u0101tes foto<\/p>\n<p>Kop\u0101 ar Abianu tapu\u0161ais minialbums Voices of Ghana noklaus\u0101ms liel\u0101kaj\u0101s m\u016bzikas straum\u0113\u0161anas platform\u0101s, bet ganie\u0161u tautasdziesmas \u201cSenwa De Dende\u201d, kur\u0101 m\u0101te sauc m\u0101j\u0101s b\u0113rnu uz malt\u012bti, jaunajam aran\u017e\u0113jumam tapu\u0161ais videoklips noskat\u0101ms YouTube.<\/p>\n","protected":false},"excerpt":{"rendered":"Epizode no m\u016bzikas video uz\u0146em\u0161anas. Foto: Jekabs Vilkarsis \u201cApmekl\u0113jot pasaules m\u016bzikas forumu \u201cWOMEX\u201d 2024. gad\u0101 Anglijas pils\u0113t\u0101 Man\u010destr\u0101,&hellip;\n","protected":false},"author":2,"featured_media":94858,"comment_status":"","ping_status":"","sticky":false,"template":"","format":"standard","meta":{"footnotes":""},"categories":[14],"tags":[23,57,11397,28,29,32,33,7284,22,30,31,35,39,38,36,37,34,40,20,26,27,11398,24,25,8926,54,55,56,21,58],"class_list":{"0":"post-94857","1":"post","2":"type-post","3":"status-publish","4":"format-standard","5":"has-post-thumbnail","7":"category-zinas-no-arvalstim","8":"tag-aktualitates","9":"tag-arvalstim","10":"tag-auli","11":"tag-breaking-news","12":"tag-breakingnews","13":"tag-featured-news","14":"tag-featurednews","15":"tag-gana","16":"tag-headlines","17":"tag-latest-news","18":"tag-latestnews","19":"tag-latvia","20":"tag-latvian","21":"tag-latviesu","22":"tag-latviesu-valoda","23":"tag-latviesuvaloda","24":"tag-latvija","25":"tag-lv","26":"tag-news","27":"tag-popularakas-zinas","28":"tag-popularakaszinas","29":"tag-tautas-muzika","30":"tag-top-stories","31":"tag-topstories","32":"tag-womex","33":"tag-world","34":"tag-world-news","35":"tag-worldnews","36":"tag-zinas","37":"tag-zinas-no-arvalstim"},"share_on_mastodon":{"url":"https:\/\/pubeurope.com\/@lv\/115841524352296613","error":""},"_links":{"self":[{"href":"https:\/\/www.europesays.com\/lv\/wp-json\/wp\/v2\/posts\/94857","targetHints":{"allow":["GET"]}}],"collection":[{"href":"https:\/\/www.europesays.com\/lv\/wp-json\/wp\/v2\/posts"}],"about":[{"href":"https:\/\/www.europesays.com\/lv\/wp-json\/wp\/v2\/types\/post"}],"author":[{"embeddable":true,"href":"https:\/\/www.europesays.com\/lv\/wp-json\/wp\/v2\/users\/2"}],"replies":[{"embeddable":true,"href":"https:\/\/www.europesays.com\/lv\/wp-json\/wp\/v2\/comments?post=94857"}],"version-history":[{"count":0,"href":"https:\/\/www.europesays.com\/lv\/wp-json\/wp\/v2\/posts\/94857\/revisions"}],"wp:featuredmedia":[{"embeddable":true,"href":"https:\/\/www.europesays.com\/lv\/wp-json\/wp\/v2\/media\/94858"}],"wp:attachment":[{"href":"https:\/\/www.europesays.com\/lv\/wp-json\/wp\/v2\/media?parent=94857"}],"wp:term":[{"taxonomy":"category","embeddable":true,"href":"https:\/\/www.europesays.com\/lv\/wp-json\/wp\/v2\/categories?post=94857"},{"taxonomy":"post_tag","embeddable":true,"href":"https:\/\/www.europesays.com\/lv\/wp-json\/wp\/v2\/tags?post=94857"}],"curies":[{"name":"wp","href":"https:\/\/api.w.org\/{rel}","templated":true}]}}