{"id":94883,"date":"2026-01-05T08:46:06","date_gmt":"2026-01-05T08:46:06","guid":{"rendered":"https:\/\/www.europesays.com\/lv\/94883\/"},"modified":"2026-01-05T08:46:06","modified_gmt":"2026-01-05T08:46:06","slug":"pavests-aicina-lugties-par-venecuelu-un-visiem-kas-cies-no-kariem","status":"publish","type":"post","link":"https:\/\/www.europesays.com\/lv\/94883\/","title":{"rendered":"P\u0101vests aicina l\u016bgties par Venecu\u0113lu un visiem, kas cie\u0161 no kariem"},"content":{"rendered":"<p>4. janv\u0101r\u012b, uzrun\u0101 p\u0113c l\u016bg\u0161anas \u201cKunga e\u0146\u0123elis\u201d, p\u0101vests izteica l\u012bdzj\u016bt\u012bbu Jaungada nakt\u012b \u0160veic\u0113 notiku\u0161\u0101 tra\u0123isk\u0101 ugunsgr\u0113ka upuriem, piev\u0113rs\u0101s situ\u0101cijai Venecu\u0113l\u0101 un aicin\u0101ja tic\u012bgos l\u016bgties par visiem cilv\u0113kiem pasaul\u0113, kuri cie\u0161 no kariem. <\/p>\n<p>J\u0101nis Evertovskis \u2013 Vatik\u0101ns<\/p>\n<p>\u201cEs v\u0113los atk\u0101rtoti izteikt savu l\u012bdzj\u016bt\u012bbu visiem, kas s\u0113ro saist\u012bb\u0101 ar Kransmontan\u0101, \u0160veic\u0113, notiku\u0161o tra\u0123\u0113diju,\u201d sac\u012bja Leons XIV. \u201cEs apliecinu, ka l\u016bdzos par boj\u0101g\u0101ju\u0161ajiem jaunie\u0161iem, par ievainotajiem un par vi\u0146u \u0123imen\u0113m.\u201d<\/p>\n<p>P\u0113c tam p\u0101vests piev\u0113rs\u0101s situ\u0101cijai Venecu\u0113l\u0101 sakot:<\/p>\n<p>\u201cEs ar liel\u0101m ba\u017e\u0101m sekoju l\u012bdzi situ\u0101cijas att\u012bst\u012bbai Venecu\u0113l\u0101. M\u012b\u013c\u0101 Venecu\u0113las tauta ir svar\u012bg\u0101ka par jebkuru citu apsv\u0113rumu, un tam ir j\u0101rosina p\u0101rvar\u0113t vardarb\u012bbu un uzs\u0101kt ce\u013cu uz taisn\u012bgumu un mieru, garant\u0113jot valsts suverenit\u0101ti, nodro\u0161inot konstit\u016bcij\u0101 noteikto tiesiskumu, iev\u0113rojot ikviena cilv\u0113ka cilv\u0113kties\u012bbas un pilso\u0146ties\u012bbas un str\u0101d\u0101jot, lai kop\u012bgi veidotu mier\u012bgu n\u0101kotni, kas balst\u012btos uz sadarb\u012bbu, stabilit\u0101ti un saska\u0146u, piev\u0113r\u0161ot \u012bpa\u0161u uzman\u012bbu nabadz\u012bgajiem, kuri cie\u0161 no smag\u0101s ekonomisk\u0101s situ\u0101cijas.\u201d<\/p>\n<p>Sv\u0113tais t\u0113vs aicin\u0101ja visus tic\u012bgos l\u016bgties, uzticot savas l\u016bg\u0161anas Koromoto Dievm\u0101tes un sv\u0113to Hos\u0113 Gregorio Ernandesa un m\u0101sas Karmenas Rendiles aizbildniec\u012bbai.<\/p>\n<p>Turpin\u0101jum\u0101 Romas b\u012bskaps apsveica visus romie\u0161us un da\u017e\u0101du valstu sv\u0113tce\u013cniekus, kuri ierad\u0101s Sv\u0113t\u0101 P\u0113tera laukum\u0101, lai kop\u0101 ar vi\u0146u l\u016bgtos mari\u0101nisko l\u016bg\u0161anu \u201cKunga e\u0146\u0123elis\u201d. Vi\u0146\u0161 \u012bpa\u0161i piemin\u0113ja tic\u012bgos no Slov\u0101kijas un Horv\u0101tijas, Gozo katedr\u0101les ministrantus no Maltas un Fre\u017eus-Tulonas diec\u0113zes semin\u0101ra kopienu no Francijas.<\/p>\n<p>\u201cM\u012b\u013cie, turpin\u0101sim tic\u0113t miera Dievam,\u201d mudin\u0101ja p\u0101vests. \u201cL\u016bgsimies un solidariz\u0113simies ar taut\u0101m, kas cie\u0161 no kariem. V\u0113lu visiem jauku sv\u0113tdienu!\u201d<\/p>\n","protected":false},"excerpt":{"rendered":"4. janv\u0101r\u012b, uzrun\u0101 p\u0113c l\u016bg\u0161anas \u201cKunga e\u0146\u0123elis\u201d, p\u0101vests izteica l\u012bdzj\u016bt\u012bbu Jaungada nakt\u012b \u0160veic\u0113 notiku\u0161\u0101 tra\u0123isk\u0101 ugunsgr\u0113ka upuriem, piev\u0113rs\u0101s&hellip;\n","protected":false},"author":2,"featured_media":94884,"comment_status":"","ping_status":"","sticky":false,"template":"","format":"standard","meta":{"footnotes":""},"categories":[14],"tags":[23,57,28,29,32,33,22,30,31,35,39,38,36,37,34,40,20,26,27,24,25,54,55,56,21,58],"class_list":{"0":"post-94883","1":"post","2":"type-post","3":"status-publish","4":"format-standard","5":"has-post-thumbnail","7":"category-zinas-no-arvalstim","8":"tag-aktualitates","9":"tag-arvalstim","10":"tag-breaking-news","11":"tag-breakingnews","12":"tag-featured-news","13":"tag-featurednews","14":"tag-headlines","15":"tag-latest-news","16":"tag-latestnews","17":"tag-latvia","18":"tag-latvian","19":"tag-latviesu","20":"tag-latviesu-valoda","21":"tag-latviesuvaloda","22":"tag-latvija","23":"tag-lv","24":"tag-news","25":"tag-popularakas-zinas","26":"tag-popularakaszinas","27":"tag-top-stories","28":"tag-topstories","29":"tag-world","30":"tag-world-news","31":"tag-worldnews","32":"tag-zinas","33":"tag-zinas-no-arvalstim"},"share_on_mastodon":{"url":"https:\/\/pubeurope.com\/@lv\/115841622569775564","error":""},"_links":{"self":[{"href":"https:\/\/www.europesays.com\/lv\/wp-json\/wp\/v2\/posts\/94883","targetHints":{"allow":["GET"]}}],"collection":[{"href":"https:\/\/www.europesays.com\/lv\/wp-json\/wp\/v2\/posts"}],"about":[{"href":"https:\/\/www.europesays.com\/lv\/wp-json\/wp\/v2\/types\/post"}],"author":[{"embeddable":true,"href":"https:\/\/www.europesays.com\/lv\/wp-json\/wp\/v2\/users\/2"}],"replies":[{"embeddable":true,"href":"https:\/\/www.europesays.com\/lv\/wp-json\/wp\/v2\/comments?post=94883"}],"version-history":[{"count":0,"href":"https:\/\/www.europesays.com\/lv\/wp-json\/wp\/v2\/posts\/94883\/revisions"}],"wp:featuredmedia":[{"embeddable":true,"href":"https:\/\/www.europesays.com\/lv\/wp-json\/wp\/v2\/media\/94884"}],"wp:attachment":[{"href":"https:\/\/www.europesays.com\/lv\/wp-json\/wp\/v2\/media?parent=94883"}],"wp:term":[{"taxonomy":"category","embeddable":true,"href":"https:\/\/www.europesays.com\/lv\/wp-json\/wp\/v2\/categories?post=94883"},{"taxonomy":"post_tag","embeddable":true,"href":"https:\/\/www.europesays.com\/lv\/wp-json\/wp\/v2\/tags?post=94883"}],"curies":[{"name":"wp","href":"https:\/\/api.w.org\/{rel}","templated":true}]}}