{"id":94892,"date":"2026-01-05T08:52:09","date_gmt":"2026-01-05T08:52:09","guid":{"rendered":"https:\/\/www.europesays.com\/lv\/94892\/"},"modified":"2026-01-05T08:52:09","modified_gmt":"2026-01-05T08:52:09","slug":"ukraina-un-asv-generalstabu-limeni-saskanojusas-dokumentu-par-ukrainas-speku-atbalstu-raksts","status":"publish","type":"post","link":"https:\/\/www.europesays.com\/lv\/94892\/","title":{"rendered":"Ukraina un ASV \u0122ener\u0101l\u0161t\u0101bu l\u012bmen\u012b saska\u0146oju\u0161as dokumentu par Ukrainas sp\u0113ku atbalstu \/ Raksts"},"content":{"rendered":"<p>Ukraina un Amerikas Savienot\u0101s Valstis (ASV) ir saska\u0146oju\u0161as noz\u012bm\u012bgu milit\u0101ru dokumentu par Ukrainas Bru\u0146oto sp\u0113ku atbalstu p\u0113c Krievijas izv\u0113rst\u0101 kara beig\u0101m. Par to pazi\u0146oja Ukrainas Bru\u0146oto sp\u0113ku \u0122ener\u0101l\u0161t\u0101ba priek\u0161nieks Andrijs Hnatovs.<\/p>\n<p>Ukrainas Bru\u0146oto sp\u0113ku \u0122ener\u0101l\u0161t\u0101ba priek\u0161nieks Andrijs Hnatovs<\/p>\n<p>P\u0113c Hnatova teikt\u0101, dokuments, kur\u0101 iek\u013cautas vair\u0101kas sada\u013cas un pielikumi, izstr\u0101d\u0101ts divpus\u0113jas sadarb\u012bbas ietvaros Ukrainas un ASV \u0123ener\u0101l\u0161t\u0101bu l\u012bmen\u012b.<\/p>\n<p>&#8220;Visas \u0161\u012bs sada\u013cas skaidro, k\u0101 tiks atbalst\u012bta Ukraina un Ukrainas Bru\u0146otie sp\u0113ki \u2013\u00a0to nodro\u0161in\u0101\u0161ana, atjauno\u0161ana un moderniz\u0101cija. K\u0101 tiks veikts [iesp\u0113jam\u0101s miera] vieno\u0161an\u0101s izpildes uzraudz\u012bbas process. K\u0101 tas tiks \u012bstenots. K\u0101das b\u016bs reakcijas, ja tiks atkl\u0101ts, ka k\u0101da no pus\u0113m p\u0101rk\u0101pj vieno\u0161anos. Pa\u0161laik tie\u0161i t\u0101ds pats darbs tiek veikts ar\u012b ar cit\u0101m partnervalst\u012bm, un viena no dokumenta sada\u013c\u0101m attiecas uz &#8220;labas gribas koal\u012bciju&#8221;,&#8221; sac\u012bja Hnatovs.<\/p>\n<p>KONTEKSTS:<\/p>\n<p>Sarunas par iesp\u0113jamo miera pan\u0101k\u0161anu Ukrain\u0101 aktiviz\u0113j\u0101s p\u0113c ASV prezidenta Donalda Trampa st\u0101\u0161an\u0101s amat\u0101 \u0161\u012b gada janv\u0101r\u012b. Vi\u0146\u0161 vair\u0101kk\u0101rt<a data-id=\"587565\" data-type=\"article\" href=\"https:\/\/www.lsm.lv\/raksts\/zinas\/arzemes\/12.02.2025-tramps-runajis-ar-putinu-un-zelenski-aicinajis-nekavejoties-sakt-miera-sarunas.a587565\/\" class=\"lsm-link\" rel=\"nofollow noopener\" target=\"_blank\">\u00a0run\u0101jis<\/a>\u00a0un pat<a data-id=\"610627\" data-type=\"article\" href=\"https:\/\/www.lsm.lv\/raksts\/zinas\/arzemes\/16.08.2025-tramps-un-putins-pec-sarunam-alaska-apmainas-ar-laipnibam-bet-ukrainas-jautajuma-nav-progresa-pazimju.a610627\/\" class=\"lsm-link\" rel=\"nofollow noopener\" target=\"_blank\">\u00a0ticies<\/a>\u00a0ar Krievijas diktatoru Vladimiru Putinu.\u00a0<\/p>\n<p>2025. gada novembr\u012b ASV prezidents Donalds Tramps parakst\u012bja\u00a0<a data-id=\"623276\" data-type=\"article\" href=\"https:\/\/www.lsm.lv\/raksts\/zinas\/arzemes\/21.11.2025-trampa-miera-plans-paredz-ieguvumus-asv-un-krievijai-ukraina-zaudetu-teritorijas-un-iespeju-iestaties-nato.a623276\/\" class=\"lsm-link\" rel=\"nofollow noopener\" target=\"_blank\">28 punktu miera pl\u0101nu<\/a>, pie k\u0101 iepriek\u0161 str\u0101d\u0101ju\u0161as ASV un Krievijas deleg\u0101tu komandas un ekspertu v\u0113rt\u0113jum\u0101 bija \u013coti labv\u0113l\u012bgs tie\u0161i Kremlim.<\/p>\n<p>Ukrainas sabiedrotie Eirop\u0101 pauda neapmierin\u0101t\u012bbu ar \u0161\u0101du pied\u0101v\u0101jumu.\u00a0<a data-id=\"623511\" data-type=\"article\" href=\"https:\/\/www.lsm.lv\/raksts\/zinas\/arzemes\/24.11.2025-vasingtona-un-kijiva-par-kara-izbeigsanu-nepieciesama-vienosanas-kas-apliecina-ukrainas-suverenitati.a623511\/\" class=\"lsm-link\" rel=\"nofollow noopener\" target=\"_blank\">23. novembr\u012b \u017den\u0113v\u0101<\/a>\u00a0notika sarunas starp ASV, Eiropas un Ukrainas l\u012bderiem, kur\u0101s sprieda par izmai\u0146\u0101m ASV pied\u0101v\u0101taj\u0101 pl\u0101n\u0101. Atjaunot\u0101 pl\u0101na deta\u013cas netika atkl\u0101tas, ta\u010du<a data-id=\"623616\" data-type=\"article\" href=\"https:\/\/www.lsm.lv\/raksts\/zinas\/arzemes\/24.11.2025-izdevums-asv-piedavatais-plans-ir-mainits-no-sakotneja-piedavajuma-palikusi-tikai-19-punkti.a623616\/\" class=\"lsm-link\" rel=\"nofollow noopener\" target=\"_blank\">\u00a0mediji zi\u0146oja<\/a>, ka tas tika sa\u012bsin\u0101ts. \u0160obr\u012bd taj\u0101\u00a0<a data-id=\"624767\" data-type=\"article\" href=\"https:\/\/www.lsm.lv\/raksts\/zinas\/arzemes\/02.12.2025-ukraina-un-asv-sarunas-izstradajusas-20-punktu-miera-planu.a624767\/?utm_source=lsm&amp;utm_medium=theme&amp;utm_campaign=theme\" class=\"lsm-link\" rel=\"nofollow noopener\" target=\"_blank\">iek\u013cauti\u00a0<\/a>20 punkti un vair\u0101k iev\u0113rotas Kijivas intereses, tostarp ASV\u00a0<a data-id=\"626547\" data-type=\"article\" href=\"https:\/\/www.lsm.lv\/raksts\/zinas\/arzemes\/15.12.2025-reala-iespeja-miera-procesam-kijiva-ar-sabiedrotajiem-izstradajusi-drosibas-garantiju-paketi-ukrainai.a626547\/\" class=\"lsm-link\" rel=\"nofollow noopener\" target=\"_blank\">pied\u0101v\u0101jusi\u00a0<\/a>dro\u0161\u012bbas garantijas, kas izstr\u0101d\u0101tas p\u0113c NATO 5. panta principa. Krievija l\u012bdz \u0161im noraid\u012bjusi visus labojumus, bet Ukraina atzinusi, ka\u00a0<a data-id=\"624437\" data-type=\"article\" href=\"https:\/\/www.lsm.lv\/raksts\/zinas\/arzemes\/01.12.2025-ar-secinajumu-vel-daudz-darama-noslegusas-asv-un-ukrainas-sarunas-florida.a624437\/\" class=\"lsm-link\" rel=\"nofollow noopener\" target=\"_blank\">vissmag\u0101k\u0101s\u00a0<\/a>ir sarunas par teritoriju sadali.<\/p>\n<p>                    Valodas k\u013c\u016bda rakst\u0101?<\/p>\n<p class=\"d-none d-md-block\">Iez\u012bm\u0113jiet tekstu un spiediet Ctrl+Enter, lai nos\u016bt\u012btu labojamo teksta fragmentu redaktoram! Par faktu k\u013c\u016bd\u0101m l\u016bdzam zi\u0146ot e-past\u0101 <a href=\"https:\/\/www.lsm.lv\/cdn-cgi\/l\/email-protection\" class=\"__cf_email__\" data-cfemail=\"6a180f0e0b010903000b2a06190744061c\" rel=\"nofollow noopener\" target=\"_blank\">[email\u00a0protected]<\/a>.<\/p>\n<p class=\"d-md-none\">Iez\u012bm\u0113jiet tekstu un spiediet uz Zi\u0146ot par k\u013c\u016bdu pogas, lai nos\u016bt\u012btu labojamo teksta fragmentu redaktoram!<\/p>\n<p>\n                    Zi\u0146ot par k\u013c\u016bdu\n                <\/p>\n","protected":false},"excerpt":{"rendered":"Ukraina un Amerikas Savienot\u0101s Valstis (ASV) ir saska\u0146oju\u0161as noz\u012bm\u012bgu milit\u0101ru dokumentu par Ukrainas Bru\u0146oto sp\u0113ku atbalstu p\u0113c Krievijas&hellip;\n","protected":false},"author":2,"featured_media":94893,"comment_status":"","ping_status":"","sticky":false,"template":"","format":"standard","meta":{"footnotes":""},"categories":[14],"tags":[23,57,28,29,32,33,22,30,31,35,39,38,36,37,34,40,20,26,27,24,25,54,55,56,21,58],"class_list":{"0":"post-94892","1":"post","2":"type-post","3":"status-publish","4":"format-standard","5":"has-post-thumbnail","7":"category-zinas-no-arvalstim","8":"tag-aktualitates","9":"tag-arvalstim","10":"tag-breaking-news","11":"tag-breakingnews","12":"tag-featured-news","13":"tag-featurednews","14":"tag-headlines","15":"tag-latest-news","16":"tag-latestnews","17":"tag-latvia","18":"tag-latvian","19":"tag-latviesu","20":"tag-latviesu-valoda","21":"tag-latviesuvaloda","22":"tag-latvija","23":"tag-lv","24":"tag-news","25":"tag-popularakas-zinas","26":"tag-popularakaszinas","27":"tag-top-stories","28":"tag-topstories","29":"tag-world","30":"tag-world-news","31":"tag-worldnews","32":"tag-zinas","33":"tag-zinas-no-arvalstim"},"share_on_mastodon":{"url":"https:\/\/pubeurope.com\/@lv\/115841646094069772","error":""},"_links":{"self":[{"href":"https:\/\/www.europesays.com\/lv\/wp-json\/wp\/v2\/posts\/94892","targetHints":{"allow":["GET"]}}],"collection":[{"href":"https:\/\/www.europesays.com\/lv\/wp-json\/wp\/v2\/posts"}],"about":[{"href":"https:\/\/www.europesays.com\/lv\/wp-json\/wp\/v2\/types\/post"}],"author":[{"embeddable":true,"href":"https:\/\/www.europesays.com\/lv\/wp-json\/wp\/v2\/users\/2"}],"replies":[{"embeddable":true,"href":"https:\/\/www.europesays.com\/lv\/wp-json\/wp\/v2\/comments?post=94892"}],"version-history":[{"count":0,"href":"https:\/\/www.europesays.com\/lv\/wp-json\/wp\/v2\/posts\/94892\/revisions"}],"wp:featuredmedia":[{"embeddable":true,"href":"https:\/\/www.europesays.com\/lv\/wp-json\/wp\/v2\/media\/94893"}],"wp:attachment":[{"href":"https:\/\/www.europesays.com\/lv\/wp-json\/wp\/v2\/media?parent=94892"}],"wp:term":[{"taxonomy":"category","embeddable":true,"href":"https:\/\/www.europesays.com\/lv\/wp-json\/wp\/v2\/categories?post=94892"},{"taxonomy":"post_tag","embeddable":true,"href":"https:\/\/www.europesays.com\/lv\/wp-json\/wp\/v2\/tags?post=94892"}],"curies":[{"name":"wp","href":"https:\/\/api.w.org\/{rel}","templated":true}]}}