{"id":94934,"date":"2026-01-05T09:23:10","date_gmt":"2026-01-05T09:23:10","guid":{"rendered":"https:\/\/www.europesays.com\/lv\/94934\/"},"modified":"2026-01-05T09:23:10","modified_gmt":"2026-01-05T09:23:10","slug":"lielbritanija-un-francija-ar-vadamajam-bumbam-uzbruk-islama-valsts-objektam-sirija-raksts","status":"publish","type":"post","link":"https:\/\/www.europesays.com\/lv\/94934\/","title":{"rendered":"Lielbrit\u0101nija un Francija ar vad\u0101maj\u0101m bumb\u0101m uzbr\u016bk \u00abIsl\u0101ma valsts\u00bb objektam S\u012brij\u0101 \/ Raksts"},"content":{"rendered":"<p>Lielbrit\u0101nija un Francija sestdien veiku\u0161as kop\u012bgu gaisa triecienu pazemes objektam S\u012brijas vidien\u0113, kur, k\u0101 tiek uzskat\u012bts, teroristu grup\u0113jums &#8220;Isl\u0101ma valsts&#8221; glab\u0101ja iero\u010dus un spr\u0101gstvielas.<\/p>\n<p>Lielbrit\u0101nijas Aizsardz\u012bbas ministrija pazi\u0146oja, ka sestdienas vakar\u0101 ar vad\u0101maj\u0101m bumb\u0101m uzbrukts tune\u013ciem, kas Homsas provinc\u0113\u00a0ved uz pazemes objektu kalnos uz zieme\u013ciem no sen\u0101s pils\u0113tas Palm\u012bras.<\/p>\n<p>Francija un Lielbrit\u0101nija ietilpst ASV vad\u012btaj\u0101 koal\u012bcij\u0101, kas jau vair\u0101k nek\u0101 desmit gadus c\u012bn\u0101s pret grup\u0113jumu &#8220;Isl\u0101ma valsts&#8221;.<\/p>\n<p>Lielbrit\u0101nijas Aizsardz\u012bbas ministrija pazi\u0146oja, ka izn\u012bcin\u0101t\u0101jus &#8220;Typhoon FGR4&#8221; atbalst\u012bja degvielas uzpildes tankku\u0123is &#8220;Voyager&#8221; un ka triecien\u0101 piedal\u012bj\u0101s ar\u012b Francijas lidma\u0161\u012bnas. Ministrija nor\u0101d\u012bja, ka vad\u0101m\u0101s bumbas &#8220;Paveway IV&#8221; tika m\u0113r\u0137\u0113tas uz vair\u0101kiem tune\u013ciem, kas ved uz objektu, un s\u0101kotn\u0113j\u0101 inform\u0101cija liecina, ka trieciens bija veiksm\u012bgs.<\/p>\n<p>Lielbrit\u0101nijas aizsardz\u012bbas ministrs D\u017eons H\u012blijs uzsv\u0113ra, ka Lielbrit\u0101nija ir ap\u0146\u0113m\u012bbas pilna plecu pie pleca kop\u0101 ar sabiedrotajiem nov\u0113rst jebk\u0101du &#8220;Isl\u0101ma valsts&#8221; atdzim\u0161anu. Ar\u012b Francijas bru\u0146otie sp\u0113ki nor\u0101d\u012bja, ka &#8220;c\u012b\u0146a pret terorismu joproj\u0101m ir Francijas un t\u0101s partneru priorit\u0101te&#8221;.<\/p>\n<p>Neraugoties uz &#8220;Isl\u0101ma valsts&#8221; sak\u0101vi S\u012brij\u0101 2019. gad\u0101, grup\u0113juma \u0161\u016bni\u0146as turpina uzbrukumus S\u012brij\u0101 un Ir\u0101k\u0101, kur ekstr\u0113misti savulaik pasludin\u0101ja savu kalif\u0101tu.<\/p>\n<blockquote>\n<p>ANO eksperti l\u0113\u0161, ka grup\u0113jumam S\u012brij\u0101 un Ir\u0101k\u0101 joproj\u0101m ir no 5000 l\u012bdz 7000 kaujinieku.<\/p>\n<\/blockquote>\n<p>ASV prezidenta Donalda Trampa administr\u0101cija pag\u0101ju\u0161aj\u0101 m\u0113nes\u012b <a href=\"https:\/\/www.lsm.lv\/raksts\/zinas\/arzemes\/20.12.2025-asv-izvers-operaciju-pret-islama-valsti-sirija.a627278\/?utm_source=lsm&amp;utm_medium=theme&amp;utm_campaign=theme\" class=\"lsm-link\" data-type=\"article\" data-id=\"627278\" rel=\"nofollow noopener\" target=\"_blank\">s\u0101ka oper\u0101ciju <\/a>S\u012brij\u0101 &#8220;Isl\u0101ma valsts&#8221; locek\u013cu likvid\u0113\u0161anai, atbildot uz uzbrukumu, kur\u0101 tika nogalin\u0101ti divi amerik\u0101\u0146u karav\u012bri un viens amerik\u0101\u0146u tulks.<\/p>\n<p>                    Valodas k\u013c\u016bda rakst\u0101?<\/p>\n<p class=\"d-none d-md-block\">Iez\u012bm\u0113jiet tekstu un spiediet Ctrl+Enter, lai nos\u016bt\u012btu labojamo teksta fragmentu redaktoram! Par faktu k\u013c\u016bd\u0101m l\u016bdzam zi\u0146ot e-past\u0101 <a href=\"https:\/\/www.lsm.lv\/cdn-cgi\/l\/email-protection\" class=\"__cf_email__\" data-cfemail=\"abd9cecfcac0c8c2c1caebc7d8c685c7dd\" rel=\"nofollow noopener\" target=\"_blank\">[email\u00a0protected]<\/a>.<\/p>\n<p class=\"d-md-none\">Iez\u012bm\u0113jiet tekstu un spiediet uz Zi\u0146ot par k\u013c\u016bdu pogas, lai nos\u016bt\u012btu labojamo teksta fragmentu redaktoram!<\/p>\n<p>\n                    Zi\u0146ot par k\u013c\u016bdu\n                <\/p>\n","protected":false},"excerpt":{"rendered":"Lielbrit\u0101nija un Francija sestdien veiku\u0161as kop\u012bgu gaisa triecienu pazemes objektam S\u012brijas vidien\u0113, kur, k\u0101 tiek uzskat\u012bts, teroristu grup\u0113jums&hellip;\n","protected":false},"author":2,"featured_media":94935,"comment_status":"","ping_status":"","sticky":false,"template":"","format":"standard","meta":{"footnotes":""},"categories":[14],"tags":[23,57,28,29,32,33,22,30,31,35,39,38,36,37,34,40,20,26,27,24,25,54,55,56,21,58],"class_list":{"0":"post-94934","1":"post","2":"type-post","3":"status-publish","4":"format-standard","5":"has-post-thumbnail","7":"category-zinas-no-arvalstim","8":"tag-aktualitates","9":"tag-arvalstim","10":"tag-breaking-news","11":"tag-breakingnews","12":"tag-featured-news","13":"tag-featurednews","14":"tag-headlines","15":"tag-latest-news","16":"tag-latestnews","17":"tag-latvia","18":"tag-latvian","19":"tag-latviesu","20":"tag-latviesu-valoda","21":"tag-latviesuvaloda","22":"tag-latvija","23":"tag-lv","24":"tag-news","25":"tag-popularakas-zinas","26":"tag-popularakaszinas","27":"tag-top-stories","28":"tag-topstories","29":"tag-world","30":"tag-world-news","31":"tag-worldnews","32":"tag-zinas","33":"tag-zinas-no-arvalstim"},"share_on_mastodon":{"url":"https:\/\/pubeurope.com\/@lv\/115841768131779522","error":""},"_links":{"self":[{"href":"https:\/\/www.europesays.com\/lv\/wp-json\/wp\/v2\/posts\/94934","targetHints":{"allow":["GET"]}}],"collection":[{"href":"https:\/\/www.europesays.com\/lv\/wp-json\/wp\/v2\/posts"}],"about":[{"href":"https:\/\/www.europesays.com\/lv\/wp-json\/wp\/v2\/types\/post"}],"author":[{"embeddable":true,"href":"https:\/\/www.europesays.com\/lv\/wp-json\/wp\/v2\/users\/2"}],"replies":[{"embeddable":true,"href":"https:\/\/www.europesays.com\/lv\/wp-json\/wp\/v2\/comments?post=94934"}],"version-history":[{"count":0,"href":"https:\/\/www.europesays.com\/lv\/wp-json\/wp\/v2\/posts\/94934\/revisions"}],"wp:featuredmedia":[{"embeddable":true,"href":"https:\/\/www.europesays.com\/lv\/wp-json\/wp\/v2\/media\/94935"}],"wp:attachment":[{"href":"https:\/\/www.europesays.com\/lv\/wp-json\/wp\/v2\/media?parent=94934"}],"wp:term":[{"taxonomy":"category","embeddable":true,"href":"https:\/\/www.europesays.com\/lv\/wp-json\/wp\/v2\/categories?post=94934"},{"taxonomy":"post_tag","embeddable":true,"href":"https:\/\/www.europesays.com\/lv\/wp-json\/wp\/v2\/tags?post=94934"}],"curies":[{"name":"wp","href":"https:\/\/api.w.org\/{rel}","templated":true}]}}