{"id":94954,"date":"2026-01-05T09:36:09","date_gmt":"2026-01-05T09:36:09","guid":{"rendered":"https:\/\/www.europesays.com\/lv\/94954\/"},"modified":"2026-01-05T09:36:09","modified_gmt":"2026-01-05T09:36:09","slug":"somenes-galvaspilseta-un-citviet-latvija-gaidami-barikazu-35-gadadienas-atceres-pasakumi","status":"publish","type":"post","link":"https:\/\/www.europesays.com\/lv\/94954\/","title":{"rendered":"\u0160om\u0113nes galvaspils\u0113t\u0101 un citviet Latvij\u0101 gaid\u0101mi barik\u0101\u017eu 35. gadadienas atceres pas\u0101kumi"},"content":{"rendered":"<p>Sv\u0113tdien, 18. janv\u0101r\u012b, plkst. 15 \u0136\u012bpsalas izst\u0101\u017eu hall\u0113 notiks sv\u0113tku koncerts 1991. gada barik\u0101\u017eu dal\u012bbniekiem &#8220;M\u0113s nosarg\u0101j\u0101m Latviju&#8221;.<\/p>\n<p>Otrdien, 20. janv\u0101r\u012b, ir 1991. gada barik\u0101\u017eu aizst\u0101vju atceres diena, kas tiks pla\u0161i atz\u012bm\u0113ta R\u012bg\u0101 un Latvijas novados. Plkst. 9.55 vis\u0101 Latvij\u0101 skan\u0113s bazn\u012bcu zvani, godinot barik\u0101\u017eu dal\u012bbniekus un b\u016bs velt\u012bti &#8220;Barik\u0101d\u0113m 35&#8221;.<\/p>\n<p>\u0160aj\u0101 dien\u0101 vis\u0101s Latvijas skol\u0101s pl\u0101nota m\u0101c\u012bbu stunda &#8220;1991. gada barik\u0101des &#8211; Latvijas br\u012bv\u012bbas c\u012b\u0146a par demokr\u0101tiju un neatkar\u012bbu&#8221;, lai jaunie\u0161iem skaidrotu barik\u0101\u017eu noz\u012bmi un veicin\u0101tu v\u0113sturisk\u0101s atmi\u0146as saglab\u0101\u0161anu.<\/p>\n<p>Latvijas Telev\u012bzija sv\u0113tku ned\u0113\u013c\u0101 nodro\u0161in\u0101s pla\u0161u programmu, atspogu\u013cojot 1991. gada barik\u0101\u017eu 35. gadadienas norises.<\/p>\n<p>Tieslietu ministre un darba grupas 1991. gada barik\u0101\u017eu 35 gadu atceres pas\u0101kumu organiz\u0113\u0161anai vad\u012bt\u0101ja Inese L\u012bbi\u0146a-Egnere (JV) uzsver, ka 1991. gada barik\u0101des ir m\u016bsu valstiskuma un tiesiskas, demokr\u0101tiskas Latvijas uzvaras st\u0101sts, kas pier\u0101da to, cik daudz m\u0113s sp\u0113jam, kad visi kop\u0101 iest\u0101jamies par Latviju plecu pie pleca. Latvija &#8211; tie esam m\u0113s pa\u0161i.<\/p>\n<p>1991. gada barik\u0101\u017eu dal\u012bbnieku biedr\u012bbas prezidents Ren\u0101rs Za\u013cais izce\u013c &#8211; ja barik\u0101des bija vieta, kur izc\u012bn\u012bta br\u012bv\u012bba, tad 1991. gada barik\u0101\u017eu muzejs ir vieta, kur \u0161\u012b br\u012bv\u012bba tiek glab\u0101ta un izst\u0101st\u012bta t\u0101l\u0101k n\u0101kamaj\u0101m paaudz\u0113m.&#8221; \u0160ogad \u012bpa\u0161i aicinu barik\u0101\u017eu dal\u012bbniekus un vi\u0146u \u0123imenes uztic\u0113t muzejam savus barik\u0101\u017eu laika priek\u0161metus, fotogr\u0101fijas, lai jaunieguvumu izst\u0101d\u0113 personisk\u0101s relikvijas k\u013c\u016btu par da\u013cu no kop\u012bg\u0101s Latvijas br\u012bv\u012bbas st\u0101sta ar\u012b n\u0101kamajiem 35 gadiem un t\u0101l\u0101k. Jo vair\u0101k \u0161\u012bs liec\u012bbas apkopsim un saglab\u0101sim \u0161odien, jo stipr\u0101ka b\u016bs m\u016bsu kop\u012bg\u0101 v\u0113sturisk\u0101 atmi\u0146a r\u012bt,&#8221; saka Za\u013cais.<\/p>\n","protected":false},"excerpt":{"rendered":"Sv\u0113tdien, 18. janv\u0101r\u012b, plkst. 15 \u0136\u012bpsalas izst\u0101\u017eu hall\u0113 notiks sv\u0113tku koncerts 1991. gada barik\u0101\u017eu dal\u012bbniekiem &#8220;M\u0113s nosarg\u0101j\u0101m Latviju&#8221;.&hellip;\n","protected":false},"author":2,"featured_media":94955,"comment_status":"","ping_status":"","sticky":false,"template":"","format":"standard","meta":{"footnotes":""},"categories":[12],"tags":[23,23671,23670,28,29,32,33,22,30,31,35,39,38,36,37,34,40,20,26,27,24,25,21],"class_list":{"0":"post-94954","1":"post","2":"type-post","3":"status-publish","4":"format-standard","5":"has-post-thumbnail","7":"category-latvija","8":"tag-aktualitates","9":"tag-barikades","10":"tag-barikazu-atcere","11":"tag-breaking-news","12":"tag-breakingnews","13":"tag-featured-news","14":"tag-featurednews","15":"tag-headlines","16":"tag-latest-news","17":"tag-latestnews","18":"tag-latvia","19":"tag-latvian","20":"tag-latviesu","21":"tag-latviesu-valoda","22":"tag-latviesuvaloda","23":"tag-latvija","24":"tag-lv","25":"tag-news","26":"tag-popularakas-zinas","27":"tag-popularakaszinas","28":"tag-top-stories","29":"tag-topstories","30":"tag-zinas"},"share_on_mastodon":{"url":"https:\/\/pubeurope.com\/@lv\/115841819314137995","error":""},"_links":{"self":[{"href":"https:\/\/www.europesays.com\/lv\/wp-json\/wp\/v2\/posts\/94954","targetHints":{"allow":["GET"]}}],"collection":[{"href":"https:\/\/www.europesays.com\/lv\/wp-json\/wp\/v2\/posts"}],"about":[{"href":"https:\/\/www.europesays.com\/lv\/wp-json\/wp\/v2\/types\/post"}],"author":[{"embeddable":true,"href":"https:\/\/www.europesays.com\/lv\/wp-json\/wp\/v2\/users\/2"}],"replies":[{"embeddable":true,"href":"https:\/\/www.europesays.com\/lv\/wp-json\/wp\/v2\/comments?post=94954"}],"version-history":[{"count":0,"href":"https:\/\/www.europesays.com\/lv\/wp-json\/wp\/v2\/posts\/94954\/revisions"}],"wp:featuredmedia":[{"embeddable":true,"href":"https:\/\/www.europesays.com\/lv\/wp-json\/wp\/v2\/media\/94955"}],"wp:attachment":[{"href":"https:\/\/www.europesays.com\/lv\/wp-json\/wp\/v2\/media?parent=94954"}],"wp:term":[{"taxonomy":"category","embeddable":true,"href":"https:\/\/www.europesays.com\/lv\/wp-json\/wp\/v2\/categories?post=94954"},{"taxonomy":"post_tag","embeddable":true,"href":"https:\/\/www.europesays.com\/lv\/wp-json\/wp\/v2\/tags?post=94954"}],"curies":[{"name":"wp","href":"https:\/\/api.w.org\/{rel}","templated":true}]}}