{"id":94960,"date":"2026-01-05T09:42:12","date_gmt":"2026-01-05T09:42:12","guid":{"rendered":"https:\/\/www.europesays.com\/lv\/94960\/"},"modified":"2026-01-05T09:42:12","modified_gmt":"2026-01-05T09:42:12","slug":"arhitekta-petera-bajara-vienkarsas-patiesibas-dienas-bizness","status":"publish","type":"post","link":"https:\/\/www.europesays.com\/lv\/94960\/","title":{"rendered":"Arhitekta P\u0113tera Baj\u0101ra vienk\u0101r\u0161\u0101s paties\u012bbas :: Dienas Bizness"},"content":{"rendered":"<p class=\"text-font font-size--text-xlarge margin-3--bottom font-weight--bold padding-1--top\">\u201cEs dom\u0101ju, ka vis\u0101 var atrast kaut k\u0101du odzi\u0146u, bet tas autom\u0101tiski nenoz\u012bm\u0113, ka tam ir j\u0101b\u016bt d\u0101rgam vai ekskluz\u012bvam. Interesantu arhitekt\u016bru var pan\u0101kt ar\u012b ar \u013coti pieejamu bud\u017eetu un \u013coti vienk\u0101r\u0161iem materi\u0101liem,\u201d uzskata arhitektu biroja Outofbox vado\u0161ais arhitekts P\u0113teris Baj\u0101rs.<\/p>\n<p class=\"text-font font-size--text-xlarge margin-3--bottom\">Vi\u0146am svar\u012bgi veidot uz cilv\u0113ku orient\u0113tu arhitekt\u016bru. Vai tas b\u016btu gadsimtiem sens nami\u0146\u0161 vecpils\u0113t\u0101 vai moderna jaunb\u016bve.<\/p>\n<p class=\"text-font font-size--text-xlarge margin-3--bottom\">Fragments no intervijas Dienas Biznesa speci\u0101lizdevumam <a href=\"https:\/\/www.db.lv\/zinas\/iznacis-dienas-biznesa-specializdevums-nekustamais-ipasums-523762\" title=\"\" target=\"_blank\" rel=\"nofollow noopener\">Nekustamais \u012bpa\u0161ums<\/a> <\/p>\n<p class=\"text-font font-size--text-xlarge margin-3--bottom\">S\u0101ksim sarunu par p\u0113d\u0113jiem projektiem, pie kuriem esat str\u0101d\u0101jis. Past\u0101siet, kas tie ir un ar ko tie ir \u012bpa\u0161i! <\/p>\n<p class=\"text-font font-size--text-xlarge margin-3--bottom\">Mums \u0161is san\u0101ca ra\u017eas iev\u0101k\u0161anas gads, kur\u0101 vienlaic\u012bgi fini\u0161\u0113j\u0101m faktiski tr\u012bs projektus \u2013 Rakstniec\u012bbas un m\u016bzikas muzeja interjeru un da\u013cu ekspoz\u012bcijas, divas Magdel\u0113nas kvart\u0101la biroju \u0113kas un t\u0101pat ar\u012b biroja \u0113ku Barona iel\u0101. Visiem \u0161iem objektiem fini\u0161s bija vien\u0101 br\u012bd\u012b, bet starti bija da\u017e\u0101di. Tas, kas, manupr\u0101t, visiem bija z\u012bm\u012bgs, &#8211; tie visi bija izaicino\u0161i projekti. Muzejs \u2013 tie ir pieci gadi no projekta l\u012bdz realiz\u0101cijai. Barona iela l\u012bdz\u012bgi. Savuk\u0101rt Magdel\u0113nas kvart\u0101la konkurss notika 2017. gad\u0101, un tikai 2025.gada maij\u0101 m\u0113s \u0113ku nodev\u0101m ekspluat\u0101cij\u0101. \u0160ie tr\u012bs objekti sav\u0101 zi\u0146\u0101 ir ar\u012b atbilde uz to, k\u0101p\u0113c m\u0113s aizvien vair\u0101k darbojamies \u0101rpus R\u012bgas. Lai k\u0101di b\u016btu za\u013cie koridori, \u0101tr\u0101kas izskat\u012b\u0161anas, bet v\u0113l joproj\u0101m es gribu teikt, ka sl\u012bkstam pamat\u012bg\u0101 birokr\u0101tij\u0101. Departamenti sav\u0101 starp\u0101 nerun\u0101 un pat nedraudz\u0113jas, instit\u016bcijas izdod pretrun\u012bgus nosac\u012bjumus. P\u0113c \u0161iem trim ilgajiem projektiem bija sak\u0101pis tik \u013coti, ka es negrib\u0113ju neko par R\u012bgu dzird\u0113t, t\u0101p\u0113c m\u0113s \u013coti apzin\u0101ti un akt\u012bvi mekl\u0113j\u0101m iesp\u0113jas darboties \u0101rpus R\u012bgas. Darboj\u0101mies Valmier\u0101, C\u0113s\u012bs. Manupr\u0101t, C\u0113s\u012bs \u0161obr\u012bd ir visredzam\u0101kais un apjom\u012bg\u0101kais projekts \u2013 Konr\u0101da kvart\u0101ls, kas ir \u010detru \u0113ku komplekss. Tas mums ar\u012b ir izaicino\u0161s projekts, bet \u0161oreiz ne birokr\u0101tijas d\u0113\u013c, bet t\u0101d\u0113\u013c, ka katra no \u010detr\u0101m \u0113k\u0101m ir at\u0161\u0137ir\u012bga un unik\u0101la. Mums ir 17.gadsimta m\u016bra \u0113ka, t\u0101 pa\u0161a laika koka m\u0101ja, pavisam maza, nezin\u0101ms, cik sena v\u0113sturisk\u0101 \u0113ka, jaunb\u016bve un zem t\u0101 visa v\u0113l apak\u0161\u0101 ir C\u0113su viduslaiku pils m\u016bris. Tas, kas \u0161obr\u012bd apjo\u017e pili, nemaz nav \u012bstais m\u016bris, jo tas ir tapis pirms gadiem 100-200, bet, veicot arheolo\u0123iju, m\u0113s atkl\u0101j\u0101m \u012bsto, ori\u0123in\u0101lo 13.gadsimta m\u016bri, un tas k\u013c\u016bs par da\u013cu no visa apb\u016bves kompleksa. Faktiski t\u0101 b\u016bs multifunkcion\u0101la pas\u0101kumu telpa, kuras vid\u016b ir \u0161\u012b atrakt\u0101, saglab\u0101t\u0101 un ekspon\u0113t\u0101 viduslaiku m\u016bra siena. Tas ir lielais ieskic\u0113jums par to, ko m\u0113s dar\u0101m.<\/p>\n<p class=\"text-font font-size--text-xlarge margin-3--bottom\">Tie projekti ir ar\u012b tik at\u0161\u0137ir\u012bgi \u2013 R\u012bgas jaunb\u016bves un C\u0113su projekts ar piet\u0101ti pret v\u0113sturisko. K\u0101 tas ir arhitektam \u2013 kur ir komforts, un kur ir izaicino\u0161\u0101k?<\/p>\n<p class=\"text-font font-size--text-xlarge margin-3--bottom\">C\u0113sis mums ir visizaicino\u0161\u0101kais projekts. J\u0101, m\u0113s esam veiku\u0161i v\u0113sturiskas p\u0101rb\u016bves. Ar\u012b tepat R\u012bg\u0101 \u0161obr\u012bd saska\u0146ojam projektu Mazaj\u0101 Pils iel\u0101. Bet ir jomas, kur\u0101s m\u0113s saprotam, ka t\u0101s ir \u0101rpus m\u016bsu kompetences, bet tas, ko m\u0113s jau ilgsto\u0161i praktiz\u0113jam, \u2013 m\u0113s to saucam par savu m\u0101ko\u0146u t\u012bklu. Mums ir \u013coti daudz fantastisku sadarb\u012bbas partneru gan ainavu arhitekt\u016bras, gan grafisk\u0101 dizaina, gan ekspoz\u012bciju jom\u0101, gan ar\u012b da\u017e\u0101di konstrukciju konsultanti u.tml. C\u0113su projekt\u0101 \u0161obr\u012bd ir pabeigta pirm\u0101 m\u0101ja, kas ir M\u0101c\u012bt\u0101ja m\u0101ja, un tur m\u0113s uzrun\u0101j\u0101m P\u0113teri Bl\u016bmu, kur\u0161 ir cilv\u0113ks numur viens v\u0113sturisko koka \u0113ku arhitekt\u016br\u0101. M\u0113s nebaid\u0101mies l\u016bgt pal\u012bdz\u012bbu, sadarboties. Arhitekt\u016bra ir l\u012bdz\u012bga k\u0101 futbols \u2013 tas ir komandas sports. Mans k\u0101 biroja vad\u012bt\u0101ja liel\u0101kais uzdevums ir nodro\u0161in\u0101t, ka ir \u0161\u012b perfekt\u0101 komanda, pareizie cilv\u0113ki. To m\u0113s no projekta uz projektu cen\u0161amies, un tas mums \u013cauj veikt \u013coti pla\u0161u darbu amplit\u016bdu.<\/p>\n<p class=\"text-font font-size--text-xlarge margin-3--bottom\">Visu interviju lasiet Dienas Biznesa speci\u0101lizdevum\u0101 <a href=\"https:\/\/www.db.lv\/zinas\/iznacis-dienas-biznesa-specializdevums-nekustamais-ipasums-523762\" title=\"\" target=\"_blank\" rel=\"nofollow noopener\">Nekustamais \u012bpa\u0161ums<\/a>!<\/p>\n<p class=\"text-font font-size--text-xlarge margin-3--bottom\">\u017durn\u0101ls nop\u0113rkams ar\u012b liel\u0101kaj\u0101s tirdzniec\u012bbas viet\u0101s Latvij\u0101, k\u0101 ar\u012b elektroniski!<\/p>\n<p class=\"text-font font-size--text-xlarge margin-3--bottom\">Abon\u0113t ir \u0113rt\u0101k: e-kiosks.lv.<\/p>\n<p><a href=\"https:\/\/www.europesays.com\/lv\/wp-content\/uploads\/2026\/01\/524406__693beabcbddf6.jpg\" target=\"_blank\" onclick=\"ga(&#039;send&#039;,&#039;event&#039;,&#039;image-fullscreen&#039;,&#039;524406&#039;);\"><img decoding=\"async\" class=\"lazy image-contain modernize-objectfit\" src=\"https:\/\/www.europesays.com\/lv\/wp-content\/uploads\/2026\/01\/524406__693beabcbddf6.jpg\" style=\"font-family: 'object-fit: contain;'; object-fit: contain\"\/><\/a><\/p>\n<p>#1\/7<\/p>\n<p>Foto: Kristaps Kalns\/Dienas mediji<a href=\"https:\/\/www.europesays.com\/lv\/wp-content\/uploads\/2026\/01\/524406__693bef28068ec.jpg\" target=\"_blank\" onclick=\"ga(&#039;send&#039;,&#039;event&#039;,&#039;image-fullscreen&#039;,&#039;524406&#039;);\"><img decoding=\"async\" class=\"lazy image-contain modernize-objectfit\" src=\"https:\/\/www.europesays.com\/lv\/wp-content\/uploads\/2026\/01\/524406__693bef28068ec.jpg\" style=\"font-family: 'object-fit: contain;'; object-fit: contain\"\/><\/a><\/p>\n<p>#2\/7<\/p>\n<p>Foto: Kristaps Kalns\/Dienas mediji<a href=\"https:\/\/www.europesays.com\/lv\/wp-content\/uploads\/2026\/01\/524406__693bef2ce29e5.jpg\" target=\"_blank\" onclick=\"ga(&#039;send&#039;,&#039;event&#039;,&#039;image-fullscreen&#039;,&#039;524406&#039;);\"><img decoding=\"async\" class=\"lazy image-contain modernize-objectfit\" src=\"https:\/\/www.europesays.com\/lv\/wp-content\/uploads\/2026\/01\/524406__693bef2ce29e5.jpg\" style=\"font-family: 'object-fit: contain;'; object-fit: contain\"\/><\/a><\/p>\n<p>#3\/7<\/p>\n<p>Foto: Kristaps Kalns\/Dienas mediji<a href=\"https:\/\/www.europesays.com\/lv\/wp-content\/uploads\/2026\/01\/524406__693bef2b58b9f.jpg\" target=\"_blank\" onclick=\"ga(&#039;send&#039;,&#039;event&#039;,&#039;image-fullscreen&#039;,&#039;524406&#039;);\"><img decoding=\"async\" class=\"lazy image-contain modernize-objectfit\" src=\"https:\/\/www.europesays.com\/lv\/wp-content\/uploads\/2026\/01\/524406__693bef2b58b9f.jpg\" style=\"font-family: 'object-fit: contain;'; object-fit: contain\"\/><\/a><\/p>\n<p>#4\/7<\/p>\n<p>Foto: Kristaps Kalns\/Dienas mediji<a href=\"https:\/\/www.europesays.com\/lv\/wp-content\/uploads\/2026\/01\/524406__693bef29bad7a.jpg\" target=\"_blank\" onclick=\"ga(&#039;send&#039;,&#039;event&#039;,&#039;image-fullscreen&#039;,&#039;524406&#039;);\"><img decoding=\"async\" class=\"lazy image-contain modernize-objectfit\" src=\"https:\/\/www.europesays.com\/lv\/wp-content\/uploads\/2026\/01\/524406__693bef29bad7a.jpg\" style=\"font-family: 'object-fit: contain;'; object-fit: contain\"\/><\/a><\/p>\n<p>#5\/7<\/p>\n<p>Foto: Kristaps Kalns\/Dienas mediji<a href=\"https:\/\/www.europesays.com\/lv\/wp-content\/uploads\/2026\/01\/524406__693bef24bd3a6.jpg\" target=\"_blank\" onclick=\"ga(&#039;send&#039;,&#039;event&#039;,&#039;image-fullscreen&#039;,&#039;524406&#039;);\"><img decoding=\"async\" class=\"lazy image-contain modernize-objectfit\" src=\"https:\/\/www.europesays.com\/lv\/wp-content\/uploads\/2026\/01\/524406__693bef24bd3a6.jpg\" style=\"font-family: 'object-fit: contain;'; object-fit: contain\"\/><\/a><\/p>\n<p>#6\/7<\/p>\n<p>Foto: Kristaps Kalns\/Dienas mediji<a href=\"https:\/\/www.europesays.com\/lv\/wp-content\/uploads\/2026\/01\/524406__693bef268600e.jpg\" target=\"_blank\" onclick=\"ga(&#039;send&#039;,&#039;event&#039;,&#039;image-fullscreen&#039;,&#039;524406&#039;);\"><img decoding=\"async\" class=\"lazy image-contain modernize-objectfit\" src=\"https:\/\/www.europesays.com\/lv\/wp-content\/uploads\/2026\/01\/524406__693bef268600e.jpg\" style=\"font-family: 'object-fit: contain;'; object-fit: contain\"\/><\/a><\/p>\n<p>#7\/7<\/p>\n<p>Foto: Kristaps Kalns\/Dienas mediji<\/p>\n<p>Skat\u012bties p\u0101r\u0113jos att\u0113lus<\/p>\n","protected":false},"excerpt":{"rendered":"\u201cEs dom\u0101ju, ka vis\u0101 var atrast kaut k\u0101du odzi\u0146u, bet tas autom\u0101tiski nenoz\u012bm\u0113, ka tam ir j\u0101b\u016bt d\u0101rgam&hellip;\n","protected":false},"author":2,"featured_media":94961,"comment_status":"","ping_status":"","sticky":false,"template":"","format":"standard","meta":{"footnotes":""},"categories":[12],"tags":[23,869,77,870,28,29,867,32,33,22,30,31,35,39,38,36,37,34,871,868,40,20,26,27,24,25,21],"class_list":{"0":"post-94960","1":"post","2":"type-post","3":"status-publish","4":"format-standard","5":"has-post-thumbnail","7":"category-latvija","8":"tag-aktualitates","9":"tag-biznesa-zinas","10":"tag-bizness","11":"tag-bizness-latvija","12":"tag-breaking-news","13":"tag-breakingnews","14":"tag-dienas-zinas","15":"tag-featured-news","16":"tag-featurednews","17":"tag-headlines","18":"tag-latest-news","19":"tag-latestnews","20":"tag-latvia","21":"tag-latvian","22":"tag-latviesu","23":"tag-latviesu-valoda","24":"tag-latviesuvaloda","25":"tag-latvija","26":"tag-latvijas-biznesa-zinas","27":"tag-latvijas-zinas","28":"tag-lv","29":"tag-news","30":"tag-popularakas-zinas","31":"tag-popularakaszinas","32":"tag-top-stories","33":"tag-topstories","34":"tag-zinas"},"share_on_mastodon":{"url":"https:\/\/pubeurope.com\/@lv\/115841842796880692","error":""},"_links":{"self":[{"href":"https:\/\/www.europesays.com\/lv\/wp-json\/wp\/v2\/posts\/94960","targetHints":{"allow":["GET"]}}],"collection":[{"href":"https:\/\/www.europesays.com\/lv\/wp-json\/wp\/v2\/posts"}],"about":[{"href":"https:\/\/www.europesays.com\/lv\/wp-json\/wp\/v2\/types\/post"}],"author":[{"embeddable":true,"href":"https:\/\/www.europesays.com\/lv\/wp-json\/wp\/v2\/users\/2"}],"replies":[{"embeddable":true,"href":"https:\/\/www.europesays.com\/lv\/wp-json\/wp\/v2\/comments?post=94960"}],"version-history":[{"count":0,"href":"https:\/\/www.europesays.com\/lv\/wp-json\/wp\/v2\/posts\/94960\/revisions"}],"wp:featuredmedia":[{"embeddable":true,"href":"https:\/\/www.europesays.com\/lv\/wp-json\/wp\/v2\/media\/94961"}],"wp:attachment":[{"href":"https:\/\/www.europesays.com\/lv\/wp-json\/wp\/v2\/media?parent=94960"}],"wp:term":[{"taxonomy":"category","embeddable":true,"href":"https:\/\/www.europesays.com\/lv\/wp-json\/wp\/v2\/categories?post=94960"},{"taxonomy":"post_tag","embeddable":true,"href":"https:\/\/www.europesays.com\/lv\/wp-json\/wp\/v2\/tags?post=94960"}],"curies":[{"name":"wp","href":"https:\/\/api.w.org\/{rel}","templated":true}]}}