{"id":94966,"date":"2026-01-05T09:48:14","date_gmt":"2026-01-05T09:48:14","guid":{"rendered":"https:\/\/www.europesays.com\/lv\/94966\/"},"modified":"2026-01-05T09:48:14","modified_gmt":"2026-01-05T09:48:14","slug":"latvijas-drosibu-ietekme-vairaki-faktori-bet-galvenais-krievijas-kars-ukraina","status":"publish","type":"post","link":"https:\/\/www.europesays.com\/lv\/94966\/","title":{"rendered":"Latvijas dro\u0161\u012bbu ietekm\u0113 vair\u0101ki faktori, bet galvenais \u2013 Krievijas kar\u0161 Ukrain\u0101"},"content":{"rendered":"<p>Kopum\u0101 v\u0113rt\u0113jot Latvijas dro\u0161\u012bbas situ\u0101ciju, Pud\u0101ns atz\u012bm\u0113ja, ka t\u0101 ir atkar\u012bga no vair\u0101kiem faktoriem, tostarp, to ietekm\u0113 ar\u012b ASV uzbrukums Venecu\u0113lai, bet skaidrs, ka liel\u0101k\u0101 ietekme arvien ir Krievijas karadarb\u012bbai pret Ukrainu.<\/p>\n<p>NBS komandieris piebilda, ka b\u016btiskas b\u016bs ar\u012b Latvij\u0101 ruden\u012b gaid\u0101m\u0101s Saeimas v\u0113l\u0113\u0161anas. Kopum\u0101 Latvijas dro\u0161\u012bbas situ\u0101ciju ietekm\u0113jo\u0161ajos aspektos Pud\u0101ns b\u016btiskas izmai\u0146as neparedz.<\/p>\n<p>Armijas vad\u012bt\u0101js inform\u0113ja, ka \u0161aj\u0101 gad\u0101 vair\u0101k nek\u0101 puse aizsardz\u012bbas bud\u017eeta aizies milit\u0101ro sp\u0113ju stiprin\u0101\u0161an\u0101, l\u012bdz ar to att\u012bst\u012bba it k\u0101 notiek nedaudz nesabalans\u0113ti, bet tas nepiecie\u0161ams, jo \u0161o sp\u0113ju att\u012bst\u012b\u0161ana iepriek\u0161\u0113jos gados iepalika, jo pirms kara Ukrain\u0101 s\u0101kuma Latvijas armija fokus\u0113j\u0101s uz cit\u0101m priorit\u0101t\u0113m.<\/p>\n","protected":false},"excerpt":{"rendered":"Kopum\u0101 v\u0113rt\u0113jot Latvijas dro\u0161\u012bbas situ\u0101ciju, Pud\u0101ns atz\u012bm\u0113ja, ka t\u0101 ir atkar\u012bga no vair\u0101kiem faktoriem, tostarp, to ietekm\u0113 ar\u012b&hellip;\n","protected":false},"author":2,"featured_media":94967,"comment_status":"","ping_status":"","sticky":false,"template":"","format":"standard","meta":{"footnotes":""},"categories":[12],"tags":[23,28,29,32,33,22,2827,74,30,31,35,39,38,36,37,34,40,20,26,27,24,25,21],"class_list":{"0":"post-94966","1":"post","2":"type-post","3":"status-publish","4":"format-standard","5":"has-post-thumbnail","7":"category-latvija","8":"tag-aktualitates","9":"tag-breaking-news","10":"tag-breakingnews","11":"tag-featured-news","12":"tag-featurednews","13":"tag-headlines","14":"tag-kaspars-pudans","15":"tag-krievijas-iebrukums-ukraina","16":"tag-latest-news","17":"tag-latestnews","18":"tag-latvia","19":"tag-latvian","20":"tag-latviesu","21":"tag-latviesu-valoda","22":"tag-latviesuvaloda","23":"tag-latvija","24":"tag-lv","25":"tag-news","26":"tag-popularakas-zinas","27":"tag-popularakaszinas","28":"tag-top-stories","29":"tag-topstories","30":"tag-zinas"},"share_on_mastodon":{"url":"https:\/\/pubeurope.com\/@lv\/115841866354387149","error":""},"_links":{"self":[{"href":"https:\/\/www.europesays.com\/lv\/wp-json\/wp\/v2\/posts\/94966","targetHints":{"allow":["GET"]}}],"collection":[{"href":"https:\/\/www.europesays.com\/lv\/wp-json\/wp\/v2\/posts"}],"about":[{"href":"https:\/\/www.europesays.com\/lv\/wp-json\/wp\/v2\/types\/post"}],"author":[{"embeddable":true,"href":"https:\/\/www.europesays.com\/lv\/wp-json\/wp\/v2\/users\/2"}],"replies":[{"embeddable":true,"href":"https:\/\/www.europesays.com\/lv\/wp-json\/wp\/v2\/comments?post=94966"}],"version-history":[{"count":0,"href":"https:\/\/www.europesays.com\/lv\/wp-json\/wp\/v2\/posts\/94966\/revisions"}],"wp:featuredmedia":[{"embeddable":true,"href":"https:\/\/www.europesays.com\/lv\/wp-json\/wp\/v2\/media\/94967"}],"wp:attachment":[{"href":"https:\/\/www.europesays.com\/lv\/wp-json\/wp\/v2\/media?parent=94966"}],"wp:term":[{"taxonomy":"category","embeddable":true,"href":"https:\/\/www.europesays.com\/lv\/wp-json\/wp\/v2\/categories?post=94966"},{"taxonomy":"post_tag","embeddable":true,"href":"https:\/\/www.europesays.com\/lv\/wp-json\/wp\/v2\/tags?post=94966"}],"curies":[{"name":"wp","href":"https:\/\/api.w.org\/{rel}","templated":true}]}}