{"id":94984,"date":"2026-01-05T10:06:08","date_gmt":"2026-01-05T10:06:08","guid":{"rendered":"https:\/\/www.europesays.com\/lv\/94984\/"},"modified":"2026-01-05T10:06:08","modified_gmt":"2026-01-05T10:06:08","slug":"generalprokuratura-izsaka-bridinajumu-partijai-stabilitatei","status":"publish","type":"post","link":"https:\/\/www.europesays.com\/lv\/94984\/","title":{"rendered":"\u0122ener\u0101lprokurat\u016bra izsaka br\u012bdin\u0101jumu partijai \u201cStabilit\u0101tei!\u201d"},"content":{"rendered":"<p>Br\u012bdin\u0101jums izteikts, jo prokurat\u016bra ir saskat\u012bjusi Politisko partiju likuma 7. panta ceturtaj\u0101 un piektaj\u0101 da\u013c\u0101 noteikto aizliegumu p\u0101rk\u0101pumus. \u0160\u012bs normas paredz, ka partijai t\u0101s darb\u012bb\u0101 aizliegts v\u0113rsties pret Latvijas vai citu demokr\u0101tisku valstu neatkar\u012bbu, teritori\u0101lo nedal\u0101m\u012bbu, izteikt vai izplat\u012bt priek\u0161likumus par Latvijas vai citas demokr\u0101tiskas valsts iek\u0101rtas vardarb\u012bgu groz\u012b\u0161anu, aicin\u0101t nepild\u012bt likumus, ja t\u0101d\u0113j\u0101di tiek apdraud\u0113ta valsts dro\u0161\u012bba, sabiedrisk\u0101 dro\u0161\u012bba vai k\u0101rt\u012bba, sludin\u0101t vardarb\u012bbu vai terorismu, propagand\u0113t karu, veikt darb\u012bbas, kas v\u0113rstas uz nacion\u0101l\u0101 naida izrais\u012b\u0161anu, slav\u0113t vai aicin\u0101t izdar\u012bt noziedz\u012bgus nodar\u012bjumus.<\/p>\n","protected":false},"excerpt":{"rendered":"Br\u012bdin\u0101jums izteikts, jo prokurat\u016bra ir saskat\u012bjusi Politisko partiju likuma 7. panta ceturtaj\u0101 un piektaj\u0101 da\u013c\u0101 noteikto aizliegumu p\u0101rk\u0101pumus.&hellip;\n","protected":false},"author":2,"featured_media":94985,"comment_status":"","ping_status":"","sticky":false,"template":"","format":"standard","meta":{"footnotes":""},"categories":[12],"tags":[23,28,29,32,33,22,30,31,35,39,38,36,37,34,40,20,26,27,24,25,21],"class_list":{"0":"post-94984","1":"post","2":"type-post","3":"status-publish","4":"format-standard","5":"has-post-thumbnail","7":"category-latvija","8":"tag-aktualitates","9":"tag-breaking-news","10":"tag-breakingnews","11":"tag-featured-news","12":"tag-featurednews","13":"tag-headlines","14":"tag-latest-news","15":"tag-latestnews","16":"tag-latvia","17":"tag-latvian","18":"tag-latviesu","19":"tag-latviesu-valoda","20":"tag-latviesuvaloda","21":"tag-latvija","22":"tag-lv","23":"tag-news","24":"tag-popularakas-zinas","25":"tag-popularakaszinas","26":"tag-top-stories","27":"tag-topstories","28":"tag-zinas"},"share_on_mastodon":{"url":"https:\/\/pubeurope.com\/@lv\/115841937065437210","error":""},"_links":{"self":[{"href":"https:\/\/www.europesays.com\/lv\/wp-json\/wp\/v2\/posts\/94984","targetHints":{"allow":["GET"]}}],"collection":[{"href":"https:\/\/www.europesays.com\/lv\/wp-json\/wp\/v2\/posts"}],"about":[{"href":"https:\/\/www.europesays.com\/lv\/wp-json\/wp\/v2\/types\/post"}],"author":[{"embeddable":true,"href":"https:\/\/www.europesays.com\/lv\/wp-json\/wp\/v2\/users\/2"}],"replies":[{"embeddable":true,"href":"https:\/\/www.europesays.com\/lv\/wp-json\/wp\/v2\/comments?post=94984"}],"version-history":[{"count":0,"href":"https:\/\/www.europesays.com\/lv\/wp-json\/wp\/v2\/posts\/94984\/revisions"}],"wp:featuredmedia":[{"embeddable":true,"href":"https:\/\/www.europesays.com\/lv\/wp-json\/wp\/v2\/media\/94985"}],"wp:attachment":[{"href":"https:\/\/www.europesays.com\/lv\/wp-json\/wp\/v2\/media?parent=94984"}],"wp:term":[{"taxonomy":"category","embeddable":true,"href":"https:\/\/www.europesays.com\/lv\/wp-json\/wp\/v2\/categories?post=94984"},{"taxonomy":"post_tag","embeddable":true,"href":"https:\/\/www.europesays.com\/lv\/wp-json\/wp\/v2\/tags?post=94984"}],"curies":[{"name":"wp","href":"https:\/\/api.w.org\/{rel}","templated":true}]}}