{"id":94990,"date":"2026-01-05T10:17:04","date_gmt":"2026-01-05T10:17:04","guid":{"rendered":"https:\/\/www.europesays.com\/lv\/94990\/"},"modified":"2026-01-05T10:17:04","modified_gmt":"2026-01-05T10:17:04","slug":"turisti-ieluzt-ledu-pie-jegalas-udenskrituma-igaunija","status":"publish","type":"post","link":"https:\/\/www.europesays.com\/lv\/94990\/","title":{"rendered":"T\u016bristi iel\u016bzt led\u016b pie Jegalas \u016bdenskrituma Igaunij\u0101"},"content":{"rendered":"<p class=\"descr\">&#8220;\u0160odien m\u0113s piedz\u012bvoj\u0101m patiesi \u0161ausmino\u0161u br\u012bdi,&#8221; sav\u0101 soci\u0101lo mediju lap\u0101 rakst\u012bja Tallinas iedz\u012bvot\u0101ja Jana &#8211; vi\u0146a un vi\u0146as v\u012brs iel\u016bza led\u016b pie Jegalas \u016bdenskrituma. Incidents var\u0113ja beigties tra\u0123iski, ja gar\u0101mg\u0101j\u0113js neb\u016btu steidzies vi\u0146iem pal\u012bg\u0101, raksta \u201cpostimees.ee\u201d.<\/p>\n<p>Sestdien, 3. janv\u0101r\u012b, Jana un vi\u0146as v\u012brs Andrejs dev\u0101s pastaig\u0101 uz Jegalas \u016bdenskritumu. Kr\u012bto\u0161a \u016bdens skats ziem\u0101 ir patiesi fascin\u0113jo\u0161s, un p\u0101ris nol\u0113ma uz\u0146emt da\u017eas neaizmirstamas fotogr\u0101fijas. Tom\u0113r fotosesijas laik\u0101 Jana negaid\u012bti <a href=\"https:\/\/nra.lv\/latvija\/64616-ledu-ielust-cetrus-un-devinus-gadus-veci-berni.htm\" data-item-link=\"true\" data-item-id=\"64616\" rel=\"nofollow noopener\" target=\"_blank\">iel\u016bza led\u016b.<\/a><\/p>\n<p>&#8220;Mans v\u012brs nekav\u0113joties steidz\u0101s man pal\u012bg\u0101, bet ar\u012b vi\u0146\u0161 iel\u016bza. Situ\u0101cija bija kritiska,&#8221; vi\u0146a atceras. Incidents var\u0113ja beigties tra\u0123iski, ja net\u0101lu neb\u016btu k\u0101ds v\u012brietis ar savu \u0123imeni.<\/p>\n<p>&#8220;Vi\u0146\u0161 bez vilcin\u0101\u0161an\u0101s n\u0101ca mums pal\u012bg\u0101 un pasniedza roku. Pateicoties vi\u0146am, mums izdev\u0101s izgl\u0101bties un izdz\u012bvot. Tas bija gandr\u012bz vai min\u016b\u0161u jaut\u0101jums, un viss var\u0113ja beigties cit\u0101di.<\/p>\n<p>\u0160odien ir mana otr\u0101 dzim\u0161anas diena! Diem\u017e\u0113l intens\u012bv\u0101 \u0161oka un bai\u013cu d\u0113\u013c, ko piedz\u012bvoj\u0101m, mums pat nebija laika vi\u0146am pateikties vai uzzin\u0101t vi\u0146a v\u0101rdu,&#8221; saka Jana, nor\u0101dot, ka vi\u0146a un vi\u0146as v\u012brs v\u0113las atrast savu gl\u0101b\u0113ju un pateikties vi\u0146am.<\/p>\n<p>&#8220;Es v\u0113los atrast \u0161o sarge\u0146\u0123eli. Es v\u0113l\u0113tos person\u012bgi pateikties vi\u0146am par vi\u0146a drosmi, l\u012bdzj\u016bt\u012bbu un cilv\u0113c\u012bbu. Ja atpaz\u012bstat sevi vai paz\u012bstat v\u012brieti, kur\u0161 mums pal\u012bdz\u0113ja izk\u013c\u016bt no ledus zem \u016bdenskrituma, l\u016bdzu, sazinieties ar mums. R\u016bp\u0113jieties par sevi un saviem m\u012b\u013cajiem!&#8221; vi\u0146a rakst\u012bja.<\/p>\n<p>\t\t\t\t\t\tinfo<\/p>\n<p>Uzzini pirmais<br \/>kas interesants noticis Latvij\u0101 un pasaul\u0113,<br \/>pievienojoties mums <a href=\"https:\/\/t.me\/neatkariga\" rel=\"nofollow\">Telegram<\/a> vai <a href=\"https:\/\/whatsapp.com\/channel\/0029VaMLFUH5K3zLU5s4wm3y\" rel=\"nofollow noopener\" target=\"_blank\">Whatsapp<\/a> kan\u0101l\u0101<\/p>\n","protected":false},"excerpt":{"rendered":"&#8220;\u0160odien m\u0113s piedz\u012bvoj\u0101m patiesi \u0161ausmino\u0161u br\u012bdi,&#8221; sav\u0101 soci\u0101lo mediju lap\u0101 rakst\u012bja Tallinas iedz\u012bvot\u0101ja Jana &#8211; vi\u0146a un vi\u0146as&hellip;\n","protected":false},"author":2,"featured_media":94991,"comment_status":"","ping_status":"","sticky":false,"template":"","format":"standard","meta":{"footnotes":""},"categories":[14],"tags":[23,57,28,29,32,33,22,30,31,35,39,38,36,37,34,40,20,26,27,24,25,54,55,56,21,58],"class_list":{"0":"post-94990","1":"post","2":"type-post","3":"status-publish","4":"format-standard","5":"has-post-thumbnail","7":"category-zinas-no-arvalstim","8":"tag-aktualitates","9":"tag-arvalstim","10":"tag-breaking-news","11":"tag-breakingnews","12":"tag-featured-news","13":"tag-featurednews","14":"tag-headlines","15":"tag-latest-news","16":"tag-latestnews","17":"tag-latvia","18":"tag-latvian","19":"tag-latviesu","20":"tag-latviesu-valoda","21":"tag-latviesuvaloda","22":"tag-latvija","23":"tag-lv","24":"tag-news","25":"tag-popularakas-zinas","26":"tag-popularakaszinas","27":"tag-top-stories","28":"tag-topstories","29":"tag-world","30":"tag-world-news","31":"tag-worldnews","32":"tag-zinas","33":"tag-zinas-no-arvalstim"},"share_on_mastodon":{"url":"https:\/\/pubeurope.com\/@lv\/115841980466059860","error":""},"_links":{"self":[{"href":"https:\/\/www.europesays.com\/lv\/wp-json\/wp\/v2\/posts\/94990","targetHints":{"allow":["GET"]}}],"collection":[{"href":"https:\/\/www.europesays.com\/lv\/wp-json\/wp\/v2\/posts"}],"about":[{"href":"https:\/\/www.europesays.com\/lv\/wp-json\/wp\/v2\/types\/post"}],"author":[{"embeddable":true,"href":"https:\/\/www.europesays.com\/lv\/wp-json\/wp\/v2\/users\/2"}],"replies":[{"embeddable":true,"href":"https:\/\/www.europesays.com\/lv\/wp-json\/wp\/v2\/comments?post=94990"}],"version-history":[{"count":0,"href":"https:\/\/www.europesays.com\/lv\/wp-json\/wp\/v2\/posts\/94990\/revisions"}],"wp:featuredmedia":[{"embeddable":true,"href":"https:\/\/www.europesays.com\/lv\/wp-json\/wp\/v2\/media\/94991"}],"wp:attachment":[{"href":"https:\/\/www.europesays.com\/lv\/wp-json\/wp\/v2\/media?parent=94990"}],"wp:term":[{"taxonomy":"category","embeddable":true,"href":"https:\/\/www.europesays.com\/lv\/wp-json\/wp\/v2\/categories?post=94990"},{"taxonomy":"post_tag","embeddable":true,"href":"https:\/\/www.europesays.com\/lv\/wp-json\/wp\/v2\/tags?post=94990"}],"curies":[{"name":"wp","href":"https:\/\/api.w.org\/{rel}","templated":true}]}}