{"id":95108,"date":"2026-01-05T11:55:14","date_gmt":"2026-01-05T11:55:14","guid":{"rendered":"https:\/\/www.europesays.com\/lv\/95108\/"},"modified":"2026-01-05T11:55:14","modified_gmt":"2026-01-05T11:55:14","slug":"latvijas-praktiskais-atbalsts-ukrainai-kops-kara-sakuma-sasniedz-gandriz-miljardu-eiro","status":"publish","type":"post","link":"https:\/\/www.europesays.com\/lv\/95108\/","title":{"rendered":"Latvijas praktiskais atbalsts Ukrainai kop\u0161 kara s\u0101kuma sasniedz gandr\u012bz miljardu eiro"},"content":{"rendered":"<p>2025. gada decembr\u012b ES dal\u012bbvalstis vienoj\u0101s par Krievijas Centr\u0101l\u0101s bankas imobiliz\u0113to l\u012bdzek\u013cu iesald\u0113\u0161anu uz nenoteiktu laiku, un decembra Eiropadom\u0113 l\u0113ma par labu ES aiz\u0146\u0113muma risin\u0101jumam finans\u0113juma nodro\u0161in\u0101\u0161anai Ukrainai turpm\u0101kajiem diviem gadiem.<\/p>\n<p>Tikm\u0113r \u0161or\u012bt intervij\u0101 LTV &#8220;R\u012bta panor\u0101m\u0101&#8221; Nacion\u0101lo bru\u0146oto sp\u0113ku (NBS) komandieris Kaspars Pud\u0101ns sprieda &#8211; pat ja karadarb\u012bbu Ukrain\u0101 \u0161ogad izdotos iesald\u0113t, to nedr\u012bkst\u0113tu uztvert k\u0101 risin\u0101jumu, kas \u013cautu atsl\u0101bt r\u016bp\u0113s par Latvijas dro\u0161\u012bbu un pa\u0161iem mazin\u0101t dro\u0161\u012bbas stiprin\u0101\u0161anas aktivit\u0101tes.<\/p>\n<p>Kopum\u0101 v\u0113rt\u0113jot Latvijas dro\u0161\u012bbas situ\u0101ciju, Pud\u0101ns atz\u012bm\u0113ja, ka t\u0101 ir atkar\u012bga no vair\u0101kiem faktoriem, tostarp, to ietekm\u0113 ar\u012b ASV uzbrukums Venecu\u0113lai, bet skaidrs, ka liel\u0101k\u0101 ietekme arvien ir Krievijas karadarb\u012bbai pret Ukrainu.<\/p>\n<p>NBS komandieris piebilda, ka b\u016btiskas b\u016bs ar\u012b Latvij\u0101 ruden\u012b gaid\u0101m\u0101s Saeimas v\u0113l\u0113\u0161anas. Kopum\u0101 Latvijas dro\u0161\u012bbas situ\u0101ciju ietekm\u0113jo\u0161ajos aspektos Pud\u0101ns b\u016btiskas izmai\u0146as neparedz.<\/p>\n<p>Armijas vad\u012bt\u0101js inform\u0113ja, ka \u0161aj\u0101 gad\u0101 vair\u0101k nek\u0101 puse aizsardz\u012bbas bud\u017eeta aizies milit\u0101ro sp\u0113ju stiprin\u0101\u0161an\u0101, l\u012bdz ar to att\u012bst\u012bba it k\u0101 notiek nedaudz nesabalans\u0113ti, bet tas nepiecie\u0161ams, jo \u0161o sp\u0113ju att\u012bst\u012b\u0161ana iepriek\u0161\u0113jos gados iepalika, jo pirms kara Ukrain\u0101 s\u0101kuma Latvijas armija fokus\u0113j\u0101s uz cit\u0101m priorit\u0101t\u0113m.<\/p>\n","protected":false},"excerpt":{"rendered":"2025. gada decembr\u012b ES dal\u012bbvalstis vienoj\u0101s par Krievijas Centr\u0101l\u0101s bankas imobiliz\u0113to l\u012bdzek\u013cu iesald\u0113\u0161anu uz nenoteiktu laiku, un decembra&hellip;\n","protected":false},"author":2,"featured_media":95109,"comment_status":"","ping_status":"","sticky":false,"template":"","format":"standard","meta":{"footnotes":""},"categories":[5],"tags":[23,7134,28,29,32,33,22,74,30,31,35,39,38,36,37,34,40,20,26,27,24,25,276,21],"class_list":{"0":"post-95108","1":"post","2":"type-post","3":"status-publish","4":"format-standard","5":"has-post-thumbnail","7":"category-aktualitates","8":"tag-aktualitates","9":"tag-atbalsts","10":"tag-breaking-news","11":"tag-breakingnews","12":"tag-featured-news","13":"tag-featurednews","14":"tag-headlines","15":"tag-krievijas-iebrukums-ukraina","16":"tag-latest-news","17":"tag-latestnews","18":"tag-latvia","19":"tag-latvian","20":"tag-latviesu","21":"tag-latviesu-valoda","22":"tag-latviesuvaloda","23":"tag-latvija","24":"tag-lv","25":"tag-news","26":"tag-popularakas-zinas","27":"tag-popularakaszinas","28":"tag-top-stories","29":"tag-topstories","30":"tag-ukraina","31":"tag-zinas"},"share_on_mastodon":{"url":"https:\/\/pubeurope.com\/@lv\/115842365741744068","error":""},"_links":{"self":[{"href":"https:\/\/www.europesays.com\/lv\/wp-json\/wp\/v2\/posts\/95108","targetHints":{"allow":["GET"]}}],"collection":[{"href":"https:\/\/www.europesays.com\/lv\/wp-json\/wp\/v2\/posts"}],"about":[{"href":"https:\/\/www.europesays.com\/lv\/wp-json\/wp\/v2\/types\/post"}],"author":[{"embeddable":true,"href":"https:\/\/www.europesays.com\/lv\/wp-json\/wp\/v2\/users\/2"}],"replies":[{"embeddable":true,"href":"https:\/\/www.europesays.com\/lv\/wp-json\/wp\/v2\/comments?post=95108"}],"version-history":[{"count":0,"href":"https:\/\/www.europesays.com\/lv\/wp-json\/wp\/v2\/posts\/95108\/revisions"}],"wp:featuredmedia":[{"embeddable":true,"href":"https:\/\/www.europesays.com\/lv\/wp-json\/wp\/v2\/media\/95109"}],"wp:attachment":[{"href":"https:\/\/www.europesays.com\/lv\/wp-json\/wp\/v2\/media?parent=95108"}],"wp:term":[{"taxonomy":"category","embeddable":true,"href":"https:\/\/www.europesays.com\/lv\/wp-json\/wp\/v2\/categories?post=95108"},{"taxonomy":"post_tag","embeddable":true,"href":"https:\/\/www.europesays.com\/lv\/wp-json\/wp\/v2\/tags?post=95108"}],"curies":[{"name":"wp","href":"https:\/\/api.w.org\/{rel}","templated":true}]}}