{"id":95122,"date":"2026-01-05T12:07:10","date_gmt":"2026-01-05T12:07:10","guid":{"rendered":"https:\/\/www.europesays.com\/lv\/95122\/"},"modified":"2026-01-05T12:07:10","modified_gmt":"2026-01-05T12:07:10","slug":"liepajas-osta-esosa-kuga-saistiba-ar-optiska-kabela-bojasanu-patlaban-nav-apstiprinajusies","status":"publish","type":"post","link":"https:\/\/www.europesays.com\/lv\/95122\/","title":{"rendered":"Liep\u0101jas ost\u0101 eso\u0161\u0101 ku\u0123a saist\u012bba ar optisk\u0101 kabe\u013ca boj\u0101\u0161anu patlaban nav apstiprin\u0101jusies"},"content":{"rendered":"<p>T\u0101pat v\u0113st\u012bts, ka ar\u012b Somijas telekomunik\u0101ciju uz\u0146\u0113mums &#8220;Elisa&#8221; 31. decembra r\u012bt\u0101 konstat\u0113ja kabe\u013ca boj\u0101jumu un par to zi\u0146oja Somijas varasiest\u0101d\u0113m.<\/p>\n<p>Somijas robe\u017esardzes patru\u013cku\u0123is un helikopters aizdom\u0101s tur\u0113to ku\u0123i fiks\u0113ja Somijas ekskluz\u012bvaj\u0101 ekonomiskaj\u0101 zon\u0101 un tika konstat\u0113ts, ka ku\u0123a enkurs ir nolaists j\u016br\u0101.<\/p>\n<p>Somijas robe\u017esardze lika ku\u0123im apst\u0101ties, pacelt enkuru un doties uz Somijas teritori\u0101lajiem \u016bde\u0146iem. Pa\u0161laik ku\u0123is atrodas Kantvikas ost\u0101.<\/p>\n<p>&#8220;Elisa&#8221; pazi\u0146ojusi, ka boj\u0101t\u0101 kabe\u013ca d\u0113\u013c uz\u0146\u0113muma klientiem ne Somij\u0101, ne Igaunij\u0101 nav radu\u0161ies sakaru trauc\u0113jumi.<\/p>\n<p>LETA ar\u012b zi\u0146oja, ka 2025. gada 26. janv\u0101ra agr\u0101 r\u012bt\u0101 Baltijas j\u016br\u0101 tika boj\u0101ts VAS &#8220;Latvijas Valsts radio un telev\u012bzijas centrs&#8221; (LVRTC) zem\u016bdens optisko \u0161\u0137iedru kabelis posm\u0101 Ventspils-Gotlande. Kabelim boj\u0101jums tika konstat\u0113ts Zviedrijas ekonomiskajos \u016bde\u0146os aptuveni 130 kilometrus no Latvijas piekrastes. Ar\u012b par \u0161o gad\u012bjumu Latvijas policij\u0101 tika s\u0101kts krimin\u0101lprocess, un, k\u0101 5. janv\u0101r\u012b a\u0123ent\u016brai LETA nor\u0101d\u012bja VP, liet\u0101 turpin\u0101s izmekl\u0113\u0161ana.<\/p>\n<p>Saist\u012bb\u0101 ar kabe\u013ca boj\u0101\u0161anu Zviedrijas varasiest\u0101des bija aiztur\u0113ju\u0161as zem Maltas karoga ku\u0123ojo\u0161o sauskravu ku\u0123i &#8220;Vezhen&#8221;.<\/p>\n<p>Ku\u0123a \u012bpa\u0161nieks &#8220;Navigation Maritime Bulgares&#8221; noliedza apzin\u0101tu kabe\u013ca saboj\u0101\u0161anu, k\u0101 ar\u012b Zviedrijas prokurat\u016bra v\u0113l\u0101k noraid\u012bja sabot\u0101\u017eas iesp\u0113jam\u012bbu kabe\u013ca boj\u0101jum\u0101 un pazi\u0146oja, ka atbr\u012bvo &#8220;Vezhen&#8221;, vienlaikus gan atz\u012bstot, ka tas izrais\u012bja \u0161o boj\u0101jumu.<\/p>\n<p>Zviedrijas prokurors Matss Ljungkvists skaidroja, ka kabe\u013ca boj\u0101jumu izrais\u012bja nelabv\u0113l\u012bgu apst\u0101k\u013cu kombin\u0101cija &#8211; laika apst\u0101k\u013ci, nepiln\u012bbas apr\u012bkojum\u0101 un ku\u0123niec\u012bbas zin\u0101\u0161anu tr\u016bkums.<\/p>\n<p>LVRTC j\u016bras optisk\u0101 kabe\u013ca boj\u0101juma nov\u0113r\u0161ana izmaks\u0101jusi teju 500 000 eiro.<\/p>\n","protected":false},"excerpt":{"rendered":"T\u0101pat v\u0113st\u012bts, ka ar\u012b Somijas telekomunik\u0101ciju uz\u0146\u0113mums &#8220;Elisa&#8221; 31. decembra r\u012bt\u0101 konstat\u0113ja kabe\u013ca boj\u0101jumu un par to zi\u0146oja&hellip;\n","protected":false},"author":2,"featured_media":95123,"comment_status":"","ping_status":"","sticky":false,"template":"","format":"standard","meta":{"footnotes":""},"categories":[5],"tags":[23,1934,28,29,32,33,22,30,31,35,39,38,36,37,34,444,40,20,26,27,24,25,138,21],"class_list":{"0":"post-95122","1":"post","2":"type-post","3":"status-publish","4":"format-standard","5":"has-post-thumbnail","7":"category-aktualitates","8":"tag-aktualitates","9":"tag-baltijas-jura","10":"tag-breaking-news","11":"tag-breakingnews","12":"tag-featured-news","13":"tag-featurednews","14":"tag-headlines","15":"tag-latest-news","16":"tag-latestnews","17":"tag-latvia","18":"tag-latvian","19":"tag-latviesu","20":"tag-latviesu-valoda","21":"tag-latviesuvaloda","22":"tag-latvija","23":"tag-liepaja","24":"tag-lv","25":"tag-news","26":"tag-popularakas-zinas","27":"tag-popularakaszinas","28":"tag-top-stories","29":"tag-topstories","30":"tag-valsts-policija","31":"tag-zinas"},"share_on_mastodon":{"url":"https:\/\/pubeurope.com\/@lv\/115842412994183920","error":""},"_links":{"self":[{"href":"https:\/\/www.europesays.com\/lv\/wp-json\/wp\/v2\/posts\/95122","targetHints":{"allow":["GET"]}}],"collection":[{"href":"https:\/\/www.europesays.com\/lv\/wp-json\/wp\/v2\/posts"}],"about":[{"href":"https:\/\/www.europesays.com\/lv\/wp-json\/wp\/v2\/types\/post"}],"author":[{"embeddable":true,"href":"https:\/\/www.europesays.com\/lv\/wp-json\/wp\/v2\/users\/2"}],"replies":[{"embeddable":true,"href":"https:\/\/www.europesays.com\/lv\/wp-json\/wp\/v2\/comments?post=95122"}],"version-history":[{"count":0,"href":"https:\/\/www.europesays.com\/lv\/wp-json\/wp\/v2\/posts\/95122\/revisions"}],"wp:featuredmedia":[{"embeddable":true,"href":"https:\/\/www.europesays.com\/lv\/wp-json\/wp\/v2\/media\/95123"}],"wp:attachment":[{"href":"https:\/\/www.europesays.com\/lv\/wp-json\/wp\/v2\/media?parent=95122"}],"wp:term":[{"taxonomy":"category","embeddable":true,"href":"https:\/\/www.europesays.com\/lv\/wp-json\/wp\/v2\/categories?post=95122"},{"taxonomy":"post_tag","embeddable":true,"href":"https:\/\/www.europesays.com\/lv\/wp-json\/wp\/v2\/tags?post=95122"}],"curies":[{"name":"wp","href":"https:\/\/api.w.org\/{rel}","templated":true}]}}