{"id":9514,"date":"2025-10-01T08:31:10","date_gmt":"2025-10-01T08:31:10","guid":{"rendered":"https:\/\/www.europesays.com\/lv\/9514\/"},"modified":"2025-10-01T08:31:10","modified_gmt":"2025-10-01T08:31:10","slug":"no-novembra-bus-obligati-janorada-buvniecibas-finansejuma-izcelsme","status":"publish","type":"post","link":"https:\/\/www.europesays.com\/lv\/9514\/","title":{"rendered":"No novembra b\u016bs oblig\u0101ti j\u0101nor\u0101da b\u016bvniec\u012bbas finans\u0113juma izcelsme"},"content":{"rendered":"<p>No 1. novembra vis\u0101m fiziskaj\u0101m person\u0101m, kas uzs\u0101ks&#13;<br \/>\nb\u016bvniec\u012bbas procesu, B\u016bvniec\u012bbas inform\u0101cijas sist\u0113m\u0101 (BIS) b\u016bs j\u0101nor\u0101da, no&#13;<br \/>\nk\u0101diem avotiem tiks finans\u0113ta b\u016bvniec\u012bba, v\u0113sta Latvijas Telev\u012bzijas \u201cPanor\u0101ma\u201d.&#13;<br \/>\n\u0160is solis ir viens no pas\u0101kumiem \u0113nu ekonomikas ierobe\u017eo\u0161anas pl\u0101n\u0101, lai&#13;<br \/>\nmazin\u0101tu neleg\u0101lo naudas apriti. Ekonomisti uzsver, ka vienas aktivit\u0101tes&#13;<br \/>\nietekmi ir gr\u016bti izm\u0113r\u012bt, tom\u0113r kop\u0101 ar citiem instrumentiem t\u0101 var\u0113tu pal\u012bdz\u0113t&#13;<br \/>\nierobe\u017eot \u0113nu ekonomiku.<\/p>\n<p>\u0112nu ekonomika Latvij\u0101 tiek l\u0113sta apm\u0113ram piekt\u0101s da\u013cas&#13;<br \/>\napm\u0113r\u0101 no iek\u0161zemes kopprodukta, ta\u010du b\u016bvniec\u012bbas nozar\u0113 situ\u0101cija ir krietni&#13;<br \/>\nnopietn\u0101ka \u2013 tur neleg\u0101l\u0101 aprite veidojot pat tre\u0161da\u013cu tirgus. \u012apa\u0161i liels&#13;<br \/>\nrisks esot tie\u0161i priv\u0101tpersonu b\u016bvniec\u012bbas projektos, kur bie\u017ei izmantojot&#13;<br \/>\nskaidru naudu algu izmaksai, t\u0101 radot nevienl\u012bdz\u012bgu konkurenci tiem uz\u0146\u0113m\u0113jiem,&#13;<br \/>\nkas maks\u0101 visus nodok\u013cus.<\/p>\n<p>B\u016bvnieku asoci\u0101cija uzsver, ka jaun\u0101 pras\u012bba ir solis uz&#13;<br \/>\npriek\u0161u, jo t\u0101 var\u0113tu mazin\u0101t aplok\u0161\u0146u algu risku un pal\u012bdz\u0113t izl\u012bdzin\u0101t&#13;<br \/>\nkonkurences apst\u0101k\u013cus starp publisko un priv\u0101to sektoru. Turpm\u0101k BIS sist\u0113m\u0101&#13;<br \/>\nb\u016bvniekiem b\u016bs j\u0101atz\u012bm\u0113, vai b\u016bvniec\u012bbu finans\u0113 darba algas, saimniecisk\u0101s&#13;<br \/>\ndarb\u012bbas ien\u0101kumi, aizdevums vai citi naudas avoti.<\/p>\n<p>Ekonomikas ministrija skaidro, ka \u0161\u0101di tiks ieg\u016bti dati ar\u012b&#13;<br \/>\npar citu nozaru nedeklar\u0113tajiem ien\u0101kumiem. Savuk\u0101rt Valsts ie\u0146\u0113mumu dienests&#13;<br \/>\nuzsver \u2013 \u0161is instruments pal\u012bdz\u0113s izv\u0113rt\u0113t tos iedz\u012bvot\u0101jus, kuru ien\u0101kumi&#13;<br \/>\nneatbilst vi\u0146u dz\u012bvesveidam, piem\u0113ram, ja tiek b\u016bv\u0113tas priv\u0101tm\u0101jas, lai gan&#13;<br \/>\nleg\u0101lu ien\u0101kumu avotu nav. Dienests nor\u0101da, ka iedz\u012bvot\u0101jiem ar hipotek\u0101ro&#13;<br \/>\nkred\u012btu par \u0161o pras\u012bbu nav j\u0101uztraucas.<\/p>\n<p>\u0112nu ekonomikas p\u0113tnieks Arnis Sauka uzsver, ka vienai&#13;<br \/>\naktivit\u0101tei b\u016bs gr\u016bti sniegt b\u016btisku ietekmi, ta\u010du kopum\u0101 \u0161\u0101da prakse var\u0113tu&#13;<br \/>\nnostiprin\u0101t izpratni, ka ar\u012b priv\u0101tperson\u0101m j\u0101pier\u0101da naudas izcelsme.&#13;<br \/>\nVienlaikus tiek atg\u0101din\u0101ts, ka BIS sniegt\u0101 inform\u0101cija neb\u016bs publiski pieejama,&#13;<br \/>\nbet to izmantos tikai valsts iest\u0101des.<\/p>\n","protected":false},"excerpt":{"rendered":"No 1. novembra vis\u0101m fiziskaj\u0101m person\u0101m, kas uzs\u0101ks&#13; b\u016bvniec\u012bbas procesu, B\u016bvniec\u012bbas inform\u0101cijas sist\u0113m\u0101 (BIS) b\u016bs j\u0101nor\u0101da, no&#13; k\u0101diem&hellip;\n","protected":false},"author":2,"featured_media":9515,"comment_status":"","ping_status":"","sticky":false,"template":"","format":"standard","meta":{"footnotes":""},"categories":[12],"tags":[129,3697,3694,23,28,29,32,33,22,30,31,35,39,38,36,37,34,40,20,26,27,3695,3698,3696,3699,24,25,21],"class_list":{"0":"post-9514","1":"post","2":"type-post","3":"status-publish","4":"format-standard","5":"has-post-thumbnail","7":"category-latvija","8":"tag-__typenameadvicekeyword","9":"tag-id1184","10":"tag-id452","11":"tag-aktualitates","12":"tag-breaking-news","13":"tag-breakingnews","14":"tag-featured-news","15":"tag-featurednews","16":"tag-headlines","17":"tag-latest-news","18":"tag-latestnews","19":"tag-latvia","20":"tag-latvian","21":"tag-latviesu","22":"tag-latviesu-valoda","23":"tag-latviesuvaloda","24":"tag-latvija","25":"tag-lv","26":"tag-news","27":"tag-popularakas-zinas","28":"tag-popularakaszinas","29":"tag-slugbuvnieciba","30":"tag-slugkorupcija","31":"tag-titlebuvnieciba","32":"tag-titlekorupcija","33":"tag-top-stories","34":"tag-topstories","35":"tag-zinas"},"share_on_mastodon":{"url":"","error":""},"_links":{"self":[{"href":"https:\/\/www.europesays.com\/lv\/wp-json\/wp\/v2\/posts\/9514","targetHints":{"allow":["GET"]}}],"collection":[{"href":"https:\/\/www.europesays.com\/lv\/wp-json\/wp\/v2\/posts"}],"about":[{"href":"https:\/\/www.europesays.com\/lv\/wp-json\/wp\/v2\/types\/post"}],"author":[{"embeddable":true,"href":"https:\/\/www.europesays.com\/lv\/wp-json\/wp\/v2\/users\/2"}],"replies":[{"embeddable":true,"href":"https:\/\/www.europesays.com\/lv\/wp-json\/wp\/v2\/comments?post=9514"}],"version-history":[{"count":0,"href":"https:\/\/www.europesays.com\/lv\/wp-json\/wp\/v2\/posts\/9514\/revisions"}],"wp:featuredmedia":[{"embeddable":true,"href":"https:\/\/www.europesays.com\/lv\/wp-json\/wp\/v2\/media\/9515"}],"wp:attachment":[{"href":"https:\/\/www.europesays.com\/lv\/wp-json\/wp\/v2\/media?parent=9514"}],"wp:term":[{"taxonomy":"category","embeddable":true,"href":"https:\/\/www.europesays.com\/lv\/wp-json\/wp\/v2\/categories?post=9514"},{"taxonomy":"post_tag","embeddable":true,"href":"https:\/\/www.europesays.com\/lv\/wp-json\/wp\/v2\/tags?post=9514"}],"curies":[{"name":"wp","href":"https:\/\/api.w.org\/{rel}","templated":true}]}}