{"id":95150,"date":"2026-01-05T12:29:08","date_gmt":"2026-01-05T12:29:08","guid":{"rendered":"https:\/\/www.europesays.com\/lv\/95150\/"},"modified":"2026-01-05T12:29:08","modified_gmt":"2026-01-05T12:29:08","slug":"teatra-nama-juras-varti-atklas-jauna-gada-pirmas-divas-izstades","status":"publish","type":"post","link":"https:\/\/www.europesays.com\/lv\/95150\/","title":{"rendered":"Te\u0101tra nam\u0101 \u201cJ\u016bras v\u0101rti\u201d atkl\u0101s jaun\u0101 gada pirm\u0101s divas izst\u0101des"},"content":{"rendered":"<p>Tre\u0161dien, 7. janv\u0101r\u012b, plkst. 16.00 te\u0101tra nam\u0101 \u201cJ\u016bras v\u0101rti\u201d atkl\u0101s pirm\u0101s divas 2026. gada izst\u0101des \u2013 galerij\u0101 b\u016bs skat\u0101ma Ventspils M\u0101kslas skolas\u00a0absolventu nosl\u0113guma darbu izst\u0101de \u201cTelpa starp mums\u201d, bet izst\u0101\u017eu z\u0101l\u0113 tiks izst\u0101d\u012bta gleznot\u0101jas Madaras Gulbis ekspoz\u012bcija \u201cDa\u017e\u0101di debesu skati\u201d.<\/p>\n<p>Jau par trad\u012bciju k\u013cuvis, izst\u0101\u017eu gadu te\u0101tra nam\u0101 \u201cJ\u016bras v\u0101rti\u201d s\u0101kt Ventspils M\u0101kslas skolas absolventu darbu izst\u0101d\u012b\u0161anu. Izst\u0101d\u0113 \u201cTelpa starp mums\u201d mazaj\u0101 galerij\u0101 b\u016bs apskat\u0101mi 2025. gada absolventu darbi, kuros jaunie m\u0101kslinieki atspogu\u013coju\u0161i personiskos p\u0113t\u012bjumus par \u201ctelpu\u201d, kas veidojas starp \u201ces\u201d un \u201ctu\u201d, starp fizisko un emocion\u0101lo, starp klusumu un dialogu, k\u0101 ar\u012b\u00a0 atkl\u0101j jauno m\u0101kslinieku redz\u0113jumu par attiec\u012bb\u0101m, tuvumu, att\u0101lumu un neredzamaj\u0101m robe\u017e\u0101m starp cilv\u0113kiem, viet\u0101m un pieredz\u0113m. Nosaukums \u201cTelpa starp mums\u201d v\u0113sta par kop\u012bbas saj\u016btu un reiz\u0113 ar\u012b at\u0161\u0137irt\u012bbu. T\u0101 ir vieta, kur\u0101 sastopas da\u017e\u0101di skatupunkti un emocion\u0101l\u0101s izpausmes. Darbu realiz\u0101cija un m\u0101ksliniecisko risin\u0101jumu atveido\u0161ana notika pedagogu Ingas Insbergas, El\u012bnas Ozoli\u0146as, Evas Kaufmanes Lauss un Initas Dzalbes vad\u012bb\u0101.<\/p>\n<p>Izst\u0101\u017eu z\u0101l\u0113 gleznot\u0101jas Madara Gulbis ekspoz\u012bciju \u201cDa\u017e\u0101di debesu skati\u201d veido da\u017e\u0101du gadu darbi. Tie ir e\u013c\u013cas glezniec\u012bbas tehnik\u0101, vizu\u0101laj\u0101 izteiksm\u0113 vienoti \u2013 gaiss, gaisma, debesis, daba ap mums un to izrais\u012bt\u0101s saj\u016btas. Daudzk\u0101rt\u0113ja kr\u0101sas k\u0101rtu kl\u0101\u0161ana, laz\u0113\u0161ana dod iesp\u0113ju rad\u012bt akvarelisku vieglumu, gaisa un gaismas kl\u0101tb\u016btni, kas sevi\u0161\u0137i vajadz\u012bgi ir gada tum\u0161aj\u0101 period\u0101. M\u0101ksliniece izst\u0101d\u0113s piedal\u0101s kop\u0161 1993. gada un savus darbus izst\u0101d\u012bjusi R\u012bg\u0101, Oslo, Helsinkos, Stokholm\u0101, Hamburg\u0101, Bonn\u0101, Br\u0113men\u0113, Frankfurt\u0113, \u0160tutgart\u0113, Brisel\u0113, Lisabon\u0101, Var\u0161av\u0101, Baku, Tallin\u0101, Vi\u013c\u0146\u0101, Kair\u0101, Seul\u0101, Ven\u0113cij\u0101. Madarai Gulbis biju\u0161as 28 person\u0101lizst\u0101des, kuras var\u0113ja skat\u012bt ne vien Latvij\u0101, bet ar\u012b Zviedrij\u0101, V\u0101cij\u0101 un Polij\u0101.<\/p>\n<p>\u201cGlezno\u0161ana man ir kas \u013coti \u012bsts un materi\u0101ls \u2013 \u012bst\u0101s kr\u0101sas un kr\u0101su salikumu mekl\u0113\u0161ana. S\u0101kums visam gan ir saj\u016bt\u0101s. Gleznas kompoz\u012bcija vai t\u0113ls man\u012b vispirms ir k\u0101 redz\u0113jums, k\u0101 emocion\u0101ls piedz\u012bvojums. Tad tas p\u0101rtop st\u0101st\u0101, kuru es p\u0101rveidoju ar \u201cm\u0101ksliniecisk\u0101s izteiksmes l\u012bdzek\u013ciem\u201d. Daudz laika veltu \u012bst\u0101s kr\u0101sas, it k\u0101, sapra\u0161anai un satik\u0161anai, kr\u0101su laukumu un proporciju kompoz\u012bcijai. \u0160obr\u012bd gleznojot, aizvien vair\u0101k sekoju v\u0113lmei koncentr\u0113ties uz tagadni, uz katru unik\u0101lo mirkli. Galven\u0101 vadl\u012bnija ir mirk\u013ca apzin\u0101\u0161an\u0101s un \u013cau\u0161an\u0101s tam. Mums nav varas p\u0101r laika rit\u0113jumu un apk\u0101rt eso\u0161\u0101s dz\u012bv\u0101s dabas nepast\u0101v\u012bgumu. Nekas nav pabeigts. Gleznojot apceru jap\u0101\u0146u domu par v\u0113rt\u012bgo m\u0101ksl\u0101 \u2013 tikai tas, kas nav perfekts un kam piem\u012bt nepabeigt\u012bba vai nepast\u0101v\u012bba, t\u0101dej\u0101di atdarinot dabas elementus, tiek uzskat\u012bts par skaistu,\u201d st\u0101sta Madara Gulbis.<\/p>\n<p>Izst\u0101des te\u0101tra nam\u0101 \u201cJ\u016bras v\u0101rti\u201d organiz\u0113 SIA \u201cKurzemes filharmonija\u201d ar Ventspils valstspils\u0113tas pa\u0161vald\u012bbas atbalstu un t\u0101s b\u016bs skat\u0101mas l\u012bdz febru\u0101ra beig\u0101m.<\/p>\n<p>Atkl\u0101\u0161anas pas\u0101kuma laik\u0101 iesp\u0113jama fotograf\u0113\u0161ana un video film\u0113\u0161ana. Ieg\u016btie materi\u0101li tiks izmantoti pas\u0101kuma publicit\u0101tes nol\u016bkos, te\u0101tra nama \u201cJ\u016bras v\u0101rti\u201d m\u0101jas lapas un soci\u0101lo t\u012bklu kontos.<\/p>\n","protected":false},"excerpt":{"rendered":"Tre\u0161dien, 7. janv\u0101r\u012b, plkst. 16.00 te\u0101tra nam\u0101 \u201cJ\u016bras v\u0101rti\u201d atkl\u0101s pirm\u0101s divas 2026. gada izst\u0101des \u2013 galerij\u0101 b\u016bs&hellip;\n","protected":false},"author":2,"featured_media":95151,"comment_status":"","ping_status":"","sticky":false,"template":"","format":"standard","meta":{"footnotes":""},"categories":[14],"tags":[23,57,28,29,32,33,22,30,31,35,39,38,36,37,34,40,20,26,27,24,25,54,55,56,21,58],"class_list":{"0":"post-95150","1":"post","2":"type-post","3":"status-publish","4":"format-standard","5":"has-post-thumbnail","7":"category-zinas-no-arvalstim","8":"tag-aktualitates","9":"tag-arvalstim","10":"tag-breaking-news","11":"tag-breakingnews","12":"tag-featured-news","13":"tag-featurednews","14":"tag-headlines","15":"tag-latest-news","16":"tag-latestnews","17":"tag-latvia","18":"tag-latvian","19":"tag-latviesu","20":"tag-latviesu-valoda","21":"tag-latviesuvaloda","22":"tag-latvija","23":"tag-lv","24":"tag-news","25":"tag-popularakas-zinas","26":"tag-popularakaszinas","27":"tag-top-stories","28":"tag-topstories","29":"tag-world","30":"tag-world-news","31":"tag-worldnews","32":"tag-zinas","33":"tag-zinas-no-arvalstim"},"share_on_mastodon":{"url":"https:\/\/pubeurope.com\/@lv\/115842499580129974","error":""},"_links":{"self":[{"href":"https:\/\/www.europesays.com\/lv\/wp-json\/wp\/v2\/posts\/95150","targetHints":{"allow":["GET"]}}],"collection":[{"href":"https:\/\/www.europesays.com\/lv\/wp-json\/wp\/v2\/posts"}],"about":[{"href":"https:\/\/www.europesays.com\/lv\/wp-json\/wp\/v2\/types\/post"}],"author":[{"embeddable":true,"href":"https:\/\/www.europesays.com\/lv\/wp-json\/wp\/v2\/users\/2"}],"replies":[{"embeddable":true,"href":"https:\/\/www.europesays.com\/lv\/wp-json\/wp\/v2\/comments?post=95150"}],"version-history":[{"count":0,"href":"https:\/\/www.europesays.com\/lv\/wp-json\/wp\/v2\/posts\/95150\/revisions"}],"wp:featuredmedia":[{"embeddable":true,"href":"https:\/\/www.europesays.com\/lv\/wp-json\/wp\/v2\/media\/95151"}],"wp:attachment":[{"href":"https:\/\/www.europesays.com\/lv\/wp-json\/wp\/v2\/media?parent=95150"}],"wp:term":[{"taxonomy":"category","embeddable":true,"href":"https:\/\/www.europesays.com\/lv\/wp-json\/wp\/v2\/categories?post=95150"},{"taxonomy":"post_tag","embeddable":true,"href":"https:\/\/www.europesays.com\/lv\/wp-json\/wp\/v2\/tags?post=95150"}],"curies":[{"name":"wp","href":"https:\/\/api.w.org\/{rel}","templated":true}]}}